{"id":105686,"date":"2023-03-01T14:29:10","date_gmt":"2023-03-01T17:29:10","guid":{"rendered":"https:\/\/tvtecjundiai.com.br\/news\/?p=105686"},"modified":"2023-03-01T14:37:55","modified_gmt":"2023-03-01T17:37:55","slug":"artigos-de-croche-e-bordados-fazem-sucesso-no-galpao-criativo","status":"publish","type":"post","link":"https:\/\/tvtecjundiai.com.br\/news\/2023\/03\/01\/artigos-de-croche-e-bordados-fazem-sucesso-no-galpao-criativo\/","title":{"rendered":"Artigos de croch\u00ea e bordados fazem sucesso no Galp\u00e3o Criativo"},"content":{"rendered":"\n<p>A 2\u00aa Mostra T\u00f4 Dentro, realizada no Galp\u00e3o Criativo nos dias 25 e 26 de fevereiro, contribuiu para o fomento \u00e0 economia criativa em Jundia\u00ed e deixou os participantes muito satisfeitos. A iniciativa \u00e9 da Prefeitura de Jundia\u00ed e da Funda\u00e7\u00e3o Escola TVTEC Jundia\u00ed. <\/p>\n\n\n\n<p>No segmento de croch\u00ea e bordados, a empres\u00e1ria Adriana Boschini, do Ateli\u00ea Adriana Boschini, se emocionou com a atmosfera do evento. Ela participa do encontro pela segunda vez. &#8220;O ambiente \u00e9 alegre e a energia presente no Galp\u00e3o Criativo faz a gente se sentir em casa, em fam\u00edlia. Me emocionei muito com a oportunidade de mostrar o meu trabalho e ser reconhecida, principalmente por mam\u00e3es que procuram pe\u00e7as para enxoval de beb\u00ea&#8221;.<\/p>\n\n\n\n<p>Adriana explica que a procura por pe\u00e7as bordadas tem aumentado. &#8220;O bordado \u00e9 um diferencial para quem gosta de pe\u00e7as exclusivas. Por ser um produto artesanal, cada pe\u00e7a fica com o jeito do cliente&#8221;, diz.<\/p>\n\n\n<div class=\"wp-block-image\">\n<figure class=\"aligncenter size-large is-resized\"><img loading=\"lazy\" decoding=\"async\" src=\"https:\/\/tvtecjundiai.com.br\/news\/wp-content\/uploads\/sites\/2\/2023\/03\/WhatsApp-Image-2023-03-01-at-12.07.57-1-1200x800.jpeg\" alt=\"\" class=\"wp-image-105693\" width=\"672\" height=\"448\" srcset=\"https:\/\/tvtecjundiai.com.br\/news\/wp-content\/uploads\/sites\/2\/2023\/03\/WhatsApp-Image-2023-03-01-at-12.07.57-1-1200x800.jpeg 1200w, https:\/\/tvtecjundiai.com.br\/news\/wp-content\/uploads\/sites\/2\/2023\/03\/WhatsApp-Image-2023-03-01-at-12.07.57-1-300x200.jpeg 300w, https:\/\/tvtecjundiai.com.br\/news\/wp-content\/uploads\/sites\/2\/2023\/03\/WhatsApp-Image-2023-03-01-at-12.07.57-1-768x512.jpeg 768w, https:\/\/tvtecjundiai.com.br\/news\/wp-content\/uploads\/sites\/2\/2023\/03\/WhatsApp-Image-2023-03-01-at-12.07.57-1.jpeg 1280w\" sizes=\"auto, (max-width: 672px) 100vw, 672px\" \/><figcaption class=\"wp-element-caption\">Adriana Boschini participou pela segunda vez do Galp\u00e3o Criativo<\/figcaption><\/figure>\n<\/div>\n\n\n<p><\/p>\n\n\n\n<p>Participar do Programa de Qualifica\u00e7\u00e3o de Talentos nas \u00e1reas da economia criativa foi essencial para a empres\u00e1ria. &#8220;A qualifica\u00e7\u00e3o proporcionada pela TVTEC tem me ajudado a ter uma postura e vis\u00e3o empreendedoras, mostrando que sou capaz e ajudando no meu desenvolvimento pessoal&#8221;, afirma Adriana.<\/p>\n\n\n\n<p>C\u00e9lia Regina Formagin, do Quintal do Croch\u00ea, fala sobre a curiosidade dos visitantes do Galp\u00e3o Criativo. &#8220;Por ser um evento promovido pela Prefeitura de Jundia\u00ed e TVTEC, as pessoas ficam curiosas para conhecer o espa\u00e7o. Foi \u00f3timo participar com meu trabalho, pois a procura por croch\u00ea e bordados tem aumentado e essa \u00e9 uma maneira eficiente de mostrar o que fazemos&#8221;.<\/p>\n\n\n\n<p>&#8220;Todo esse apoio e acolhida que a TVTEC tem nos dado com cursos e qualifica\u00e7\u00f5es \u00e9 muito importante e valioso. Sou muito grata pelas oportunidades que o Galp\u00e3o tem proporcionado&#8221;, afirma C\u00e9lia. <\/p>\n\n\n<div class=\"wp-block-image\">\n<figure class=\"aligncenter size-large is-resized\"><img loading=\"lazy\" decoding=\"async\" src=\"https:\/\/tvtecjundiai.com.br\/news\/wp-content\/uploads\/sites\/2\/2023\/03\/WhatsApp-Image-2023-03-01-at-12.07.57-2-1200x845.jpeg\" alt=\"\" class=\"wp-image-105694\" width=\"657\" height=\"462\" srcset=\"https:\/\/tvtecjundiai.com.br\/news\/wp-content\/uploads\/sites\/2\/2023\/03\/WhatsApp-Image-2023-03-01-at-12.07.57-2-1200x845.jpeg 1200w, https:\/\/tvtecjundiai.com.br\/news\/wp-content\/uploads\/sites\/2\/2023\/03\/WhatsApp-Image-2023-03-01-at-12.07.57-2-300x211.jpeg 300w, https:\/\/tvtecjundiai.com.br\/news\/wp-content\/uploads\/sites\/2\/2023\/03\/WhatsApp-Image-2023-03-01-at-12.07.57-2-768x541.jpeg 768w, https:\/\/tvtecjundiai.com.br\/news\/wp-content\/uploads\/sites\/2\/2023\/03\/WhatsApp-Image-2023-03-01-at-12.07.57-2.jpeg 1280w\" sizes=\"auto, (max-width: 657px) 100vw, 657px\" \/><figcaption class=\"wp-element-caption\">C\u00e9lia Regina Formagin mostrou a arte do croch\u00ea aos participantes<\/figcaption><\/figure>\n<\/div>\n\n\n<p><\/p>\n\n\n\n<p>T\u00e2nia Regina Da P\u00f3s Karolski, propriet\u00e1ria da T\u00e2nia Karolski Artesanatos, passou a enxergar o croch\u00ea de outra forma, gra\u00e7as ao Galp\u00e3o Criativo. &#8220;Passei a ver as bolsas, chap\u00e9us, chaveiros e outros itens que fa\u00e7o n\u00e3o s\u00f3 como um trabalho manual para desestressar, mas como uma oportunidade de transforma\u00e7\u00e3o, tanto para vendas quanto para melhorar a cada dia e conquistar mais clientes&#8221;, explica.<\/p>\n\n\n\n<p>&#8220;Sem a oportunidade incr\u00edvel de participar do Galp\u00e3o, eu n\u00e3o teria visto que era poss\u00edvel transformar o meu hobby em uma atividade rent\u00e1vel e com chances de crescimento! Sou muito grata&#8221;, diz a artes\u00e3.<\/p>\n\n\n<div class=\"wp-block-image\">\n<figure class=\"aligncenter size-large is-resized\"><img loading=\"lazy\" decoding=\"async\" src=\"https:\/\/tvtecjundiai.com.br\/news\/wp-content\/uploads\/sites\/2\/2023\/03\/WhatsApp-Image-2023-03-01-at-12.07.57-3-1200x800.jpeg\" alt=\"\" class=\"wp-image-105695\" width=\"657\" height=\"438\" srcset=\"https:\/\/tvtecjundiai.com.br\/news\/wp-content\/uploads\/sites\/2\/2023\/03\/WhatsApp-Image-2023-03-01-at-12.07.57-3-1200x800.jpeg 1200w, https:\/\/tvtecjundiai.com.br\/news\/wp-content\/uploads\/sites\/2\/2023\/03\/WhatsApp-Image-2023-03-01-at-12.07.57-3-300x200.jpeg 300w, https:\/\/tvtecjundiai.com.br\/news\/wp-content\/uploads\/sites\/2\/2023\/03\/WhatsApp-Image-2023-03-01-at-12.07.57-3-768x512.jpeg 768w, https:\/\/tvtecjundiai.com.br\/news\/wp-content\/uploads\/sites\/2\/2023\/03\/WhatsApp-Image-2023-03-01-at-12.07.57-3.jpeg 1280w\" sizes=\"auto, (max-width: 657px) 100vw, 657px\" \/><figcaption class=\"wp-element-caption\">T\u00e2nia Regina Da P\u00f3s Karolski viu que era poss\u00edvel transformar o croch\u00ea, um hobby, em atividade rent\u00e1vel<\/figcaption><\/figure>\n<\/div>\n\n\n<p><\/p>\n\n\n\n<p>Todas as informa\u00e7\u00f5es sobre o Galp\u00e3o Criativo podem ser obtidas no Instagram oficial do evento, o <a href=\"https:\/\/www.instagram.com\/galpaocriativojundiai\/\" data-type=\"URL\" data-id=\"https:\/\/www.instagram.com\/galpaocriativojundiai\/\">@galpaocriativojundiai<\/a>. <\/p>\n\n\n\n<p><strong><em>(Fonte\/Imagens: TVTEC Jundia\u00ed)<\/em><\/strong><\/p>\n","protected":false},"excerpt":{"rendered":"<p>Criativos mostraram o poder do croch\u00ea e do bordado como gera\u00e7\u00e3o de renda <\/p>\n","protected":false},"author":30,"featured_media":105693,"comment_status":"closed","ping_status":"0","sticky":false,"template":"","format":"standard","meta":{"footnotes":""},"categories":[29,8408,8356,1],"tags":[],"class_list":["post-105686","post","type-post","status-publish","format-standard","has-post-thumbnail","hentry","category-destaque","category-galpao-criativo","category-jundiai","category-noticias"],"_links":{"self":[{"href":"https:\/\/tvtecjundiai.com.br\/news\/wp-json\/wp\/v2\/posts\/105686","targetHints":{"allow":["GET"]}}],"collection":[{"href":"https:\/\/tvtecjundiai.com.br\/news\/wp-json\/wp\/v2\/posts"}],"about":[{"href":"https:\/\/tvtecjundiai.com.br\/news\/wp-json\/wp\/v2\/types\/post"}],"author":[{"embeddable":true,"href":"https:\/\/tvtecjundiai.com.br\/news\/wp-json\/wp\/v2\/users\/30"}],"replies":[{"embeddable":true,"href":"https:\/\/tvtecjundiai.com.br\/news\/wp-json\/wp\/v2\/comments?post=105686"}],"version-history":[{"count":9,"href":"https:\/\/tvtecjundiai.com.br\/news\/wp-json\/wp\/v2\/posts\/105686\/revisions"}],"predecessor-version":[{"id":105704,"href":"https:\/\/tvtecjundiai.com.br\/news\/wp-json\/wp\/v2\/posts\/105686\/revisions\/105704"}],"wp:featuredmedia":[{"embeddable":true,"href":"https:\/\/tvtecjundiai.com.br\/news\/wp-json\/wp\/v2\/media\/105693"}],"wp:attachment":[{"href":"https:\/\/tvtecjundiai.com.br\/news\/wp-json\/wp\/v2\/media?parent=105686"}],"wp:term":[{"taxonomy":"category","embeddable":true,"href":"https:\/\/tvtecjundiai.com.br\/news\/wp-json\/wp\/v2\/categories?post=105686"},{"taxonomy":"post_tag","embeddable":true,"href":"https:\/\/tvtecjundiai.com.br\/news\/wp-json\/wp\/v2\/tags?post=105686"}],"curies":[{"name":"wp","href":"https:\/\/api.w.org\/{rel}","templated":true}]}}