{"id":105880,"date":"2023-03-04T11:08:35","date_gmt":"2023-03-04T14:08:35","guid":{"rendered":"https:\/\/tvtecjundiai.com.br\/news\/?p=105880"},"modified":"2023-03-04T11:09:04","modified_gmt":"2023-03-04T14:09:04","slug":"prefeito-abre-a-feira-do-empreendedor-e-confirma-proxima-edicao","status":"publish","type":"post","link":"https:\/\/tvtecjundiai.com.br\/news\/2023\/03\/04\/prefeito-abre-a-feira-do-empreendedor-e-confirma-proxima-edicao\/","title":{"rendered":"Prefeito abre a Feira do Empreendedor e confirma pr\u00f3xima edi\u00e7\u00e3o"},"content":{"rendered":"\n<p>A segunda edi\u00e7\u00e3o da Feira do Empreendedor, Neg\u00f3cios e Servi\u00e7os (FENS) 2023 foi aberta oficialmente nesta sexta (3), no Parque Comendador Ant\u00f4nio Carbonari, com uma not\u00edcia dada pelo prefeito Luiz Fernando Machado que deixou todos muito animados: uma nova feira j\u00e1 esta sendo preparada para acontecer ainda este ano.<\/p>\n\n\n\n<p>\u201cEssa iniciativa \u00e9 importante, porque a circula\u00e7\u00e3o dos recursos fica na cidade, gera empregos e renda. S\u00e3o 440 fam\u00edlias que estar\u00e3o representadas aqui pelos expositores, nos dois finais de semana\u201d, ressaltou.<\/p>\n\n\n\n<p>\u201cEstamos abertos a construir algo sempre melhor. O Jundia\u00ed Empreendedora \u00e9 um modelo de sucesso para o Brasil e este espa\u00e7o, que acabou de receber uma bel\u00edssima Festa da Uva, tem identidade com as pessoas e precisa ser ocupado. Somos um time, pois n\u00e3o h\u00e1 nada que se fa\u00e7a sem equipe. Quando a gente d\u00e1 as m\u00e3os, quem ganha s\u00e3o as pessoas\u201d, completou Luiz Fernando.<\/p>\n\n\n\n<p>O gestor de Governo e Finan\u00e7as, Jos\u00e9 Antonio Parimoschi, definiu o Parque da Uva nos pr\u00f3ximos dois finais de semana como o \u201cespa\u00e7o para a felicidade\u201d. \u201cQuem faz a economia s\u00e3o todos voc\u00eas, aqui, com essa capacidade para gerar neg\u00f3cios e oportunidades. Por isso Jundia\u00ed \u00e9 essa pot\u00eancia econ\u00f4mica, a 15\u00aa no ranking das melhores do Brasil, e o prefeito Luiz Fernando \u00e9 o grande propositor deste modelo implantado na cidade. \u00c9 o CEO do munic\u00edpio\u201d.<\/p>\n\n\n\n<figure class=\"wp-block-image size-large is-resized\"><img loading=\"lazy\" decoding=\"async\" src=\"https:\/\/tvtecjundiai.com.br\/news\/wp-content\/uploads\/sites\/2\/2023\/03\/luiz-fernando-machado-abertura-2-fens-feira-do-empreendedor-negocios-e-servicos_fm_-80-1280x854-1-1200x801.jpg\" alt=\"\" class=\"wp-image-105881\" width=\"840\" height=\"560\" srcset=\"https:\/\/tvtecjundiai.com.br\/news\/wp-content\/uploads\/sites\/2\/2023\/03\/luiz-fernando-machado-abertura-2-fens-feira-do-empreendedor-negocios-e-servicos_fm_-80-1280x854-1-1200x801.jpg 1200w, https:\/\/tvtecjundiai.com.br\/news\/wp-content\/uploads\/sites\/2\/2023\/03\/luiz-fernando-machado-abertura-2-fens-feira-do-empreendedor-negocios-e-servicos_fm_-80-1280x854-1-300x200.jpg 300w, https:\/\/tvtecjundiai.com.br\/news\/wp-content\/uploads\/sites\/2\/2023\/03\/luiz-fernando-machado-abertura-2-fens-feira-do-empreendedor-negocios-e-servicos_fm_-80-1280x854-1-768x512.jpg 768w, https:\/\/tvtecjundiai.com.br\/news\/wp-content\/uploads\/sites\/2\/2023\/03\/luiz-fernando-machado-abertura-2-fens-feira-do-empreendedor-negocios-e-servicos_fm_-80-1280x854-1.jpg 1280w\" sizes=\"auto, (max-width: 840px) 100vw, 840px\" \/><figcaption class=\"wp-element-caption\">Abertura da Fens foi realizada na manh\u00e3 desta sexta-feira (03)<br><\/figcaption><\/figure>\n\n\n\n<p><strong>Refer\u00eancia<\/strong><\/p>\n\n\n\n<p>Idealizador da FENS, o gestor de Desenvolvimento Econ\u00f4mico, Ci\u00eancia e Tecnologia, Cristiano Lopes, refor\u00e7ou o momento que o empreendedorismo local tem vivido na cidade. \u201c\u00c9 uma a\u00e7\u00e3o que faz a diferen\u00e7a na vida das pessoas. Agrade\u00e7o por voc\u00eas terem acreditado neste projeto e tamb\u00e9m \u00e0s demais unidades do governo que nos ajudaram. Todos est\u00e3o trabalhando com muito carinho pela valoriza\u00e7\u00e3o do com\u00e9rcio local, principalmente dos pequenos e microempreendedores. Jundia\u00ed j\u00e1 \u00e9 uma refer\u00eancia no empreendedorismo\u201d.<\/p>\n\n\n\n<p>Em nome dos empreendedores, Roberto Maciel resumiu o sentimento de quem participa da FENS. \u201cPara n\u00f3s, apenas uma palavra simboliza tudo isso que estamos vivendo: gratid\u00e3o\u201d.<\/p>\n\n\n\n<p>Participaram ainda gestores e diretores do governo municipal, representantes de entidades ligadas ao setor econ\u00f4mico (ACE Jundia\u00ed, CDL, Senac, Sebrae, Ciesp). Da C\u00e2mara Municipal, estiveram presentes na solenidade o presidente Ant\u00f4nio Carlos Albino e os vereadores Adilson Juninho, Madson, M\u00e1rcio Cabeleireiro, Jos\u00e9 Ant\u00f4nio Kachan Junior, Romildo Ant\u00f4nio, Daniel Lemos e Qu\u00e9zia de Lucca.<\/p>\n\n\n\n<p>A FENS segue neste s\u00e1bado (4) e domingo (5), com abertura dos port\u00f5es \u00e0s 9h. Est\u00e3o programados shows, apresenta\u00e7\u00f5es culturais e art\u00edsticas, \u00e1rea exclusiva para as crian\u00e7as, espa\u00e7o gastron\u00f4mico com 25 food trucks e v\u00e1rias atra\u00e7\u00f5es. A entrada \u00e9 gratuita.<\/p>\n\n\n\n<p>No pr\u00f3ximo final de semana (10, 11 e 12) tamb\u00e9m haver\u00e1 programa\u00e7\u00e3o completa. Para mais informa\u00e7\u00f5es e descontos exclusivos, acesse: https:\/\/jundiai.sp.gov.br\/fens\/.<\/p>\n\n\n\n<p><strong><em>(Fonte\/Imagem: Prefeitura de Jundia\u00ed)<\/em><\/strong><\/p>\n","protected":false},"excerpt":{"rendered":"<p>O prefeito Luiz Fernando Machado que deixou todos muito animados com a not\u00edcia<\/p>\n","protected":false},"author":24,"featured_media":105881,"comment_status":"closed","ping_status":"0","sticky":false,"template":"","format":"standard","meta":{"footnotes":""},"categories":[1],"tags":[],"class_list":["post-105880","post","type-post","status-publish","format-standard","has-post-thumbnail","hentry","category-noticias"],"_links":{"self":[{"href":"https:\/\/tvtecjundiai.com.br\/news\/wp-json\/wp\/v2\/posts\/105880","targetHints":{"allow":["GET"]}}],"collection":[{"href":"https:\/\/tvtecjundiai.com.br\/news\/wp-json\/wp\/v2\/posts"}],"about":[{"href":"https:\/\/tvtecjundiai.com.br\/news\/wp-json\/wp\/v2\/types\/post"}],"author":[{"embeddable":true,"href":"https:\/\/tvtecjundiai.com.br\/news\/wp-json\/wp\/v2\/users\/24"}],"replies":[{"embeddable":true,"href":"https:\/\/tvtecjundiai.com.br\/news\/wp-json\/wp\/v2\/comments?post=105880"}],"version-history":[{"count":2,"href":"https:\/\/tvtecjundiai.com.br\/news\/wp-json\/wp\/v2\/posts\/105880\/revisions"}],"predecessor-version":[{"id":105883,"href":"https:\/\/tvtecjundiai.com.br\/news\/wp-json\/wp\/v2\/posts\/105880\/revisions\/105883"}],"wp:featuredmedia":[{"embeddable":true,"href":"https:\/\/tvtecjundiai.com.br\/news\/wp-json\/wp\/v2\/media\/105881"}],"wp:attachment":[{"href":"https:\/\/tvtecjundiai.com.br\/news\/wp-json\/wp\/v2\/media?parent=105880"}],"wp:term":[{"taxonomy":"category","embeddable":true,"href":"https:\/\/tvtecjundiai.com.br\/news\/wp-json\/wp\/v2\/categories?post=105880"},{"taxonomy":"post_tag","embeddable":true,"href":"https:\/\/tvtecjundiai.com.br\/news\/wp-json\/wp\/v2\/tags?post=105880"}],"curies":[{"name":"wp","href":"https:\/\/api.w.org\/{rel}","templated":true}]}}