{"id":105884,"date":"2023-03-04T12:36:15","date_gmt":"2023-03-04T15:36:15","guid":{"rendered":"https:\/\/tvtecjundiai.com.br\/news\/?p=105884"},"modified":"2023-03-04T13:45:17","modified_gmt":"2023-03-04T16:45:17","slug":"programacao-especial-do-mes-da-mulher-marca-primeiro-sexta-no-centro-do-ano","status":"publish","type":"post","link":"https:\/\/tvtecjundiai.com.br\/news\/2023\/03\/04\/programacao-especial-do-mes-da-mulher-marca-primeiro-sexta-no-centro-do-ano\/","title":{"rendered":"Programa\u00e7\u00e3o especial do M\u00eas da Mulher marca primeiro \u2018Sexta no Centro\u2019 do ano"},"content":{"rendered":"\n<p>Com uma homenagem especial ao M\u00eas da Mulher, a primeira edi\u00e7\u00e3o do ano do \u201cSexta no Centro\u201d foi realizada nessa sexta-feira (03), na Pra\u00e7a Marechal Floriano Peixoto (Pra\u00e7a do Coreto), e abriu ainda a&nbsp;<a href=\"https:\/\/mulher.jundiai.sp.gov.br\/programacao-especial-mes-da-mulher\/\" target=\"_blank\" rel=\"noreferrer noopener\">programa\u00e7\u00e3o tem\u00e1tica das a\u00e7\u00f5es na cidade<\/a>.<\/p>\n\n\n\n<p>Al\u00e9m da realiza\u00e7\u00e3o das Unidades de Gest\u00e3o de Cultura (UGC) e de Agroneg\u00f3cio, Abastecimento e Turismo (UGAAT), esta edi\u00e7\u00e3o contou com a participa\u00e7\u00e3o da Casa Civil, por meio da Assessoria de Pol\u00edticas para as Mulheres.<\/p>\n\n\n\n<p>\u201cRetomamos hoje com o Sexta no Centro, uma importante a\u00e7\u00e3o mensal marcada para todas as primeiras sextas-feiras do m\u00eas ao longo do ano, com a exce\u00e7\u00e3o de abril, por conta da P\u00e1scoa, quando a a\u00e7\u00e3o ser\u00e1 na segunda sexta-feira. Trata-se de uma programa\u00e7\u00e3o muito aguardada e apreciada pelo p\u00fablico e pelo com\u00e9rcio da regi\u00e3o central, e que \u00e9 realizada na Pra\u00e7a do Coreto, muito pr\u00f3xima \u00e0 rua Bar\u00e3o de Jundia\u00ed, um importante corredor cultural da cidade\u201d, comentou o diretor de Cultura da UGC, Jo\u00e3o Carlos De Luca.<\/p>\n\n\n\n<figure class=\"wp-block-image size-large\"><img loading=\"lazy\" decoding=\"async\" width=\"1200\" height=\"801\" src=\"https:\/\/tvtecjundiai.com.br\/news\/wp-content\/uploads\/sites\/2\/2023\/03\/sexta-no-centro-especial-dia-das-mulheres_fm_-1-1280x854-1-1200x801.jpg\" alt=\"\" class=\"wp-image-105885\" srcset=\"https:\/\/tvtecjundiai.com.br\/news\/wp-content\/uploads\/sites\/2\/2023\/03\/sexta-no-centro-especial-dia-das-mulheres_fm_-1-1280x854-1-1200x801.jpg 1200w, https:\/\/tvtecjundiai.com.br\/news\/wp-content\/uploads\/sites\/2\/2023\/03\/sexta-no-centro-especial-dia-das-mulheres_fm_-1-1280x854-1-300x200.jpg 300w, https:\/\/tvtecjundiai.com.br\/news\/wp-content\/uploads\/sites\/2\/2023\/03\/sexta-no-centro-especial-dia-das-mulheres_fm_-1-1280x854-1-768x512.jpg 768w, https:\/\/tvtecjundiai.com.br\/news\/wp-content\/uploads\/sites\/2\/2023\/03\/sexta-no-centro-especial-dia-das-mulheres_fm_-1-1280x854-1.jpg 1280w\" sizes=\"auto, (max-width: 1200px) 100vw, 1200px\" \/><figcaption class=\"wp-element-caption\">Programa\u00e7\u00e3o musical trouxe bandas com mulheres como protagonistas, como as Manas em Roda<br><\/figcaption><\/figure>\n\n\n\n<p>A assessora de Pol\u00edticas para as Mulheres, Penha Maria Camunhas Martins, refor\u00e7ou a import\u00e2ncia da iniciativa. \u201cEsta atividade tem\u00e1tica na \u2018Sexta no Centro\u2019 abre um espa\u00e7o importante de integra\u00e7\u00e3o entre as fam\u00edlias, divulga\u00e7\u00e3o do tema e uma forma de afirma\u00e7\u00e3o e autoafirma\u00e7\u00e3o das mulheres presentes. O movimento do p\u00fablico e os di\u00e1logos que pudemos estabelecer demonstram o interesse pelo tema e a consci\u00eancia da sociedade a respeito\u201d.<\/p>\n\n\n\n<p>A programa\u00e7\u00e3o contou, na abertura, com uma apresenta\u00e7\u00e3o da subinspetora Adriana Camargo, que \u00e9 a respons\u00e1vel pela Patrulha Guardi\u00e3 Maria da Penha da Guarda Municipal de Jundia\u00ed (GMJ) e que abordou a atua\u00e7\u00e3o do grupo nos \u00faltimos anos em prol de v\u00edtimas de viol\u00eancia.<\/p>\n\n\n\n<p>J\u00e1 a programa\u00e7\u00e3o cultural e musical ficou por conta de bandas protagonizadas por mulheres, como o samba do grupo Manas em Roda; o show de grandes sucessos \u201cRomances\u201d, da banda Lado B; e, para encerrar, o show de cl\u00e1ssicos Ladies of Rock.<\/p>\n\n\n\n<p>Tamb\u00e9m marcaram presen\u00e7a na Pra\u00e7a os permission\u00e1rios das feiras e varej\u00f5es municipais e os artistas do programa Jundia\u00ed feito \u00e0 M\u00e3o, para a exposi\u00e7\u00e3o e venda de artesanatos.<\/p>\n\n\n\n<p>A assistente de manufatura J\u00e9ssica Oliveira, moradora do Cidade Jardim, foi ao Centro acompanhada das filhas Manuella (nove anos), Vit\u00f3ria (quatro) e Sophie (dois) para trocar um cal\u00e7ado, mas quando viu que haveria \u201cSexta no Centro\u201d, ligou para a m\u00e3e Nerli, que se deslocou prontamente.<\/p>\n\n\n\n<p>\u201cN\u00f3s participamos de todas as edi\u00e7\u00f5es e ficamos felizes em saber sobre o tema deste m\u00eas. Tratar do M\u00eas da Mulher \u00e9 uma forma de prevenir e enfrentar viol\u00eancias, al\u00e9m de garantir igualdade na sociedade. Este \u00faltimo \u00e9 um tema que abordamos muito em casa, pois a Vit\u00f3ria \u00e9 uma crian\u00e7a especial. Por isso sempre falamos sobre a import\u00e2ncia de se conviver com a diferen\u00e7a para que o respeito seja com todos\u201d, comentou J\u00e9ssica.<\/p>\n\n\n\n<figure class=\"wp-block-image size-large\"><img loading=\"lazy\" decoding=\"async\" width=\"1200\" height=\"801\" src=\"https:\/\/tvtecjundiai.com.br\/news\/wp-content\/uploads\/sites\/2\/2023\/03\/sexta-no-centro-especial-dia-das-mulheres_fm_-18-1280x854-1-1200x801.jpg\" alt=\"\" class=\"wp-image-105886\" srcset=\"https:\/\/tvtecjundiai.com.br\/news\/wp-content\/uploads\/sites\/2\/2023\/03\/sexta-no-centro-especial-dia-das-mulheres_fm_-18-1280x854-1-1200x801.jpg 1200w, https:\/\/tvtecjundiai.com.br\/news\/wp-content\/uploads\/sites\/2\/2023\/03\/sexta-no-centro-especial-dia-das-mulheres_fm_-18-1280x854-1-300x200.jpg 300w, https:\/\/tvtecjundiai.com.br\/news\/wp-content\/uploads\/sites\/2\/2023\/03\/sexta-no-centro-especial-dia-das-mulheres_fm_-18-1280x854-1-768x512.jpg 768w, https:\/\/tvtecjundiai.com.br\/news\/wp-content\/uploads\/sites\/2\/2023\/03\/sexta-no-centro-especial-dia-das-mulheres_fm_-18-1280x854-1.jpg 1280w\" sizes=\"auto, (max-width: 1200px) 100vw, 1200px\" \/><figcaption class=\"wp-element-caption\">Vit\u00f3ria, J\u00e9ssica, Sophie, Manuella e Nerli: as mulheres da fam\u00edlia marcaram presen\u00e7a na Pra\u00e7a<br><\/figcaption><\/figure>\n\n\n\n<p><strong><em>(Fonte\/Imagem: Prefeitura de Jundia\u00ed)<\/em><\/strong><\/p>\n","protected":false},"excerpt":{"rendered":"<p>Programa\u00e7\u00e3o musical trouxe bandas com mulheres como protagonistas<\/p>\n","protected":false},"author":24,"featured_media":105885,"comment_status":"closed","ping_status":"0","sticky":false,"template":"","format":"standard","meta":{"footnotes":""},"categories":[1],"tags":[],"class_list":["post-105884","post","type-post","status-publish","format-standard","has-post-thumbnail","hentry","category-noticias"],"_links":{"self":[{"href":"https:\/\/tvtecjundiai.com.br\/news\/wp-json\/wp\/v2\/posts\/105884","targetHints":{"allow":["GET"]}}],"collection":[{"href":"https:\/\/tvtecjundiai.com.br\/news\/wp-json\/wp\/v2\/posts"}],"about":[{"href":"https:\/\/tvtecjundiai.com.br\/news\/wp-json\/wp\/v2\/types\/post"}],"author":[{"embeddable":true,"href":"https:\/\/tvtecjundiai.com.br\/news\/wp-json\/wp\/v2\/users\/24"}],"replies":[{"embeddable":true,"href":"https:\/\/tvtecjundiai.com.br\/news\/wp-json\/wp\/v2\/comments?post=105884"}],"version-history":[{"count":2,"href":"https:\/\/tvtecjundiai.com.br\/news\/wp-json\/wp\/v2\/posts\/105884\/revisions"}],"predecessor-version":[{"id":105897,"href":"https:\/\/tvtecjundiai.com.br\/news\/wp-json\/wp\/v2\/posts\/105884\/revisions\/105897"}],"wp:featuredmedia":[{"embeddable":true,"href":"https:\/\/tvtecjundiai.com.br\/news\/wp-json\/wp\/v2\/media\/105885"}],"wp:attachment":[{"href":"https:\/\/tvtecjundiai.com.br\/news\/wp-json\/wp\/v2\/media?parent=105884"}],"wp:term":[{"taxonomy":"category","embeddable":true,"href":"https:\/\/tvtecjundiai.com.br\/news\/wp-json\/wp\/v2\/categories?post=105884"},{"taxonomy":"post_tag","embeddable":true,"href":"https:\/\/tvtecjundiai.com.br\/news\/wp-json\/wp\/v2\/tags?post=105884"}],"curies":[{"name":"wp","href":"https:\/\/api.w.org\/{rel}","templated":true}]}}