{"id":105929,"date":"2023-03-06T10:06:20","date_gmt":"2023-03-06T13:06:20","guid":{"rendered":"https:\/\/tvtecjundiai.com.br\/news\/?p=105929"},"modified":"2023-03-06T10:06:22","modified_gmt":"2023-03-06T13:06:22","slug":"clima-abafado-e-pancadas-de-chuva-continuam-esta-semana-em-jundiai-3","status":"publish","type":"post","link":"https:\/\/tvtecjundiai.com.br\/news\/2023\/03\/06\/clima-abafado-e-pancadas-de-chuva-continuam-esta-semana-em-jundiai-3\/","title":{"rendered":"Clima abafado e pancadas de chuva continuam esta semana em Jundia\u00ed"},"content":{"rendered":"\n<p>Neste in\u00edcio de mar\u00e7o, os dias continuam abafados e com pancadas de chuva em Jundia\u00ed. Segundo o Climatempo, os term\u00f4metros devem ficar entre 18\u00b0C e 31\u00b0C.<\/p>\n\n\n\n<p>Nesta segunda-feira (6), o dia deve ser de sol com muitas nuvens e pancadas de chuva \u00e0 tarde e \u00e0 noite, que devem somar 25mm. Os term\u00f4metros marcam entre 18\u00b0C e 29\u00b0C.<\/p>\n\n\n<div class=\"wp-block-image\">\n<figure class=\"aligncenter size-large is-resized\"><img loading=\"lazy\" decoding=\"async\" src=\"https:\/\/tvtecjundiai.com.br\/news\/wp-content\/uploads\/sites\/2\/2023\/03\/WhatsApp-Image-2023-03-06-at-10.02.53-1200x900.jpeg\" alt=\"\" class=\"wp-image-105930\" width=\"794\" height=\"596\" srcset=\"https:\/\/tvtecjundiai.com.br\/news\/wp-content\/uploads\/sites\/2\/2023\/03\/WhatsApp-Image-2023-03-06-at-10.02.53-1200x900.jpeg 1200w, https:\/\/tvtecjundiai.com.br\/news\/wp-content\/uploads\/sites\/2\/2023\/03\/WhatsApp-Image-2023-03-06-at-10.02.53-300x225.jpeg 300w, https:\/\/tvtecjundiai.com.br\/news\/wp-content\/uploads\/sites\/2\/2023\/03\/WhatsApp-Image-2023-03-06-at-10.02.53-768x576.jpeg 768w, https:\/\/tvtecjundiai.com.br\/news\/wp-content\/uploads\/sites\/2\/2023\/03\/WhatsApp-Image-2023-03-06-at-10.02.53.jpeg 1280w\" sizes=\"auto, (max-width: 794px) 100vw, 794px\" \/><\/figure>\n<\/div>\n\n\n<p><\/p>\n\n\n\n<p><strong>Confira a previs\u00e3o detalhada na cidade, de acordo com o Climatempo<\/strong><\/p>\n\n\n\n<p><strong>Ter\u00e7a-feira (7):\u00a0<\/strong>Sol com algumas nuvens e chove r\u00e1pido durante o dia e \u00e0 noite, que devem somar 15mm. Os term\u00f4metros ficam entre 19\u00b0C e 30\u00b0C.<\/p>\n\n\n\n<p><strong>Quarta-feira (8):\u00a0<\/strong>Sol com algumas nuvens pela manh\u00e3 e pancadas de chuva durante o dia e \u00e0 noite, que devem somar 15mm. A temperatura fica entre 20\u00b0C e 31\u00b0C.<\/p>\n\n\n\n<p><strong>Quinta-feira (9):<\/strong>\u00a0Sol com aumento de nuvens pela manh\u00e3 e pancadas de chuva \u00e0 tarde e \u00e0 noite, que devem somar 15mm. Os term\u00f4metros ficam entre 20\u00b0C e 30\u00b0C.<\/p>\n\n\n\n<p><strong>Sexta-feira (10):<\/strong>\u00a0Sol com algumas nuvens durante o dia e chove r\u00e1pido durante o dia e \u00e0 noite, que devem somar 15mm. A temperatura fica entre 20\u00b0C e 29\u00b0C, atingindo a m\u00e1xima prevista para o fim de semana.<\/p>\n\n\n\n<p><em><strong>(Fonte\/Imagem: TVTEC Jundia\u00ed\/ Juliano Justino)<\/strong><\/em><\/p>\n","protected":false},"excerpt":{"rendered":"<p>Nesta segunda-feira (6), o dia deve ser de sol com muitas nuvens e pancadas de chuva \u00e0 tarde e \u00e0 noite<\/p>\n","protected":false},"author":30,"featured_media":105930,"comment_status":"closed","ping_status":"0","sticky":false,"template":"","format":"standard","meta":{"footnotes":""},"categories":[3185,8356,1],"tags":[],"class_list":["post-105929","post","type-post","status-publish","format-standard","has-post-thumbnail","hentry","category-clima","category-jundiai","category-noticias"],"_links":{"self":[{"href":"https:\/\/tvtecjundiai.com.br\/news\/wp-json\/wp\/v2\/posts\/105929","targetHints":{"allow":["GET"]}}],"collection":[{"href":"https:\/\/tvtecjundiai.com.br\/news\/wp-json\/wp\/v2\/posts"}],"about":[{"href":"https:\/\/tvtecjundiai.com.br\/news\/wp-json\/wp\/v2\/types\/post"}],"author":[{"embeddable":true,"href":"https:\/\/tvtecjundiai.com.br\/news\/wp-json\/wp\/v2\/users\/30"}],"replies":[{"embeddable":true,"href":"https:\/\/tvtecjundiai.com.br\/news\/wp-json\/wp\/v2\/comments?post=105929"}],"version-history":[{"count":2,"href":"https:\/\/tvtecjundiai.com.br\/news\/wp-json\/wp\/v2\/posts\/105929\/revisions"}],"predecessor-version":[{"id":105932,"href":"https:\/\/tvtecjundiai.com.br\/news\/wp-json\/wp\/v2\/posts\/105929\/revisions\/105932"}],"wp:featuredmedia":[{"embeddable":true,"href":"https:\/\/tvtecjundiai.com.br\/news\/wp-json\/wp\/v2\/media\/105930"}],"wp:attachment":[{"href":"https:\/\/tvtecjundiai.com.br\/news\/wp-json\/wp\/v2\/media?parent=105929"}],"wp:term":[{"taxonomy":"category","embeddable":true,"href":"https:\/\/tvtecjundiai.com.br\/news\/wp-json\/wp\/v2\/categories?post=105929"},{"taxonomy":"post_tag","embeddable":true,"href":"https:\/\/tvtecjundiai.com.br\/news\/wp-json\/wp\/v2\/tags?post=105929"}],"curies":[{"name":"wp","href":"https:\/\/api.w.org\/{rel}","templated":true}]}}