{"id":105936,"date":"2023-03-06T16:25:00","date_gmt":"2023-03-06T19:25:00","guid":{"rendered":"https:\/\/tvtecjundiai.com.br\/news\/?p=105936"},"modified":"2023-03-07T08:51:08","modified_gmt":"2023-03-07T11:51:08","slug":"galpao-criativo-sedia-batalha-de-rimas-com-16-mcs","status":"publish","type":"post","link":"https:\/\/tvtecjundiai.com.br\/news\/2023\/03\/06\/galpao-criativo-sedia-batalha-de-rimas-com-16-mcs\/","title":{"rendered":"Galp\u00e3o Criativo sedia Batalha de Rimas com 16 MC&#8217;s"},"content":{"rendered":"\n<p>O Galp\u00e3o Criativo, espa\u00e7o da Prefeitura de Jundia\u00ed e da Funda\u00e7\u00e3o Escola TVTEC Jundia\u00ed (FTVTEC), sedia nesta ter\u00e7a-feira (7), \u00e0s 19h, a Batalha de Rimas com a participa\u00e7\u00e3o de 16 MC&#8217;s, grupos de dan\u00e7a e DJ. O encontro \u00e9 uma realiza\u00e7\u00e3o da Comiss\u00e3o de Hip Hop, criada pelo Conselho de Participa\u00e7\u00e3o e Desenvolvimento da Comunidade Negra. , \u00f3rg\u00e3o ligada \u00e0 Prefeitura de Jundia\u00ed. O evento traz nomes consagrados do Hip Hop como MC Tonzera, Vagos, DJ Joker, al\u00e9m de personagens importantes no universo do grafite, como \u00d3cio, Trezzy e Guskuma, do Coletivo The King&#8217;s. <\/p>\n\n\n\n<p>Segundo o assessor de Pol\u00edticas para Igualdade Racial e apoiador do encontro, Jensen Silva, a ideia \u00e9 mostrar os talentos da rima dentro do universo musical. Encontro que dever\u00e1 ficar na hist\u00f3ria. &#8220;Ficamos muito felizes em poder sediar este evento no Galp\u00e3o Criativo. Tive o prazer de conhecer o espa\u00e7o e a M\u00f4nica (Gropelo) nos abriu as portas para este evento. Os melhores estar\u00e3o com a gente&#8221;, comenta Jensen.<\/p>\n\n\n\n<figure class=\"wp-block-image size-large\"><img loading=\"lazy\" decoding=\"async\" width=\"1200\" height=\"675\" src=\"https:\/\/tvtecjundiai.com.br\/news\/wp-content\/uploads\/sites\/2\/2023\/03\/galpao_jensen-1200x675.jpg\" alt=\"\" class=\"wp-image-105960\" srcset=\"https:\/\/tvtecjundiai.com.br\/news\/wp-content\/uploads\/sites\/2\/2023\/03\/galpao_jensen-1200x675.jpg 1200w, https:\/\/tvtecjundiai.com.br\/news\/wp-content\/uploads\/sites\/2\/2023\/03\/galpao_jensen-300x169.jpg 300w, https:\/\/tvtecjundiai.com.br\/news\/wp-content\/uploads\/sites\/2\/2023\/03\/galpao_jensen-768x432.jpg 768w, https:\/\/tvtecjundiai.com.br\/news\/wp-content\/uploads\/sites\/2\/2023\/03\/galpao_jensen.jpg 1280w\" sizes=\"auto, (max-width: 1200px) 100vw, 1200px\" \/><figcaption class=\"wp-element-caption\">Jensen da Silva ficou satisfeito do Galp\u00e3o Criativo sediar o evento<\/figcaption><\/figure>\n\n\n\n<p>A superintendente da FTVTEC, M\u00f4nica Gropelo, se diz satisfeita em poder sediar um evento que envolve m\u00fasica, cultura e dan\u00e7a. Ela espera que a Batalha das Rimas seja o primeiro de muitos no Galp\u00e3o Criativo. &#8220;\u00c9 um movimento forte que chega em Jundia\u00ed e temos o prazer de sediar, porque ser\u00e1 para n\u00f3s um laborat\u00f3rio. Estamos muito felizes em receber esta express\u00e3o cultural diferenciada, ent\u00e3o eu acho que a TVTEC com o galp\u00e3o contemplam este tipo de evento.  Estaremos aqui transmitindo o evento por meio de uma live.&#8221;<\/p>\n\n\n\n<p>Al\u00e9m de grafites, m\u00fasica e as rimas, o encontro traz show case hip hop free style com a participa\u00e7\u00e3o de R\u00f4mulo Oliveira. <\/p>\n\n\n\n<figure class=\"wp-block-image size-large\"><img loading=\"lazy\" decoding=\"async\" width=\"758\" height=\"960\" src=\"https:\/\/tvtecjundiai.com.br\/news\/wp-content\/uploads\/sites\/2\/2023\/03\/GALPAO_JOKER1-758x960.jpg\" alt=\"\" class=\"wp-image-105961\" srcset=\"https:\/\/tvtecjundiai.com.br\/news\/wp-content\/uploads\/sites\/2\/2023\/03\/GALPAO_JOKER1-758x960.jpg 758w, https:\/\/tvtecjundiai.com.br\/news\/wp-content\/uploads\/sites\/2\/2023\/03\/GALPAO_JOKER1-300x380.jpg 300w, https:\/\/tvtecjundiai.com.br\/news\/wp-content\/uploads\/sites\/2\/2023\/03\/GALPAO_JOKER1-768x973.jpg 768w, https:\/\/tvtecjundiai.com.br\/news\/wp-content\/uploads\/sites\/2\/2023\/03\/GALPAO_JOKER1-1213x1536.jpg 1213w, https:\/\/tvtecjundiai.com.br\/news\/wp-content\/uploads\/sites\/2\/2023\/03\/GALPAO_JOKER1.jpg 1280w\" sizes=\"auto, (max-width: 758px) 100vw, 758px\" \/><figcaption class=\"wp-element-caption\">DJ Joker estar\u00e1 na Batalha de Rimas comandando seu toca discos <\/figcaption><\/figure>\n\n\n\n<p>Servi\u00e7o <\/p>\n\n\n\n<p>Batalha de Rima: Dia 7, \u00e0s 19h, no Complexo Argos, na avenida Dr. Cavalcanti, 396, Vila Arens<\/p>\n\n\n\n<p>Entrada gratuita<\/p>\n\n\n\n<p>Mais informa\u00e7\u00f5es pelo Instagram oficial do <a href=\"https:\/\/www.instagram.com\/galpaocriativojundiai\/\">Galp\u00e3o Criativo<\/a>.<\/p>\n","protected":false},"excerpt":{"rendered":"<p>O evento traz nomes consagrados do Hip Hop como MC Tonzera, Vagos e  DJ Joker <\/p>\n","protected":false},"author":30,"featured_media":105974,"comment_status":"closed","ping_status":"0","sticky":false,"template":"","format":"standard","meta":{"footnotes":""},"categories":[29,8408,8356,1],"tags":[],"class_list":["post-105936","post","type-post","status-publish","format-standard","has-post-thumbnail","hentry","category-destaque","category-galpao-criativo","category-jundiai","category-noticias"],"_links":{"self":[{"href":"https:\/\/tvtecjundiai.com.br\/news\/wp-json\/wp\/v2\/posts\/105936","targetHints":{"allow":["GET"]}}],"collection":[{"href":"https:\/\/tvtecjundiai.com.br\/news\/wp-json\/wp\/v2\/posts"}],"about":[{"href":"https:\/\/tvtecjundiai.com.br\/news\/wp-json\/wp\/v2\/types\/post"}],"author":[{"embeddable":true,"href":"https:\/\/tvtecjundiai.com.br\/news\/wp-json\/wp\/v2\/users\/30"}],"replies":[{"embeddable":true,"href":"https:\/\/tvtecjundiai.com.br\/news\/wp-json\/wp\/v2\/comments?post=105936"}],"version-history":[{"count":1,"href":"https:\/\/tvtecjundiai.com.br\/news\/wp-json\/wp\/v2\/posts\/105936\/revisions"}],"predecessor-version":[{"id":105977,"href":"https:\/\/tvtecjundiai.com.br\/news\/wp-json\/wp\/v2\/posts\/105936\/revisions\/105977"}],"wp:featuredmedia":[{"embeddable":true,"href":"https:\/\/tvtecjundiai.com.br\/news\/wp-json\/wp\/v2\/media\/105974"}],"wp:attachment":[{"href":"https:\/\/tvtecjundiai.com.br\/news\/wp-json\/wp\/v2\/media?parent=105936"}],"wp:term":[{"taxonomy":"category","embeddable":true,"href":"https:\/\/tvtecjundiai.com.br\/news\/wp-json\/wp\/v2\/categories?post=105936"},{"taxonomy":"post_tag","embeddable":true,"href":"https:\/\/tvtecjundiai.com.br\/news\/wp-json\/wp\/v2\/tags?post=105936"}],"curies":[{"name":"wp","href":"https:\/\/api.w.org\/{rel}","templated":true}]}}