{"id":105966,"date":"2023-03-09T09:26:59","date_gmt":"2023-03-09T12:26:59","guid":{"rendered":"https:\/\/tvtecjundiai.com.br\/news\/?p=105966"},"modified":"2023-03-09T11:28:15","modified_gmt":"2023-03-09T14:28:15","slug":"conceito-de-costura-criativa-ganha-espaco-no-galpao","status":"publish","type":"post","link":"https:\/\/tvtecjundiai.com.br\/news\/2023\/03\/09\/conceito-de-costura-criativa-ganha-espaco-no-galpao\/","title":{"rendered":"<strong>Conceito de costura criativa ganha espa\u00e7o no Galp\u00e3o\u00a0<\/strong>"},"content":{"rendered":"\n<p>Iniciativa da Prefeitura de Jundia\u00ed e da Funda\u00e7\u00e3o Escola TVTEC, a 2\u00aa edi\u00e7\u00e3o do Galp\u00e3o Criativo, realizada nos dias 25 e 26 de fevereiro, contribuiu para o fomento \u00e0 economia criativa em Jundia\u00ed. Dando espa\u00e7o para diversos segmentos, incluindo moda, beleza, bem-estar, o conceito de costura criativa ganhou espa\u00e7o e deixou artes\u00e3s contentes com o resultado.<\/p>\n\n\n\n<p>Com a presen\u00e7a de v\u00e1rios profissionais da \u00e1rea, os visitantes entenderam que a costura, quando utilizada com criatividade e inova\u00e7\u00e3o, vira obra de arte. Segundo Viviane Balland, da Afagos da Vica, a costura criativa se destaca por atender as necessidades das pessoas. \u201cParticipar novamente do Galp\u00e3o foi uma experi\u00eancia enriquecedora. Fiquei muito feliz em mostrar um pouco do meu trabalho e, quem sabe, estimular algu\u00e9m a tamb\u00e9m seguir por esse caminho, mesmo que seja como passatempo\u201d.&nbsp;<\/p>\n\n\n\n<p>Acreditando que a costura criativa se destaque pelo conforto e aconchego, Viviane ressalta que levar seus produtos ao p\u00fablico \u00e9 o que lhe motiva a continuar na \u00e1rea. \u201cVer que todo o empenho e horas de trabalho fazem os olhos das pessoas brilharem, me faz entender como meu trabalho realmente leva conforto e bem-estar\u201d, diz.<\/p>\n\n\n<div class=\"wp-block-image\">\n<figure class=\"aligncenter size-large is-resized\"><img loading=\"lazy\" decoding=\"async\" src=\"https:\/\/tvtecjundiai.com.br\/news\/wp-content\/uploads\/sites\/2\/2023\/03\/WhatsApp-Image-2023-03-06-at-15.09.17-1200x800.jpeg\" alt=\"\" class=\"wp-image-105973\" width=\"764\" height=\"509\" srcset=\"https:\/\/tvtecjundiai.com.br\/news\/wp-content\/uploads\/sites\/2\/2023\/03\/WhatsApp-Image-2023-03-06-at-15.09.17-1200x800.jpeg 1200w, https:\/\/tvtecjundiai.com.br\/news\/wp-content\/uploads\/sites\/2\/2023\/03\/WhatsApp-Image-2023-03-06-at-15.09.17-300x200.jpeg 300w, https:\/\/tvtecjundiai.com.br\/news\/wp-content\/uploads\/sites\/2\/2023\/03\/WhatsApp-Image-2023-03-06-at-15.09.17-768x512.jpeg 768w, https:\/\/tvtecjundiai.com.br\/news\/wp-content\/uploads\/sites\/2\/2023\/03\/WhatsApp-Image-2023-03-06-at-15.09.17.jpeg 1280w\" sizes=\"auto, (max-width: 764px) 100vw, 764px\" \/><figcaption class=\"wp-element-caption\">Segundo Viviane Balland a costura criativa se destaca por atender as necessidades das pessoas <\/figcaption><\/figure>\n<\/div>\n\n\n<p>A felicidade em participar do evento tamb\u00e9m foi relatada por Thayane Beatriz Carboneri, do Ateli\u00ea Cantinho da Lola, que oferece bolsas, carteiras e necessaires. \u201cTrabalho com artesanato h\u00e1 nove anos e somente com o Galp\u00e3o Criativo tive a oportunidade de expor e vender presencialmente. Por\u00e9m, mais do que as vendas em si, o melhor \u00e9 poder exibir, apresent\u00e1-los para novas pessoas, fazer network e conhecer outras artes\u00e3s. Essa troca e visibilidade s\u00e3o, sem d\u00favidas, o diferencial do projeto, fora o fato de que estamos sendo capacitados para isso\u201d.<\/p>\n\n\n\n<figure class=\"wp-block-image size-large\"><img loading=\"lazy\" decoding=\"async\" width=\"1200\" height=\"800\" src=\"https:\/\/tvtecjundiai.com.br\/news\/wp-content\/uploads\/sites\/2\/2023\/03\/WhatsApp-Image-2023-03-06-at-15.09.17-2-1200x800.jpeg\" alt=\"\" class=\"wp-image-106072\" srcset=\"https:\/\/tvtecjundiai.com.br\/news\/wp-content\/uploads\/sites\/2\/2023\/03\/WhatsApp-Image-2023-03-06-at-15.09.17-2-1200x800.jpeg 1200w, https:\/\/tvtecjundiai.com.br\/news\/wp-content\/uploads\/sites\/2\/2023\/03\/WhatsApp-Image-2023-03-06-at-15.09.17-2-300x200.jpeg 300w, https:\/\/tvtecjundiai.com.br\/news\/wp-content\/uploads\/sites\/2\/2023\/03\/WhatsApp-Image-2023-03-06-at-15.09.17-2-768x512.jpeg 768w, https:\/\/tvtecjundiai.com.br\/news\/wp-content\/uploads\/sites\/2\/2023\/03\/WhatsApp-Image-2023-03-06-at-15.09.17-2.jpeg 1280w\" sizes=\"auto, (max-width: 1200px) 100vw, 1200px\" \/><figcaption class=\"wp-element-caption\">Thayane Beatriz Carboneri, do Ateli\u00ea Cantinho da Lola, confecciona bolsas, carteiras e necessaires<\/figcaption><\/figure>\n\n\n\n<p>Com a confec\u00e7\u00e3o de costura para cozinha, Elaine Lazarini, do at\u00ealie Lembran\u00e7as de V\u00f3, relata que participar do Galp\u00e3o Criativo serviu de aprendizado e supera\u00e7\u00e3o. \u201cAl\u00e9m de receber ofertas de parcerias, as vendas foram al\u00e9m da minha expectativa. Acredito que a costura criativa dentro do nicho de cozinha tem um destaque especial, que \u00e9 o romantismo, a delicadeza e a beleza em uma pe\u00e7a \u00fatil e funcional. Participar do Galp\u00e3o pela primeira vez foi gratificante\u201c.<\/p>\n\n\n<div class=\"wp-block-image\">\n<figure class=\"aligncenter size-large is-resized\"><img loading=\"lazy\" decoding=\"async\" src=\"https:\/\/tvtecjundiai.com.br\/news\/wp-content\/uploads\/sites\/2\/2023\/03\/WhatsApp-Image-2023-03-07-at-17.59.07-1200x800.jpeg\" alt=\"\" class=\"wp-image-106095\" width=\"755\" height=\"503\" srcset=\"https:\/\/tvtecjundiai.com.br\/news\/wp-content\/uploads\/sites\/2\/2023\/03\/WhatsApp-Image-2023-03-07-at-17.59.07-1200x800.jpeg 1200w, https:\/\/tvtecjundiai.com.br\/news\/wp-content\/uploads\/sites\/2\/2023\/03\/WhatsApp-Image-2023-03-07-at-17.59.07-300x200.jpeg 300w, https:\/\/tvtecjundiai.com.br\/news\/wp-content\/uploads\/sites\/2\/2023\/03\/WhatsApp-Image-2023-03-07-at-17.59.07-768x512.jpeg 768w, https:\/\/tvtecjundiai.com.br\/news\/wp-content\/uploads\/sites\/2\/2023\/03\/WhatsApp-Image-2023-03-07-at-17.59.07.jpeg 1280w\" sizes=\"auto, (max-width: 755px) 100vw, 755px\" \/><figcaption class=\"wp-element-caption\">Elaine Lazarin irelata que participar do Galp\u00e3o Criativo serviu de aprendizado e supera\u00e7\u00e3o<\/figcaption><\/figure>\n<\/div>\n\n\n<p>(Fonte\/Imagem: TVTEC Jundia\u00ed)<\/p>\n","protected":false},"excerpt":{"rendered":"<p>O conceito de costura criativa ganhou espa\u00e7o e deixou artes\u00e3s contentes<\/p>\n","protected":false},"author":30,"featured_media":106074,"comment_status":"closed","ping_status":"0","sticky":false,"template":"","format":"standard","meta":{"footnotes":""},"categories":[29,8408,8356,1],"tags":[],"class_list":["post-105966","post","type-post","status-publish","format-standard","has-post-thumbnail","hentry","category-destaque","category-galpao-criativo","category-jundiai","category-noticias"],"_links":{"self":[{"href":"https:\/\/tvtecjundiai.com.br\/news\/wp-json\/wp\/v2\/posts\/105966","targetHints":{"allow":["GET"]}}],"collection":[{"href":"https:\/\/tvtecjundiai.com.br\/news\/wp-json\/wp\/v2\/posts"}],"about":[{"href":"https:\/\/tvtecjundiai.com.br\/news\/wp-json\/wp\/v2\/types\/post"}],"author":[{"embeddable":true,"href":"https:\/\/tvtecjundiai.com.br\/news\/wp-json\/wp\/v2\/users\/30"}],"replies":[{"embeddable":true,"href":"https:\/\/tvtecjundiai.com.br\/news\/wp-json\/wp\/v2\/comments?post=105966"}],"version-history":[{"count":12,"href":"https:\/\/tvtecjundiai.com.br\/news\/wp-json\/wp\/v2\/posts\/105966\/revisions"}],"predecessor-version":[{"id":106112,"href":"https:\/\/tvtecjundiai.com.br\/news\/wp-json\/wp\/v2\/posts\/105966\/revisions\/106112"}],"wp:featuredmedia":[{"embeddable":true,"href":"https:\/\/tvtecjundiai.com.br\/news\/wp-json\/wp\/v2\/media\/106074"}],"wp:attachment":[{"href":"https:\/\/tvtecjundiai.com.br\/news\/wp-json\/wp\/v2\/media?parent=105966"}],"wp:term":[{"taxonomy":"category","embeddable":true,"href":"https:\/\/tvtecjundiai.com.br\/news\/wp-json\/wp\/v2\/categories?post=105966"},{"taxonomy":"post_tag","embeddable":true,"href":"https:\/\/tvtecjundiai.com.br\/news\/wp-json\/wp\/v2\/tags?post=105966"}],"curies":[{"name":"wp","href":"https:\/\/api.w.org\/{rel}","templated":true}]}}