{"id":105978,"date":"2023-03-08T08:30:00","date_gmt":"2023-03-08T11:30:00","guid":{"rendered":"https:\/\/tvtecjundiai.com.br\/news\/?p=105978"},"modified":"2023-03-08T14:27:55","modified_gmt":"2023-03-08T17:27:55","slug":"terrarios-e-itens-de-jardinagem-chamam-atencao-no-galpao-criativo","status":"publish","type":"post","link":"https:\/\/tvtecjundiai.com.br\/news\/2023\/03\/08\/terrarios-e-itens-de-jardinagem-chamam-atencao-no-galpao-criativo\/","title":{"rendered":"Terr\u00e1rios e itens de jardinagem chamam aten\u00e7\u00e3o no Galp\u00e3o Criativo"},"content":{"rendered":"\n<p>O Galp\u00e3o Criativo, espa\u00e7o p\u00fablico e gratuito da Prefeitura de Jundia\u00ed em parceria com a Funda\u00e7\u00e3o Escola TVTEC Jundia\u00ed (FTVTEC), reuniu empreendedores de moda, gastronomia, costura criativa, bem-estar e jardinagem. Entre os itens \u00e0 venda, terr\u00e1rios e cer\u00e2micas chamaram aten\u00e7\u00e3o. No \u00faltimo encontro, nos dias 25 e 26 de fevereiro, pelo menos 1 mil pessoas visitaram o espa\u00e7o anexo \u00e0 FTVTEC.<\/p>\n\n\n\n<p>A gestora ambiental e artista bot\u00e2nica Elisabete Aparecida Rossi Gervilla, propriet\u00e1ria da Bete Plantas e Artes, vendeu terr\u00e1rios e mini jardins no evento. \u201cAl\u00e9m de eu poder mostrar e falar do meu trabalho, o que me deixou mais feliz foi receber o feedback dos visitantes. Todos admiraram e elogiaram a beleza do que eu fa\u00e7o\u201d, diz.<\/p>\n\n\n\n<p>Ela confessa que os cursos oferecidas pela TVTEC, por meio do Programa de Qualifica\u00e7\u00e3o de Talentos nas \u00c1reas da Economia Criativa, ajudou na melhoria de suas vendas e no comportamento diante do seu cliente. &#8220;Antes do Galp\u00e3o Criativo, eu tinha dificuldade de me enxergar como empreendedora. Ap\u00f3s a qualifica\u00e7\u00e3o oferecida pela TVTEC, melhorei a apresenta\u00e7\u00e3o dos meus produtos e adquiri mais confian\u00e7a para apresent\u00e1-los aos clientes. A visibilidade e os elogios ao meu trabalho aumentaram, assim como o n\u00famero de seguidores\u201d, explica.<\/p>\n\n\n\n<figure class=\"wp-block-image size-large\"><img loading=\"lazy\" decoding=\"async\" width=\"1200\" height=\"800\" src=\"https:\/\/tvtecjundiai.com.br\/news\/wp-content\/uploads\/sites\/2\/2023\/03\/WhatsApp-Image-2023-03-02-at-15.40.45-1200x800.jpeg\" alt=\"\" class=\"wp-image-105979\" srcset=\"https:\/\/tvtecjundiai.com.br\/news\/wp-content\/uploads\/sites\/2\/2023\/03\/WhatsApp-Image-2023-03-02-at-15.40.45-1200x800.jpeg 1200w, https:\/\/tvtecjundiai.com.br\/news\/wp-content\/uploads\/sites\/2\/2023\/03\/WhatsApp-Image-2023-03-02-at-15.40.45-300x200.jpeg 300w, https:\/\/tvtecjundiai.com.br\/news\/wp-content\/uploads\/sites\/2\/2023\/03\/WhatsApp-Image-2023-03-02-at-15.40.45-768x512.jpeg 768w, https:\/\/tvtecjundiai.com.br\/news\/wp-content\/uploads\/sites\/2\/2023\/03\/WhatsApp-Image-2023-03-02-at-15.40.45.jpeg 1280w\" sizes=\"auto, (max-width: 1200px) 100vw, 1200px\" \/><figcaption class=\"wp-element-caption\">Elisabete Gervilla vendeu terr\u00e1rios e mini jardins no Galp\u00e3o Criativo<\/figcaption><\/figure>\n\n\n\n<p>Samanta Belloni, propriet\u00e1ria do Ateli\u00ea Viver de Flor e Amor, tamb\u00e9m participou da 2\u00aa mostra no Galp\u00e3o Criativo e explica que a procura por terr\u00e1rios tem aumentado. \u201cO terr\u00e1rio existe para decorar e tornar os ambientes mais agrad\u00e1veis, especialmente onde n\u00e3o h\u00e1 espa\u00e7o para plantas grandes. Por ser um ecossistema que se autossustenta e que n\u00e3o necessita de muitos cuidados, a procura aumentou\u201d, afirma.<\/p>\n\n\n\n<p>\u201cA visibilidade que o Galp\u00e3o proporciona \u00e9 enorme. O principal s\u00e3o os contatos que fazemos e os neg\u00f3cios fechados p\u00f3s-evento, o que tem ajudado muito no meu crescimento como empreendedora\u201d, diz Samanta.<\/p>\n\n\n\n<figure class=\"wp-block-image size-large\"><img loading=\"lazy\" decoding=\"async\" width=\"1200\" height=\"800\" src=\"https:\/\/tvtecjundiai.com.br\/news\/wp-content\/uploads\/sites\/2\/2023\/03\/WhatsApp-Image-2023-03-02-at-15.40.46-1200x800.jpeg\" alt=\"\" class=\"wp-image-105980\" srcset=\"https:\/\/tvtecjundiai.com.br\/news\/wp-content\/uploads\/sites\/2\/2023\/03\/WhatsApp-Image-2023-03-02-at-15.40.46-1200x800.jpeg 1200w, https:\/\/tvtecjundiai.com.br\/news\/wp-content\/uploads\/sites\/2\/2023\/03\/WhatsApp-Image-2023-03-02-at-15.40.46-300x200.jpeg 300w, https:\/\/tvtecjundiai.com.br\/news\/wp-content\/uploads\/sites\/2\/2023\/03\/WhatsApp-Image-2023-03-02-at-15.40.46-768x512.jpeg 768w, https:\/\/tvtecjundiai.com.br\/news\/wp-content\/uploads\/sites\/2\/2023\/03\/WhatsApp-Image-2023-03-02-at-15.40.46.jpeg 1280w\" sizes=\"auto, (max-width: 1200px) 100vw, 1200px\" \/><figcaption class=\"wp-element-caption\">Samanta Belloni afirma que a procura por terr\u00e1rios aumentou<\/figcaption><\/figure>\n\n\n\n<p>A professora de artes aposentada Concei\u00e7\u00e3o Aparecida da Costa, propriet\u00e1ria da Nena do Barro, vendeu artigos e vasos de cer\u00e2mica no Galp\u00e3o Criativo, al\u00e9m de ter feito novas conex\u00f5es. \u201cFiz muitos contatos nos dois dias de evento e tive boas vendas. N\u00e3o recebi encomendas, mas vi muita procura por oficinas de cer\u00e2mica, as pessoas t\u00eam curiosidade e desejo de aprender sobre essa arte\u201d, afirma.<\/p>\n\n\n\n<p>Concei\u00e7\u00e3o explica que participar do Galp\u00e3o Criativo lhe trouxe uma nova perspectiva sobre seu trabalho. \u201cAntes, n\u00e3o me via como empreendedora, mas com apoio da Prefeitura e da TVTEC percebi que a parceria e qualifica\u00e7\u00e3o ajudam a criar uma rede de neg\u00f3cios s\u00f3lida. Mais do que isso, a visibilidade e aprendizagem proporcionadas pelo Galp\u00e3o permitem um caminho de sucesso para nossos empreendimentos\u201d, diz.<\/p>\n\n\n\n<figure class=\"wp-block-image size-large\"><img loading=\"lazy\" decoding=\"async\" width=\"1200\" height=\"800\" src=\"https:\/\/tvtecjundiai.com.br\/news\/wp-content\/uploads\/sites\/2\/2023\/03\/WhatsApp-Image-2023-03-02-at-15.40.46-1-1200x800.jpeg\" alt=\"\" class=\"wp-image-105981\" srcset=\"https:\/\/tvtecjundiai.com.br\/news\/wp-content\/uploads\/sites\/2\/2023\/03\/WhatsApp-Image-2023-03-02-at-15.40.46-1-1200x800.jpeg 1200w, https:\/\/tvtecjundiai.com.br\/news\/wp-content\/uploads\/sites\/2\/2023\/03\/WhatsApp-Image-2023-03-02-at-15.40.46-1-300x200.jpeg 300w, https:\/\/tvtecjundiai.com.br\/news\/wp-content\/uploads\/sites\/2\/2023\/03\/WhatsApp-Image-2023-03-02-at-15.40.46-1-768x512.jpeg 768w, https:\/\/tvtecjundiai.com.br\/news\/wp-content\/uploads\/sites\/2\/2023\/03\/WhatsApp-Image-2023-03-02-at-15.40.46-1.jpeg 1280w\" sizes=\"auto, (max-width: 1200px) 100vw, 1200px\" \/><figcaption class=\"wp-element-caption\">Concei\u00e7\u00e3o da Costa viu muita procura por oficinas de cer\u00e2mica<\/figcaption><\/figure>\n\n\n\n<p><\/p>\n\n\n\n<p><strong><em>(Fonte\/Imagens: TVTEC Jundia\u00ed)<\/em><\/strong><\/p>\n","protected":false},"excerpt":{"rendered":"<p>Mais de 1 mil pessoas passaram pelo evento nos dias 25 e 26 de fevereiro<\/p>\n","protected":false},"author":30,"featured_media":105979,"comment_status":"closed","ping_status":"0","sticky":false,"template":"","format":"standard","meta":{"footnotes":""},"categories":[29,8408,8356,1],"tags":[],"class_list":["post-105978","post","type-post","status-publish","format-standard","has-post-thumbnail","hentry","category-destaque","category-galpao-criativo","category-jundiai","category-noticias"],"_links":{"self":[{"href":"https:\/\/tvtecjundiai.com.br\/news\/wp-json\/wp\/v2\/posts\/105978","targetHints":{"allow":["GET"]}}],"collection":[{"href":"https:\/\/tvtecjundiai.com.br\/news\/wp-json\/wp\/v2\/posts"}],"about":[{"href":"https:\/\/tvtecjundiai.com.br\/news\/wp-json\/wp\/v2\/types\/post"}],"author":[{"embeddable":true,"href":"https:\/\/tvtecjundiai.com.br\/news\/wp-json\/wp\/v2\/users\/30"}],"replies":[{"embeddable":true,"href":"https:\/\/tvtecjundiai.com.br\/news\/wp-json\/wp\/v2\/comments?post=105978"}],"version-history":[{"count":2,"href":"https:\/\/tvtecjundiai.com.br\/news\/wp-json\/wp\/v2\/posts\/105978\/revisions"}],"predecessor-version":[{"id":106028,"href":"https:\/\/tvtecjundiai.com.br\/news\/wp-json\/wp\/v2\/posts\/105978\/revisions\/106028"}],"wp:featuredmedia":[{"embeddable":true,"href":"https:\/\/tvtecjundiai.com.br\/news\/wp-json\/wp\/v2\/media\/105979"}],"wp:attachment":[{"href":"https:\/\/tvtecjundiai.com.br\/news\/wp-json\/wp\/v2\/media?parent=105978"}],"wp:term":[{"taxonomy":"category","embeddable":true,"href":"https:\/\/tvtecjundiai.com.br\/news\/wp-json\/wp\/v2\/categories?post=105978"},{"taxonomy":"post_tag","embeddable":true,"href":"https:\/\/tvtecjundiai.com.br\/news\/wp-json\/wp\/v2\/tags?post=105978"}],"curies":[{"name":"wp","href":"https:\/\/api.w.org\/{rel}","templated":true}]}}