{"id":105993,"date":"2023-03-07T11:29:31","date_gmt":"2023-03-07T14:29:31","guid":{"rendered":"https:\/\/tvtecjundiai.com.br\/news\/?p=105993"},"modified":"2023-03-07T11:36:49","modified_gmt":"2023-03-07T14:36:49","slug":"podtrampo-galpao-criativo-ganha-espaco-de-destaque-na-fens-2023","status":"publish","type":"post","link":"https:\/\/tvtecjundiai.com.br\/news\/2023\/03\/07\/podtrampo-galpao-criativo-ganha-espaco-de-destaque-na-fens-2023\/","title":{"rendered":"PodTrampo discute participa\u00e7\u00e3o do Galp\u00e3o Criativo na FENS 2023"},"content":{"rendered":"\n<p>Nesta ter\u00e7a-feira (7), o PodTrampo, podcast da TVTEC Jundia\u00ed sobre empregabilidade, mercado de trabalho e empreendedorismo, teve como convidadas as empreendedoras Ana Claudia Monteiro, do Ana Monteiro Ateli\u00ea, e Gl\u00e1ucia Tafarello, da Maria Formosa Acess\u00f3rios. O assunto foi a participa\u00e7\u00e3o do Galp\u00e3o Criativo na 2\u00aa Feira do Empreendedor, Neg\u00f3cios e Servi\u00e7os (FENS 2023).<\/p>\n\n\n\n<p>Para Gl\u00e1ucia, foi uma alegria e grande oportunidade participar da FENS e representar o Galp\u00e3o Criativo. &#8220;Sempre tive o sonho de expor meu trabalho no Parque da Uva, mas isso n\u00e3o tinha sido poss\u00edvel at\u00e9 ent\u00e3o. Quando fui convidada para participar da FENS por meio do Galp\u00e3o Criativo, quase gritei de alegria. Naquele espa\u00e7o, tive a oportunidade de falar sobre os acess\u00f3rios que vendo e a consultoria de imagem e estilo que realizo. Alcancei novos clientes e tive um \u00f3timo retorno pelas redes sociais&#8221;, disse.<\/p>\n\n\n\n<p>Ana Claudia levou bichos de pel\u00facia, bonecas de pano e outros itens voltados para crian\u00e7as para expor na FENS. &#8220;Foi sensacional a experi\u00eancia. Muitas pessoas foram conversar comigo, conhecer meus produtos, fiz at\u00e9 algumas parcerias. Al\u00e9m de mostrar os nossos trabalhos, tamb\u00e9m tivemos a oportunidade de falar sobre o Galp\u00e3o Criativo para os visitantes que n\u00e3o conheciam essa iniciativa da Prefeitura de Jundia\u00ed e da TVTEC&#8221;, explicou.<\/p>\n\n\n<div class=\"wp-block-image\">\n<figure class=\"aligncenter size-large is-resized\"><img loading=\"lazy\" decoding=\"async\" src=\"https:\/\/tvtecjundiai.com.br\/news\/wp-content\/uploads\/sites\/2\/2023\/03\/WhatsApp-Image-2023-03-07-at-09.59.29-1200x900.jpeg\" alt=\"\" class=\"wp-image-106001\" width=\"653\" height=\"490\" srcset=\"https:\/\/tvtecjundiai.com.br\/news\/wp-content\/uploads\/sites\/2\/2023\/03\/WhatsApp-Image-2023-03-07-at-09.59.29-1200x900.jpeg 1200w, https:\/\/tvtecjundiai.com.br\/news\/wp-content\/uploads\/sites\/2\/2023\/03\/WhatsApp-Image-2023-03-07-at-09.59.29-300x225.jpeg 300w, https:\/\/tvtecjundiai.com.br\/news\/wp-content\/uploads\/sites\/2\/2023\/03\/WhatsApp-Image-2023-03-07-at-09.59.29-768x576.jpeg 768w, https:\/\/tvtecjundiai.com.br\/news\/wp-content\/uploads\/sites\/2\/2023\/03\/WhatsApp-Image-2023-03-07-at-09.59.29.jpeg 1280w\" sizes=\"auto, (max-width: 653px) 100vw, 653px\" \/><\/figure>\n<\/div>\n\n\n<p><\/p>\n\n\n\n<p>O podcast foi ao ar nesta ter\u00e7a-feira (7), \u00e0s 9h, com transmiss\u00e3o pelo Facebook e YouTube da TVTEC Jundia\u00ed. \u00c9 poss\u00edvel acompanhar o PodTrampo a qualquer hora pelas plataformas de m\u00fasica.<\/p>\n\n\n\n<p><strong>PodTrampo \u2013 O podcast da TVTEC Jundia\u00ed<\/strong><\/p>\n\n\n\n<p><a href=\"https:\/\/www.facebook.com\/tvtecjundiai\/videos\/149081221377279\" data-type=\"URL\" data-id=\"https:\/\/www.facebook.com\/tvtecjundiai\/videos\/149081221377279\">Assista no Facebook<\/a><\/p>\n\n\n\n<p><a href=\"https:\/\/www.youtube.com\/watch?v=_ZHUlgbQVuc&amp;list=TLPQMDcwMzIwMjOgWdmeKTr85A&amp;index=1\" data-type=\"URL\" data-id=\"https:\/\/www.youtube.com\/watch?v=_ZHUlgbQVuc&amp;list=TLPQMDcwMzIwMjOgWdmeKTr85A&amp;index=1\">Assista no YouTube<\/a><\/p>\n\n\n\n<p><a href=\"https:\/\/open.spotify.com\/show\/7z6svX7eOSDP0ro1CLadv9\">Ou\u00e7a no Spotify<\/a><\/p>\n\n\n\n<p><a href=\"https:\/\/www.deezer.com\/br\/show\/3705277\">Ou\u00e7a no Deezer<\/a><\/p>\n\n\n\n<p><a href=\"https:\/\/podcasts.apple.com\/br\/podcast\/podtrampo\/id1624539227\">Ou\u00e7a no iTunes<\/a><\/p>\n\n\n\n<p><strong><em>(Fonte\/Imagem: TVTEC Jundia\u00ed)<\/em><\/strong><\/p>\n","protected":false},"excerpt":{"rendered":"<p>As empreendedoras Ana Claudia Monteiro e Gl\u00e1ucia Tafarello participaram do podcast<\/p>\n","protected":false},"author":30,"featured_media":106001,"comment_status":"closed","ping_status":"0","sticky":false,"template":"","format":"standard","meta":{"footnotes":""},"categories":[29,8362,8408,8356,1],"tags":[],"class_list":["post-105993","post","type-post","status-publish","format-standard","has-post-thumbnail","hentry","category-destaque","category-empreendedorismo","category-galpao-criativo","category-jundiai","category-noticias"],"_links":{"self":[{"href":"https:\/\/tvtecjundiai.com.br\/news\/wp-json\/wp\/v2\/posts\/105993","targetHints":{"allow":["GET"]}}],"collection":[{"href":"https:\/\/tvtecjundiai.com.br\/news\/wp-json\/wp\/v2\/posts"}],"about":[{"href":"https:\/\/tvtecjundiai.com.br\/news\/wp-json\/wp\/v2\/types\/post"}],"author":[{"embeddable":true,"href":"https:\/\/tvtecjundiai.com.br\/news\/wp-json\/wp\/v2\/users\/30"}],"replies":[{"embeddable":true,"href":"https:\/\/tvtecjundiai.com.br\/news\/wp-json\/wp\/v2\/comments?post=105993"}],"version-history":[{"count":6,"href":"https:\/\/tvtecjundiai.com.br\/news\/wp-json\/wp\/v2\/posts\/105993\/revisions"}],"predecessor-version":[{"id":106008,"href":"https:\/\/tvtecjundiai.com.br\/news\/wp-json\/wp\/v2\/posts\/105993\/revisions\/106008"}],"wp:featuredmedia":[{"embeddable":true,"href":"https:\/\/tvtecjundiai.com.br\/news\/wp-json\/wp\/v2\/media\/106001"}],"wp:attachment":[{"href":"https:\/\/tvtecjundiai.com.br\/news\/wp-json\/wp\/v2\/media?parent=105993"}],"wp:term":[{"taxonomy":"category","embeddable":true,"href":"https:\/\/tvtecjundiai.com.br\/news\/wp-json\/wp\/v2\/categories?post=105993"},{"taxonomy":"post_tag","embeddable":true,"href":"https:\/\/tvtecjundiai.com.br\/news\/wp-json\/wp\/v2\/tags?post=105993"}],"curies":[{"name":"wp","href":"https:\/\/api.w.org\/{rel}","templated":true}]}}