{"id":106081,"date":"2023-03-08T08:55:06","date_gmt":"2023-03-08T11:55:06","guid":{"rendered":"https:\/\/tvtecjundiai.com.br\/news\/?p=106081"},"modified":"2023-03-08T08:55:14","modified_gmt":"2023-03-08T11:55:14","slug":"espaco-cultura-live-desta-quarta-8-apresenta-quatro-novos-projetos-artisticos","status":"publish","type":"post","link":"https:\/\/tvtecjundiai.com.br\/news\/2023\/03\/08\/espaco-cultura-live-desta-quarta-8-apresenta-quatro-novos-projetos-artisticos\/","title":{"rendered":"&#8216;Espa\u00e7o Cultura&#8217;: Live desta quarta (8) apresenta quatro novos projetos art\u00edsticos"},"content":{"rendered":"\n<p>A \u201cLive: Espa\u00e7o Cultura\u201d uma iniciativa da Unidade de Gest\u00e3o de Cultura (UGC) realizada semanalmente, \u00e0s quartas-feiras, com transmiss\u00e3o nos canais da UGC, no Facebook e YouTube, das 16h \u00e0s 17h, chega neste dia 8, com a apresenta\u00e7\u00e3o de mais quatro projetos in\u00e9ditos de artistas locais, sendo dois no segmento de Literatura e dois em M\u00fasica, contemplados em 2021 pelos editais municipais da Lei de Emerg\u00eancia Cultural Aldir Blanc,\u00a0dos cerca de 210 selecionados.<\/p>\n\n\n\n<p>Segundo o diretor de Cultura da UGC, Jo\u00e3o Carlos de Luca, a proposta \u00e9 a cada encontro disponibilizar os projetos contemplados, pois al\u00e9m de divulgar os artistas e suas propostas, as lives promovem o interc\u00e2mbio entre artistas de segmentos diferentes, gerando assim, uma reflex\u00e3o atualizada da produ\u00e7\u00e3o cultural em Jundia\u00ed.<\/p>\n\n\n\n<p>Na live desta semana al\u00e9m da apresenta\u00e7\u00e3o dos v\u00eddeos selecionados dos artistas Rosangela Cristina Mesquita Torrezin, \u201cContos contados para os pequenos\u201d \u2013 Literatura; Luiza Bitencourt Amarante Maltoni, \u201cContos\u00a0 Ro\u00e7a\u201d \u2013 Literatura;\u00a0 Emily Pessoto Finati, \u201cBrasileir\u00edssimo\u201d \u2013 M\u00fasica e Paulo Andr\u00e9 Ribeiro Porto, \u201cThe Travel\u201d \u2013 M\u00fasica. Ainda ser\u00e3o abordados os detalhes da s\u00e9tima edi\u00e7\u00e3o do Festival de Teatro de Jundia\u00ed ( Festeju), e tamb\u00e9m sobre o Enredan\u00e7a e Festival de Curtas-Metragens 2023. Sempre h\u00e1 espa\u00e7o tamb\u00e9m, para esclarecer as d\u00favidas dos artistas sobre o Cadastro de Artistas do Munic\u00edpio e projetos.<\/p>\n\n\n\n<figure class=\"wp-block-gallery has-nested-images columns-default is-cropped wp-block-gallery-1 is-layout-flex wp-block-gallery-is-layout-flex\">\n<figure class=\"wp-block-image size-large\"><img loading=\"lazy\" decoding=\"async\" width=\"1200\" height=\"668\" data-id=\"106082\" src=\"https:\/\/tvtecjundiai.com.br\/news\/wp-content\/uploads\/sites\/2\/2023\/03\/lei_aldir_blanc_contos-contados-para-os-pequenos-1280x713-1-1200x668.jpeg\" alt=\"\" class=\"wp-image-106082\" srcset=\"https:\/\/tvtecjundiai.com.br\/news\/wp-content\/uploads\/sites\/2\/2023\/03\/lei_aldir_blanc_contos-contados-para-os-pequenos-1280x713-1-1200x668.jpeg 1200w, https:\/\/tvtecjundiai.com.br\/news\/wp-content\/uploads\/sites\/2\/2023\/03\/lei_aldir_blanc_contos-contados-para-os-pequenos-1280x713-1-300x167.jpeg 300w, https:\/\/tvtecjundiai.com.br\/news\/wp-content\/uploads\/sites\/2\/2023\/03\/lei_aldir_blanc_contos-contados-para-os-pequenos-1280x713-1-768x428.jpeg 768w, https:\/\/tvtecjundiai.com.br\/news\/wp-content\/uploads\/sites\/2\/2023\/03\/lei_aldir_blanc_contos-contados-para-os-pequenos-1280x713-1.jpeg 1280w\" sizes=\"auto, (max-width: 1200px) 100vw, 1200px\" \/><\/figure>\n\n\n\n<figure class=\"wp-block-image size-large\"><img loading=\"lazy\" decoding=\"async\" width=\"1200\" height=\"670\" data-id=\"106083\" src=\"https:\/\/tvtecjundiai.com.br\/news\/wp-content\/uploads\/sites\/2\/2023\/03\/lei_aldir_blanc_brasileirissimo-1280x715-1-1200x670.jpeg\" alt=\"\" class=\"wp-image-106083\" srcset=\"https:\/\/tvtecjundiai.com.br\/news\/wp-content\/uploads\/sites\/2\/2023\/03\/lei_aldir_blanc_brasileirissimo-1280x715-1-1200x670.jpeg 1200w, https:\/\/tvtecjundiai.com.br\/news\/wp-content\/uploads\/sites\/2\/2023\/03\/lei_aldir_blanc_brasileirissimo-1280x715-1-300x168.jpeg 300w, https:\/\/tvtecjundiai.com.br\/news\/wp-content\/uploads\/sites\/2\/2023\/03\/lei_aldir_blanc_brasileirissimo-1280x715-1-768x429.jpeg 768w, https:\/\/tvtecjundiai.com.br\/news\/wp-content\/uploads\/sites\/2\/2023\/03\/lei_aldir_blanc_brasileirissimo-1280x715-1.jpeg 1280w\" sizes=\"auto, (max-width: 1200px) 100vw, 1200px\" \/><\/figure>\n\n\n\n<figure class=\"wp-block-image size-large\"><img loading=\"lazy\" decoding=\"async\" width=\"1200\" height=\"689\" data-id=\"106084\" src=\"https:\/\/tvtecjundiai.com.br\/news\/wp-content\/uploads\/sites\/2\/2023\/03\/lei_aldir_blanc_the_travel-1280x735-1-1200x689.jpeg\" alt=\"\" class=\"wp-image-106084\" srcset=\"https:\/\/tvtecjundiai.com.br\/news\/wp-content\/uploads\/sites\/2\/2023\/03\/lei_aldir_blanc_the_travel-1280x735-1-1200x689.jpeg 1200w, https:\/\/tvtecjundiai.com.br\/news\/wp-content\/uploads\/sites\/2\/2023\/03\/lei_aldir_blanc_the_travel-1280x735-1-300x172.jpeg 300w, https:\/\/tvtecjundiai.com.br\/news\/wp-content\/uploads\/sites\/2\/2023\/03\/lei_aldir_blanc_the_travel-1280x735-1-768x441.jpeg 768w, https:\/\/tvtecjundiai.com.br\/news\/wp-content\/uploads\/sites\/2\/2023\/03\/lei_aldir_blanc_the_travel-1280x735-1.jpeg 1280w\" sizes=\"auto, (max-width: 1200px) 100vw, 1200px\" \/><\/figure>\n<figcaption class=\"blocks-gallery-caption wp-element-caption\">Entre as propostas apresentadas na live est\u00e3o \u201cContos contados para os pequenos\u201d, \u201cBrasileir\u00edssimo\u201d e \u201cThe Travel\u201d<\/figcaption><\/figure>\n\n\n\n<p><\/p>\n\n\n\n<p><strong>Os v\u00eddeos da semana<\/strong><strong><\/strong><\/p>\n\n\n\n<p><strong>Rosangela Cristina Mesquita Torrezin, \u201cContos contados para os pequenos\u201d \u2013 Literatura<\/strong>\u00a0<strong>\u2013 <\/strong>Numa fant\u00e1stica mistura, reunir m\u00fasica ao vivo contanto alguns dos mais belos contos totalmente adaptados para o universo infantil. Resgatando assim essas hist\u00f3rias vividas ou criadas por pessoas an\u00f4nimas, e que atravessam o tempo e espa\u00e7o e at\u00e9 hoje nos fazem refletir sobre quest\u00f5es morais e comportamentais, nos auxiliando na constru\u00e7\u00e3o da nossa personalidade, al\u00e9m de nos mostrar culturas diferentes. Voltada para o p\u00fablico infantil e adultos essa apresenta\u00e7\u00e3o traz divers\u00e3o e sugere intera\u00e7\u00e3o com todos. Contos apresentados: \u201cOs dentes do Sult\u00e3o\u201d, \u201cUm homem de sorte\u201d, \u201cA \u00e1rvore confusa\u201d e \u201cAs quest\u00f5es do Rei\u201d.<\/p>\n\n\n\n<p><strong>Luiza Bitencourt Amarante Maltoni, \u201cContos Ro\u00e7a\u201d \u2013 Literatura \u2013<\/strong>&nbsp;O caipira faz parte do imagin\u00e1rio brasileiro, \u00e9 aquele personagem da vida simples do campo. E \u00e9 de hist\u00f3ria de Caipira que a gente gosta mesmo, cheio de simplicidade e trapalhadas, que sempre mostram uma forma inusitada de ver a vida. Este v\u00eddeo de narra\u00e7\u00e3o de hist\u00f3rias \u00e9 composto por contos tradicionais brasileiros, resgatados por C\u00e2mara Cascudo, numa vers\u00e3o divertida pra toda fam\u00edlia.<\/p>\n\n\n\n<p><strong>Emily Pessoto Finati, \u201cBrasileir\u00edssimo\u201d \u2013 M\u00fasica \u2013<\/strong>&nbsp;Com o objetivo de difundir a rica diversidade cultural musical regional do Brasil, o projeto Brasileir\u00edssimo \u2013 realizado por D\u00f4 de Carvalho (flauta e saxofone), Emily Pessoto (teclado e voz), Felipe Vellasco (guitarra e viol\u00e3o), Jo\u00e3o Pedro Silva (contrabaixo ac\u00fastico e el\u00e9trico) e C\u00e1ssio Soares (bateria e percuss\u00e3o) -, prop\u00f5e um resgate de cinco encantadoras can\u00e7\u00f5es tradicionais brasileiras, cada uma representando uma regi\u00e3o espec\u00edfica (Norte, Nordeste, Centro-Oeste, Sudeste e Sul), numa interpreta\u00e7\u00e3o repleta de personalidade e versatilidade.<\/p>\n\n\n\n<p><strong>Paulo Andr\u00e9 Ribeiro Porto, \u201cThe Travel\u201d \u2013 M\u00fasica \u2013<\/strong>\u00a0Apresenta\u00e7\u00e3o gravada em video com qualidade 100% Full HD e produzido em Home Studio conta com a performance de alto n\u00edvel com t\u00e9cnicas guitarr\u00edsticas, virtuosismo, harmonia e melodias marcantes trazendo um contexto sentimental e emo\u00e7\u00f5es vividas atrav\u00e9s de viagens, e por isso tem o t\u00edtulo de \u201cThe Travel \u201c. Sendo assim, \u00e9 um trabalho n\u00e3o apenas para ser assistido como tamb\u00e9m para uma playlist de uma viagem emocionante e marcante. O projeto foi composto, executado, gravado e editado pelo m\u00fasico, com a participa\u00e7\u00e3o de alguns amigos que abrilhantaram ainda mais essa obra.<\/p>\n\n\n\n<p><em><strong>(Fonte: Prefeitura de Jundia\u00ed\/Imagens: Divulga\u00e7\u00e3o)<\/strong><\/em><\/p>\n","protected":false},"excerpt":{"rendered":"<p>Encontros on-line promovem o interc\u00e2mbio entre artistas de segmentos diferentes<\/p>\n","protected":false},"author":30,"featured_media":106084,"comment_status":"closed","ping_status":"0","sticky":false,"template":"","format":"standard","meta":{"footnotes":""},"categories":[2833,8356,1],"tags":[],"class_list":["post-106081","post","type-post","status-publish","format-standard","has-post-thumbnail","hentry","category-cultura","category-jundiai","category-noticias"],"_links":{"self":[{"href":"https:\/\/tvtecjundiai.com.br\/news\/wp-json\/wp\/v2\/posts\/106081","targetHints":{"allow":["GET"]}}],"collection":[{"href":"https:\/\/tvtecjundiai.com.br\/news\/wp-json\/wp\/v2\/posts"}],"about":[{"href":"https:\/\/tvtecjundiai.com.br\/news\/wp-json\/wp\/v2\/types\/post"}],"author":[{"embeddable":true,"href":"https:\/\/tvtecjundiai.com.br\/news\/wp-json\/wp\/v2\/users\/30"}],"replies":[{"embeddable":true,"href":"https:\/\/tvtecjundiai.com.br\/news\/wp-json\/wp\/v2\/comments?post=106081"}],"version-history":[{"count":1,"href":"https:\/\/tvtecjundiai.com.br\/news\/wp-json\/wp\/v2\/posts\/106081\/revisions"}],"predecessor-version":[{"id":106085,"href":"https:\/\/tvtecjundiai.com.br\/news\/wp-json\/wp\/v2\/posts\/106081\/revisions\/106085"}],"wp:featuredmedia":[{"embeddable":true,"href":"https:\/\/tvtecjundiai.com.br\/news\/wp-json\/wp\/v2\/media\/106084"}],"wp:attachment":[{"href":"https:\/\/tvtecjundiai.com.br\/news\/wp-json\/wp\/v2\/media?parent=106081"}],"wp:term":[{"taxonomy":"category","embeddable":true,"href":"https:\/\/tvtecjundiai.com.br\/news\/wp-json\/wp\/v2\/categories?post=106081"},{"taxonomy":"post_tag","embeddable":true,"href":"https:\/\/tvtecjundiai.com.br\/news\/wp-json\/wp\/v2\/tags?post=106081"}],"curies":[{"name":"wp","href":"https:\/\/api.w.org\/{rel}","templated":true}]}}