{"id":106133,"date":"2023-03-08T17:19:06","date_gmt":"2023-03-08T20:19:06","guid":{"rendered":"https:\/\/tvtecjundiai.com.br\/news\/?p=106133"},"modified":"2023-03-08T17:19:07","modified_gmt":"2023-03-08T20:19:07","slug":"muita-musica-e-animacao-no-segundo-final-de-semana-da-fens","status":"publish","type":"post","link":"https:\/\/tvtecjundiai.com.br\/news\/2023\/03\/08\/muita-musica-e-animacao-no-segundo-final-de-semana-da-fens\/","title":{"rendered":"Muita m\u00fasica e anima\u00e7\u00e3o no segundo final de semana da FENS"},"content":{"rendered":"\n<p>O segundo final de semana da FENS 2023 \u2013 Feira do Empreendedor, Neg\u00f3cios e Servi\u00e7os reserva m\u00fasica boa, atra\u00e7\u00f5es e muita anima\u00e7\u00e3o. Assim como na semana passada, as bandas sobem ao palco do coreto, no Parque Comendador Ant\u00f4nio Carbonari (Parque da Uva), para apresentar o melhor do rock, pop, MPB e sertanejo. A entrada e o estacionamento s\u00e3o gratuitos.<\/p>\n\n\n\n<p>\u201cA FENS \u00e9 um evento de neg\u00f3cios, mas pensado para atender todas as fam\u00edlias. Temos in\u00fameras atividades e atra\u00e7\u00f5es culturais \u00e0 disposi\u00e7\u00e3o, al\u00e9m de um espa\u00e7o gastron\u00f4mico com 25 food trucks, \u00e1rea exclusiva para as crian\u00e7as e at\u00e9 um trenzinho para passeio no parque\u201d, comentou Cristiano Lopes, gestor de Desenvolvimento Econ\u00f4mico, Ci\u00eancia e Tecnologia. A parceria \u00e9 com a Unidade de Gest\u00e3o de Cultura.<\/p>\n\n\n\n<figure class=\"wp-block-image size-large\"><img loading=\"lazy\" decoding=\"async\" width=\"1200\" height=\"801\" src=\"https:\/\/tvtecjundiai.com.br\/news\/wp-content\/uploads\/sites\/2\/2023\/03\/2-fens-feira-do-empreendedor-negocios-e-servicos_fm_-107-1280x854-1-1200x801.jpg\" alt=\"\" class=\"wp-image-106134\" srcset=\"https:\/\/tvtecjundiai.com.br\/news\/wp-content\/uploads\/sites\/2\/2023\/03\/2-fens-feira-do-empreendedor-negocios-e-servicos_fm_-107-1280x854-1-1200x801.jpg 1200w, https:\/\/tvtecjundiai.com.br\/news\/wp-content\/uploads\/sites\/2\/2023\/03\/2-fens-feira-do-empreendedor-negocios-e-servicos_fm_-107-1280x854-1-300x200.jpg 300w, https:\/\/tvtecjundiai.com.br\/news\/wp-content\/uploads\/sites\/2\/2023\/03\/2-fens-feira-do-empreendedor-negocios-e-servicos_fm_-107-1280x854-1-768x512.jpg 768w, https:\/\/tvtecjundiai.com.br\/news\/wp-content\/uploads\/sites\/2\/2023\/03\/2-fens-feira-do-empreendedor-negocios-e-servicos_fm_-107-1280x854-1.jpg 1280w\" sizes=\"auto, (max-width: 1200px) 100vw, 1200px\" \/><figcaption class=\"wp-element-caption\">Diversas op\u00e7\u00f5es de produtos e servi\u00e7os \u00e0 disposi\u00e7\u00e3o na FENS: 220 estandes<\/figcaption><\/figure>\n\n\n\n<p>\u201cJundia\u00ed se destaca nacionalmente por sua economia, que \u00e9 hoje a 15\u00aa melhor do Brasil. Com essa vis\u00e3o, temos trabalhado para dar mecanismos e abrir portas para que haja mais desenvolvimento do setor, com mais oportunidades para as pessoas\u201d, destacou o gestor de Governo e Finan\u00e7as, Jos\u00e9 Antonio Parimoschi.<\/p>\n\n\n\n<p><strong>Programa\u00e7\u00e3o<\/strong><\/p>\n\n\n\n<p>Na sexta (10), \u00e0s 20h, se apresenta no coreto a banda \u201cTed Nicotina e os Alcatr\u00f5es\u201d, no melhor estilo Rockabilly. S\u00e1bado (11) sobem ao palco a cantora de sertanejo Karla Mantovani, \u00e0s 17h, e a talentosa Shelly Simon (cover de Amy Winehouse), com muito Pop, Rock e MPB, \u00e0s 20h.<\/p>\n\n\n\n<p>J\u00e1 no domingo (12), fecha o evento \u00e0s 16h30 a banda \u201cThe Fers Rock Band\u201d.<\/p>\n\n\n<div class=\"wp-block-image\">\n<figure class=\"aligncenter size-full is-resized\"><img loading=\"lazy\" decoding=\"async\" src=\"https:\/\/tvtecjundiai.com.br\/news\/wp-content\/uploads\/sites\/2\/2023\/03\/ted_nicotina-1-960x960-1.jpg\" alt=\"\" class=\"wp-image-106135\" width=\"703\" height=\"703\" srcset=\"https:\/\/tvtecjundiai.com.br\/news\/wp-content\/uploads\/sites\/2\/2023\/03\/ted_nicotina-1-960x960-1.jpg 960w, https:\/\/tvtecjundiai.com.br\/news\/wp-content\/uploads\/sites\/2\/2023\/03\/ted_nicotina-1-960x960-1-300x300.jpg 300w, https:\/\/tvtecjundiai.com.br\/news\/wp-content\/uploads\/sites\/2\/2023\/03\/ted_nicotina-1-960x960-1-100x100.jpg 100w, https:\/\/tvtecjundiai.com.br\/news\/wp-content\/uploads\/sites\/2\/2023\/03\/ted_nicotina-1-960x960-1-768x768.jpg 768w\" sizes=\"auto, (max-width: 703px) 100vw, 703px\" \/><figcaption class=\"wp-element-caption\">Ted Nicotina e os Alcatr\u00f5es abrem o segundo final de semana da feira: show na sexta, \u00e0s 20h<\/figcaption><\/figure>\n<\/div>\n\n\n<p><strong>Servi\u00e7o<\/strong><\/p>\n\n\n\n<p><strong>FENS 2023<br>Dias:<\/strong>&nbsp;10, 11 e 12 de mar\u00e7o<br><strong>Hor\u00e1rio:<\/strong>&nbsp;sexta, das 12h \u00e0s 22h; s\u00e1bado, das 9h \u00e0s 22h; domingo, das 9h \u00e0s 18h<br><strong>Local:<\/strong>&nbsp;Parque Comendador Ant\u00f4nio Carbonari (avenida Jundia\u00ed, s\/n, Anhangaba\u00fa)<br><strong>Atra\u00e7\u00f5es:<\/strong>&nbsp;Espa\u00e7o gastron\u00f4mico, atra\u00e7\u00f5es culturais, m\u00fasica ao vivo, \u00e1rea exclusiva para crian\u00e7as<\/p>\n\n\n\n<p>Entrada e estacionamento gratuitos<br>Mais informa\u00e7\u00f5es e descontos exclusivos:\u00a0<a rel=\"noreferrer noopener\" href=\"https:\/\/jundiai.sp.gov.br\/fens\/\" target=\"_blank\">https:\/\/jundiai.sp.gov.br\/fens\/<\/a><br>Confira mais fotos do evento no\u00a0<a href=\"https:\/\/flic.kr\/s\/aHBqjAutvx\">Flickr da Prefeitura de Jundia\u00ed.<\/a><\/p>\n\n\n\n<p><em><strong>(Fonte\/Imagem: Prefeitura de Jundia\u00ed)<\/strong><\/em><\/p>\n","protected":false},"excerpt":{"rendered":"<p> A entrada e o estacionamento s\u00e3o gratuitos<\/p>\n","protected":false},"author":30,"featured_media":106134,"comment_status":"closed","ping_status":"0","sticky":false,"template":"","format":"standard","meta":{"footnotes":""},"categories":[8356,8354,1],"tags":[],"class_list":["post-106133","post","type-post","status-publish","format-standard","has-post-thumbnail","hentry","category-jundiai","category-lazer","category-noticias"],"_links":{"self":[{"href":"https:\/\/tvtecjundiai.com.br\/news\/wp-json\/wp\/v2\/posts\/106133","targetHints":{"allow":["GET"]}}],"collection":[{"href":"https:\/\/tvtecjundiai.com.br\/news\/wp-json\/wp\/v2\/posts"}],"about":[{"href":"https:\/\/tvtecjundiai.com.br\/news\/wp-json\/wp\/v2\/types\/post"}],"author":[{"embeddable":true,"href":"https:\/\/tvtecjundiai.com.br\/news\/wp-json\/wp\/v2\/users\/30"}],"replies":[{"embeddable":true,"href":"https:\/\/tvtecjundiai.com.br\/news\/wp-json\/wp\/v2\/comments?post=106133"}],"version-history":[{"count":1,"href":"https:\/\/tvtecjundiai.com.br\/news\/wp-json\/wp\/v2\/posts\/106133\/revisions"}],"predecessor-version":[{"id":106136,"href":"https:\/\/tvtecjundiai.com.br\/news\/wp-json\/wp\/v2\/posts\/106133\/revisions\/106136"}],"wp:featuredmedia":[{"embeddable":true,"href":"https:\/\/tvtecjundiai.com.br\/news\/wp-json\/wp\/v2\/media\/106134"}],"wp:attachment":[{"href":"https:\/\/tvtecjundiai.com.br\/news\/wp-json\/wp\/v2\/media?parent=106133"}],"wp:term":[{"taxonomy":"category","embeddable":true,"href":"https:\/\/tvtecjundiai.com.br\/news\/wp-json\/wp\/v2\/categories?post=106133"},{"taxonomy":"post_tag","embeddable":true,"href":"https:\/\/tvtecjundiai.com.br\/news\/wp-json\/wp\/v2\/tags?post=106133"}],"curies":[{"name":"wp","href":"https:\/\/api.w.org\/{rel}","templated":true}]}}