{"id":106139,"date":"2023-03-09T08:50:55","date_gmt":"2023-03-09T11:50:55","guid":{"rendered":"https:\/\/tvtecjundiai.com.br\/news\/?p=106139"},"modified":"2023-03-09T08:51:00","modified_gmt":"2023-03-09T11:51:00","slug":"biblioteca-municipal-recebe-a-expo-mulheres-2023","status":"publish","type":"post","link":"https:\/\/tvtecjundiai.com.br\/news\/2023\/03\/09\/biblioteca-municipal-recebe-a-expo-mulheres-2023\/","title":{"rendered":"Biblioteca Municipal recebe a Expo Mulheres 2023"},"content":{"rendered":"\n<p>A Biblioteca P\u00fablica Municipal Prof, Nelson Foot (BNF) recebe no espa\u00e7o Sonia Cintra, at\u00e9 o dia 31 de mar\u00e7o, a exposi\u00e7\u00e3o \u201cExpo Mulheres 2023\u201d, uma realiza\u00e7\u00e3o da revista DTV, com curadoria da jornalista Sandra Castelo Branco.<\/p>\n\n\n\n<p>A mostra composta de 45 fotos de mulheres jundiaienses tem como objetivo homenagear mulheres das mais diferentes classes sociais e profissionais, no m\u00eas em que se comemora o Dia Internacional da Mulher, em 8 de mar\u00e7o.<\/p>\n\n\n\n<p>Na abertura da exposi\u00e7\u00e3o as mulheres homenageadas receber\u00e3o tamb\u00e9m um diploma de participa\u00e7\u00e3o dos organizadores. \u00a0<\/p>\n\n\n\n<figure class=\"wp-block-image size-large\"><img loading=\"lazy\" decoding=\"async\" width=\"1200\" height=\"801\" src=\"https:\/\/tvtecjundiai.com.br\/news\/wp-content\/uploads\/sites\/2\/2023\/03\/expo_mulheres_2023_biblioteca_nelson_foot_pa-20-1280x854-1-1200x801.jpg\" alt=\"\" class=\"wp-image-106140\" srcset=\"https:\/\/tvtecjundiai.com.br\/news\/wp-content\/uploads\/sites\/2\/2023\/03\/expo_mulheres_2023_biblioteca_nelson_foot_pa-20-1280x854-1-1200x801.jpg 1200w, https:\/\/tvtecjundiai.com.br\/news\/wp-content\/uploads\/sites\/2\/2023\/03\/expo_mulheres_2023_biblioteca_nelson_foot_pa-20-1280x854-1-300x200.jpg 300w, https:\/\/tvtecjundiai.com.br\/news\/wp-content\/uploads\/sites\/2\/2023\/03\/expo_mulheres_2023_biblioteca_nelson_foot_pa-20-1280x854-1-768x512.jpg 768w, https:\/\/tvtecjundiai.com.br\/news\/wp-content\/uploads\/sites\/2\/2023\/03\/expo_mulheres_2023_biblioteca_nelson_foot_pa-20-1280x854-1.jpg 1280w\" sizes=\"auto, (max-width: 1200px) 100vw, 1200px\" \/><\/figure>\n\n\n\n<p><\/p>\n\n\n\n<p>A \u201cExpo Mulheres\u201d acontece em Jundia\u00ed desde 2015, sempre alcan\u00e7ando grande repercuss\u00e3o na cidade e tamb\u00e9m regi\u00e3o. A \u00faltima foi realizada em 2020, antes da pandemia.<\/p>\n\n\n\n<p>&nbsp;\u201cExpo Mulheres 2023\u201d poder\u00e1 ser visitada pelo p\u00fablico at\u00e9 o dia 31 de mar\u00e7o, de segunda a sexta-feira, das 9h \u00e0s 21h. Aos s\u00e1bados das 9h \u00e0s 17h. A entrada \u00e9 gratuita.<\/p>\n\n\n\n<p>A Biblioteca est\u00e1 localizada dentro do Complexo Argos, na rua Dr. Cavalcanti, 396 \u2013 Vila Arens<\/p>\n\n\n\n<p><em><strong>(Fonte: Prefeitura de Jundia\u00ed\/Imagem: Divulga\u00e7\u00e3o)<\/strong><\/em><\/p>\n","protected":false},"excerpt":{"rendered":"<p>A mostra tem como objetivo homenagear mulheres de diferentes classes sociais e profissionais<\/p>\n","protected":false},"author":30,"featured_media":106140,"comment_status":"closed","ping_status":"0","sticky":false,"template":"","format":"standard","meta":{"footnotes":""},"categories":[2833,8356,1],"tags":[],"class_list":["post-106139","post","type-post","status-publish","format-standard","has-post-thumbnail","hentry","category-cultura","category-jundiai","category-noticias"],"_links":{"self":[{"href":"https:\/\/tvtecjundiai.com.br\/news\/wp-json\/wp\/v2\/posts\/106139","targetHints":{"allow":["GET"]}}],"collection":[{"href":"https:\/\/tvtecjundiai.com.br\/news\/wp-json\/wp\/v2\/posts"}],"about":[{"href":"https:\/\/tvtecjundiai.com.br\/news\/wp-json\/wp\/v2\/types\/post"}],"author":[{"embeddable":true,"href":"https:\/\/tvtecjundiai.com.br\/news\/wp-json\/wp\/v2\/users\/30"}],"replies":[{"embeddable":true,"href":"https:\/\/tvtecjundiai.com.br\/news\/wp-json\/wp\/v2\/comments?post=106139"}],"version-history":[{"count":1,"href":"https:\/\/tvtecjundiai.com.br\/news\/wp-json\/wp\/v2\/posts\/106139\/revisions"}],"predecessor-version":[{"id":106141,"href":"https:\/\/tvtecjundiai.com.br\/news\/wp-json\/wp\/v2\/posts\/106139\/revisions\/106141"}],"wp:featuredmedia":[{"embeddable":true,"href":"https:\/\/tvtecjundiai.com.br\/news\/wp-json\/wp\/v2\/media\/106140"}],"wp:attachment":[{"href":"https:\/\/tvtecjundiai.com.br\/news\/wp-json\/wp\/v2\/media?parent=106139"}],"wp:term":[{"taxonomy":"category","embeddable":true,"href":"https:\/\/tvtecjundiai.com.br\/news\/wp-json\/wp\/v2\/categories?post=106139"},{"taxonomy":"post_tag","embeddable":true,"href":"https:\/\/tvtecjundiai.com.br\/news\/wp-json\/wp\/v2\/tags?post=106139"}],"curies":[{"name":"wp","href":"https:\/\/api.w.org\/{rel}","templated":true}]}}