{"id":106153,"date":"2023-03-09T09:29:54","date_gmt":"2023-03-09T12:29:54","guid":{"rendered":"https:\/\/tvtecjundiai.com.br\/news\/?p=106153"},"modified":"2023-03-09T09:30:02","modified_gmt":"2023-03-09T12:30:02","slug":"jardim-de-chuva-e-tema-de-formacao-gratuita-em-jundiai","status":"publish","type":"post","link":"https:\/\/tvtecjundiai.com.br\/news\/2023\/03\/09\/jardim-de-chuva-e-tema-de-formacao-gratuita-em-jundiai\/","title":{"rendered":"Jardim de Chuva \u00e9 tema de forma\u00e7\u00e3o gratuita em Jundia\u00ed"},"content":{"rendered":"\n<p>Em mais uma parceria entre a Prefeitura de Jundia\u00ed e o Sesc, ser\u00e1 realizado entre os dias 9, 16 e 18, forma\u00e7\u00e3o gratuita sobre sistematiza\u00e7\u00e3o de \u00e1gua na paisagem, os jardins de chuva. Com atividades te\u00f3ricas e pr\u00e1ticas, o grupo aplicar\u00e1 os conhecimentos na Horta Urbana e Parque Naturalizado do Jardim Guanabara, que est\u00e3o em forma\u00e7\u00e3o.<\/p>\n\n\n\n<p>De acordo com a diretora de Planejamento Urbano, da Unidade de Gest\u00e3o de Planejamento Urbano e Meio Ambiente (UGPUMA), Sylvia Angelini, o tema \u00e9 de grande interesse entre a popula\u00e7\u00e3o. \u201cNesta primeira fase, os t\u00e9cnicos do munic\u00edpio far\u00e3o a capacita\u00e7\u00e3o, mas a inten\u00e7\u00e3o \u00e9 expandir para a popula\u00e7\u00e3o em geral, j\u00e1 que a preserva\u00e7\u00e3o do meio ambiente e a sustentabilidade s\u00e3o pilares para o desenvolvimento saud\u00e1vel e com qualidade de vida para a sociedade\u201d, comenta.<\/p>\n\n\n\n<p>Ainda de acordo com Sylvia, a parceria com o Sesc traz dois especialistas no tema \u2013 Fernando Sassioto e Guilherme Castagna \u2013 para explicar sobre como planejar a sistematiza\u00e7\u00e3o da \u00e1gua pluvial na paisagem, a partir de t\u00e9cnicas diferentes para atender a diversas escalas e contextos. Nesse tema, est\u00e3o inseridas as conhecidas as barragens e cisternas utilizadas em \u00e1reas onde h\u00e1 escassez h\u00eddrica e que toda precipita\u00e7\u00e3o deve ser preservada; reserva\u00e7\u00e3o para conten\u00e7\u00e3o de eros\u00e3o, entre outras t\u00e9cnicas que devem ser aplicadas de acordo com a topografia do terreno.<\/p>\n\n\n\n<figure class=\"wp-block-image size-full is-resized\"><img loading=\"lazy\" decoding=\"async\" src=\"https:\/\/tvtecjundiai.com.br\/news\/wp-content\/uploads\/sites\/2\/2023\/03\/jardimchuva1.jpg\" alt=\"\" class=\"wp-image-106156\" width=\"840\" height=\"637\" srcset=\"https:\/\/tvtecjundiai.com.br\/news\/wp-content\/uploads\/sites\/2\/2023\/03\/jardimchuva1.jpg 1080w, https:\/\/tvtecjundiai.com.br\/news\/wp-content\/uploads\/sites\/2\/2023\/03\/jardimchuva1-300x228.jpg 300w, https:\/\/tvtecjundiai.com.br\/news\/wp-content\/uploads\/sites\/2\/2023\/03\/jardimchuva1-768x582.jpg 768w\" sizes=\"auto, (max-width: 840px) 100vw, 840px\" \/><figcaption class=\"wp-element-caption\">T\u00e9cnicas apresentadas na atividade reduzem enxurradas e possibilitam a infiltra\u00e7\u00e3o da \u00e1gua no solo<\/figcaption><\/figure>\n\n\n\n<p><\/p>\n\n\n\n<p>\u201cO curso \u00e9 resultante de uma continuidade da parceria entre o Sesc Jundia\u00ed e o Programa Horta Urbana, que vem sendo desenvolvida desde 2021, ap\u00f3s um Curso de Design em Permacultura (PDC) organizado pelo Sesc. Come\u00e7amos a nossa contribui\u00e7\u00e3o no bairro Fazenda Grande e, desde o segundo semestre de 2022 temos trabalhado juntos no Jardim Guanabara. Este curso traz um novo tema \u00e0 parceria, al\u00e9m da bioconstru\u00e7\u00e3o e do manejo de efluentes, permitindo um olhar mais amplo sobre a gest\u00e3o da \u00e1gua no territ\u00f3rio, com base na permacultura, e fornecendo subs\u00eddios para pol\u00edticas p\u00fablicas mais amplas na cidade\u201d, explica o agente de educa\u00e7\u00e3o ambiental do Sesc Jundia\u00ed, Andr\u00e9 Fossaluza.<\/p>\n\n\n\n<p>Os interessados em conhecer o trabalho j\u00e1 desenvolvido em parceria entre Prefeitura e Sesc na Horta Urbana do Fazenda Grande, podem acessar o minidocument\u00e1rio \u201cDo Plantio \u00e0 Bioconstru\u00e7\u00e3o: A for\u00e7a coletiva na implanta\u00e7\u00e3o da Horta Urbana no bairro Fazenda Grande\u201d, lan\u00e7ado em setembro de 2022, dispon\u00edvel no link: \u00a0<a rel=\"noreferrer noopener\" href=\"https:\/\/youtu.be\/pPixy8GEcmA\" target=\"_blank\">https:\/\/youtu.be\/pPixy8GEcmA<\/a>.<\/p>\n\n\n\n<p><strong><em>(Fonte: Prefeitura de Jundia\u00ed\/Imagem: Divulga\u00e7\u00e3o)<\/em><\/strong><\/p>\n","protected":false},"excerpt":{"rendered":"<p>T\u00e9cnicas apresentadas na atividade reduzem enxurradas e possibilitam a infiltra\u00e7\u00e3o da \u00e1gua no solo<\/p>\n","protected":false},"author":30,"featured_media":106156,"comment_status":"closed","ping_status":"0","sticky":false,"template":"","format":"standard","meta":{"footnotes":""},"categories":[8356,1],"tags":[],"class_list":["post-106153","post","type-post","status-publish","format-standard","has-post-thumbnail","hentry","category-jundiai","category-noticias"],"_links":{"self":[{"href":"https:\/\/tvtecjundiai.com.br\/news\/wp-json\/wp\/v2\/posts\/106153","targetHints":{"allow":["GET"]}}],"collection":[{"href":"https:\/\/tvtecjundiai.com.br\/news\/wp-json\/wp\/v2\/posts"}],"about":[{"href":"https:\/\/tvtecjundiai.com.br\/news\/wp-json\/wp\/v2\/types\/post"}],"author":[{"embeddable":true,"href":"https:\/\/tvtecjundiai.com.br\/news\/wp-json\/wp\/v2\/users\/30"}],"replies":[{"embeddable":true,"href":"https:\/\/tvtecjundiai.com.br\/news\/wp-json\/wp\/v2\/comments?post=106153"}],"version-history":[{"count":1,"href":"https:\/\/tvtecjundiai.com.br\/news\/wp-json\/wp\/v2\/posts\/106153\/revisions"}],"predecessor-version":[{"id":106157,"href":"https:\/\/tvtecjundiai.com.br\/news\/wp-json\/wp\/v2\/posts\/106153\/revisions\/106157"}],"wp:featuredmedia":[{"embeddable":true,"href":"https:\/\/tvtecjundiai.com.br\/news\/wp-json\/wp\/v2\/media\/106156"}],"wp:attachment":[{"href":"https:\/\/tvtecjundiai.com.br\/news\/wp-json\/wp\/v2\/media?parent=106153"}],"wp:term":[{"taxonomy":"category","embeddable":true,"href":"https:\/\/tvtecjundiai.com.br\/news\/wp-json\/wp\/v2\/categories?post=106153"},{"taxonomy":"post_tag","embeddable":true,"href":"https:\/\/tvtecjundiai.com.br\/news\/wp-json\/wp\/v2\/tags?post=106153"}],"curies":[{"name":"wp","href":"https:\/\/api.w.org\/{rel}","templated":true}]}}