{"id":106158,"date":"2023-03-09T09:38:06","date_gmt":"2023-03-09T12:38:06","guid":{"rendered":"https:\/\/tvtecjundiai.com.br\/news\/?p=106158"},"modified":"2023-03-09T09:38:11","modified_gmt":"2023-03-09T12:38:11","slug":"procon-jundiai-prepara-acoes-para-a-quinzena-do-consumidor","status":"publish","type":"post","link":"https:\/\/tvtecjundiai.com.br\/news\/2023\/03\/09\/procon-jundiai-prepara-acoes-para-a-quinzena-do-consumidor\/","title":{"rendered":"Procon Jundia\u00ed prepara a\u00e7\u00f5es para a Quinzena do Consumidor"},"content":{"rendered":"\n<p>Em alus\u00e3o ao Dia Mundial do Consumidor, celebrado no dia 15 de mar\u00e7o, o Procon de Jundia\u00ed prepara uma s\u00e9rie de atividades para a Quinzena do Consumidor. As a\u00e7\u00f5es ter\u00e3o in\u00edcio no dia 13 e se estendem at\u00e9 o dia 28 de mar\u00e7o. Como parte das iniciativas, a institui\u00e7\u00e3o far\u00e1 o lan\u00e7amento do mais novo e moderno site, com elementos que remetem \u00e0 Cidades das Crian\u00e7as e ao P\u00e9 de Inf\u00e2ncia. Ele estar\u00e1 no ar a partir do dia 15.<\/p>\n\n\n\n<p>A primeira a\u00e7\u00e3o, prevista para o dia 13, ser\u00e1 com o Procon M\u00f3vel. A van estar\u00e1 estacionada na Pra\u00e7a Governador Pedro de Toledo (Pra\u00e7a da Matriz) e realizar\u00e1 o atendimento ao p\u00fablico para orienta\u00e7\u00e3o sobre os direitos do consumidor, educa\u00e7\u00e3o para o consumo, distribui\u00e7\u00e3o gratuita do c\u00f3digo do consumidor e aux\u00edlio em d\u00favidas gerais. A van voltar\u00e1 \u00e0 Pra\u00e7a da Matriz nos dias 15 e 17.<\/p>\n\n\n\n<figure class=\"wp-block-image size-large\"><img loading=\"lazy\" decoding=\"async\" width=\"1200\" height=\"801\" src=\"https:\/\/tvtecjundiai.com.br\/news\/wp-content\/uploads\/sites\/2\/2023\/03\/procon-movel_centro_m_-20-1280x854-1-1200x801.jpg\" alt=\"\" class=\"wp-image-106159\" srcset=\"https:\/\/tvtecjundiai.com.br\/news\/wp-content\/uploads\/sites\/2\/2023\/03\/procon-movel_centro_m_-20-1280x854-1-1200x801.jpg 1200w, https:\/\/tvtecjundiai.com.br\/news\/wp-content\/uploads\/sites\/2\/2023\/03\/procon-movel_centro_m_-20-1280x854-1-300x200.jpg 300w, https:\/\/tvtecjundiai.com.br\/news\/wp-content\/uploads\/sites\/2\/2023\/03\/procon-movel_centro_m_-20-1280x854-1-768x512.jpg 768w, https:\/\/tvtecjundiai.com.br\/news\/wp-content\/uploads\/sites\/2\/2023\/03\/procon-movel_centro_m_-20-1280x854-1.jpg 1280w\" sizes=\"auto, (max-width: 1200px) 100vw, 1200px\" \/><figcaption class=\"wp-element-caption\">Procon M\u00f3vel estar\u00e1 na Pra\u00e7a Governador Pedro de Toledo em tr\u00eas datas<\/figcaption><\/figure>\n\n\n\n<p><\/p>\n\n\n\n<p>O Procon M\u00f3vel tamb\u00e9m far\u00e1 atua\u00e7\u00f5es descentralizadas e estar\u00e1 na C\u00e1ritas Diocesana, no Parque Residencial Almerinda Chaves, nos dias 20 e 24, e no Centro de Integra\u00e7\u00e3o e Cidadania (CIC), no Parque Cecap, no dia 22.<br><br>Tamb\u00e9m no dia 15, a institui\u00e7\u00e3o far\u00e1 a divulga\u00e7\u00e3o do ranking das reclama\u00e7\u00f5es fundamentadas e finalizadas no ano de 2022. A medida visa atender o artigo 44 do C\u00f3digo do Consumidor.<\/p>\n\n\n\n<p>\u201cA Quinzena do Consumidor tem como objetivo orientar os consumidores sobre o consumo consciente e alert\u00e1-los sobre os seus direitos, al\u00e9m dos principais golpes que est\u00e3o sendo aplicados. Realizaremos uma s\u00e9rie de atividades para que a gente atinja o maior n\u00famero de pessoal poss\u00edvel \u201d, avalia a Chefe do Procon, Val\u00e9ria Tavares Alc\u00e2ntara.<\/p>\n\n\n\n<p><strong>Cidade das Crian\u00e7as<br><\/strong>Com o objetivo de educar as crian\u00e7as ao consumo consciente, o Procon ir\u00e1 desenvolver duas a\u00e7\u00f5es espec\u00edficas voltadas ao p\u00fablico. no dia 24, os alunos da EMEB Nassif Cury far\u00e3o a Trilha do Consumidor e o Supermercado Legal, que ensina as crian\u00e7as a pesquisarem pre\u00e7os e fazerem as compras ideias em um supermercado.<\/p>\n\n\n\n<p>J\u00e1 no dia 28, os pequenos que estiverem presentes na F\u00e1brica das Inf\u00e2ncias Japy, poder\u00e3o realizar a Trilha do Consumidor. A F\u00e1brica est\u00e1 localizada na rua Lacerda Franco, 175, Vila Arens.<\/p>\n\n\n\n<figure class=\"wp-block-image size-large\"><img loading=\"lazy\" decoding=\"async\" width=\"1200\" height=\"801\" src=\"https:\/\/tvtecjundiai.com.br\/news\/wp-content\/uploads\/sites\/2\/2023\/03\/procon_trilha-do-consumidor_emeb-adelino-brandao_m_-156-1200x801.jpg\" alt=\"\" class=\"wp-image-106160\" srcset=\"https:\/\/tvtecjundiai.com.br\/news\/wp-content\/uploads\/sites\/2\/2023\/03\/procon_trilha-do-consumidor_emeb-adelino-brandao_m_-156-1200x801.jpg 1200w, https:\/\/tvtecjundiai.com.br\/news\/wp-content\/uploads\/sites\/2\/2023\/03\/procon_trilha-do-consumidor_emeb-adelino-brandao_m_-156-300x200.jpg 300w, https:\/\/tvtecjundiai.com.br\/news\/wp-content\/uploads\/sites\/2\/2023\/03\/procon_trilha-do-consumidor_emeb-adelino-brandao_m_-156-768x512.jpg 768w, https:\/\/tvtecjundiai.com.br\/news\/wp-content\/uploads\/sites\/2\/2023\/03\/procon_trilha-do-consumidor_emeb-adelino-brandao_m_-156.jpg 1280w\" sizes=\"auto, (max-width: 1200px) 100vw, 1200px\" \/><figcaption class=\"wp-element-caption\">Procon far\u00e1 uma a\u00e7\u00e3o com as crian\u00e7as, na F\u00e1brica das Inf\u00e2ncias Japy<\/figcaption><\/figure>\n\n\n\n<p><\/p>\n\n\n\n<p><strong><em>(Fonte\/Imagens: Prefeitura de Jundia\u00ed)<\/em><\/strong><\/p>\n","protected":false},"excerpt":{"rendered":"<p>As a\u00e7\u00f5es ter\u00e3o in\u00edcio no dia 13 e se estendem at\u00e9 o dia 28 de mar\u00e7o<\/p>\n","protected":false},"author":30,"featured_media":106159,"comment_status":"closed","ping_status":"0","sticky":false,"template":"","format":"standard","meta":{"footnotes":""},"categories":[8356,1],"tags":[],"class_list":["post-106158","post","type-post","status-publish","format-standard","has-post-thumbnail","hentry","category-jundiai","category-noticias"],"_links":{"self":[{"href":"https:\/\/tvtecjundiai.com.br\/news\/wp-json\/wp\/v2\/posts\/106158","targetHints":{"allow":["GET"]}}],"collection":[{"href":"https:\/\/tvtecjundiai.com.br\/news\/wp-json\/wp\/v2\/posts"}],"about":[{"href":"https:\/\/tvtecjundiai.com.br\/news\/wp-json\/wp\/v2\/types\/post"}],"author":[{"embeddable":true,"href":"https:\/\/tvtecjundiai.com.br\/news\/wp-json\/wp\/v2\/users\/30"}],"replies":[{"embeddable":true,"href":"https:\/\/tvtecjundiai.com.br\/news\/wp-json\/wp\/v2\/comments?post=106158"}],"version-history":[{"count":1,"href":"https:\/\/tvtecjundiai.com.br\/news\/wp-json\/wp\/v2\/posts\/106158\/revisions"}],"predecessor-version":[{"id":106161,"href":"https:\/\/tvtecjundiai.com.br\/news\/wp-json\/wp\/v2\/posts\/106158\/revisions\/106161"}],"wp:featuredmedia":[{"embeddable":true,"href":"https:\/\/tvtecjundiai.com.br\/news\/wp-json\/wp\/v2\/media\/106159"}],"wp:attachment":[{"href":"https:\/\/tvtecjundiai.com.br\/news\/wp-json\/wp\/v2\/media?parent=106158"}],"wp:term":[{"taxonomy":"category","embeddable":true,"href":"https:\/\/tvtecjundiai.com.br\/news\/wp-json\/wp\/v2\/categories?post=106158"},{"taxonomy":"post_tag","embeddable":true,"href":"https:\/\/tvtecjundiai.com.br\/news\/wp-json\/wp\/v2\/tags?post=106158"}],"curies":[{"name":"wp","href":"https:\/\/api.w.org\/{rel}","templated":true}]}}