{"id":106173,"date":"2023-03-13T09:44:31","date_gmt":"2023-03-13T12:44:31","guid":{"rendered":"https:\/\/tvtecjundiai.com.br\/news\/?p=106173"},"modified":"2023-03-13T09:44:35","modified_gmt":"2023-03-13T12:44:35","slug":"moda-e-acessorios-criativos-fazem-sucesso-no-galpao","status":"publish","type":"post","link":"https:\/\/tvtecjundiai.com.br\/news\/2023\/03\/13\/moda-e-acessorios-criativos-fazem-sucesso-no-galpao\/","title":{"rendered":"Moda e acess\u00f3rios criativos fazem sucesso no Galp\u00e3o"},"content":{"rendered":"\n<p>A 2\u00aa edi\u00e7\u00e3o do Galp\u00e3o Criativo, iniciativa da Prefeitura de Jundia\u00ed e da Funda\u00e7\u00e3o Escola TVTEC, realizada nos dias 25 e 26 de fevereiro, ofereceu aos visitantes uma grande variedade de estilos e tend\u00eancias na moda. Com pe\u00e7as \u00fanicas e acess\u00f3rios feitos \u00e0 m\u00e3o, o segmento se destacou pela qualidade e criatividade.<\/p>\n\n\n\n<p>Os criativos do Galp\u00e3o ressaltaram a import\u00e2ncia do evento para a divulga\u00e7\u00e3o e fomento da moda criativa em Jundia\u00ed. Segundo Gl\u00e1ucia Daniele Tafarello Teixeira, da Maria Formosa Acess\u00f3rios, seus produtos tiveram uma \u00f3tima aceita\u00e7\u00e3o. \u201cMuitos clientes que vieram na 1\u00aa edi\u00e7\u00e3o voltaram e compraram novamente. No momento eu compro os acess\u00f3rios de fornecedores, mas minha meta \u00e9 criar uma linha somente com pe\u00e7as artesanais\u201d, comenta.<\/p>\n\n\n\n<figure class=\"wp-block-image size-full\"><img loading=\"lazy\" decoding=\"async\" width=\"1084\" height=\"960\" src=\"https:\/\/tvtecjundiai.com.br\/news\/wp-content\/uploads\/sites\/2\/2023\/03\/moda_glaucia.jpg\" alt=\"\" class=\"wp-image-106240\" srcset=\"https:\/\/tvtecjundiai.com.br\/news\/wp-content\/uploads\/sites\/2\/2023\/03\/moda_glaucia.jpg 1084w, https:\/\/tvtecjundiai.com.br\/news\/wp-content\/uploads\/sites\/2\/2023\/03\/moda_glaucia-300x266.jpg 300w, https:\/\/tvtecjundiai.com.br\/news\/wp-content\/uploads\/sites\/2\/2023\/03\/moda_glaucia-768x680.jpg 768w\" sizes=\"auto, (max-width: 1084px) 100vw, 1084px\" \/><figcaption class=\"wp-element-caption\">Gl\u00e1ucia Daniele Tafarello Teixeira relata que seus produtos tiveram uma \u00f3tima aceita\u00e7\u00e3o.<\/figcaption><\/figure>\n\n\n\n<p><\/p>\n\n\n\n<p>Com o prop\u00f3sito de empoderar mulheres,&nbsp;Naiami Silva de Araujo, da Criativo 41, confecciona acess\u00f3rios para o cabelo, como faixas e turbantes. \u201cTodas as pe\u00e7as s\u00e3o produzidas por mim, desde a sele\u00e7\u00e3o dos tecidos at\u00e9 a divulga\u00e7\u00e3o das pe\u00e7as. Durante muitos anos n\u00e3o soube cuidar dos meus cabelos e, quando tive a oportunidade de aprender e obter autoestima, conheci os turbantes e faixas. Ent\u00e3o aprendi a costurar de forma sustent\u00e1vel e produzir meus pr\u00f3prios modelos, assim, ajudando a empoderar outras mulheres\u201d.<\/p>\n\n\n\n<p>Contente com o resultado final, Naiami elogia o Galp\u00e3o Criativo pelo aprendizado e evolu\u00e7\u00e3o como empreendedora. \u201cParticipar do evento foi de total import\u00e2ncia para melhorar minha forma de comunica\u00e7\u00e3o com o p\u00fablico. Me senti mais segura em interagir e expor meus produtos de forma mais assertiva, al\u00e9m de tirar d\u00favidas e explicar como usar o produto\u201d, diz.<\/p>\n\n\n\n<figure class=\"wp-block-image size-large\"><img loading=\"lazy\" decoding=\"async\" width=\"1200\" height=\"800\" src=\"https:\/\/tvtecjundiai.com.br\/news\/wp-content\/uploads\/sites\/2\/2023\/03\/moda_-Naiami-1200x800.jpg\" alt=\"\" class=\"wp-image-106238\" srcset=\"https:\/\/tvtecjundiai.com.br\/news\/wp-content\/uploads\/sites\/2\/2023\/03\/moda_-Naiami-1200x800.jpg 1200w, https:\/\/tvtecjundiai.com.br\/news\/wp-content\/uploads\/sites\/2\/2023\/03\/moda_-Naiami-300x200.jpg 300w, https:\/\/tvtecjundiai.com.br\/news\/wp-content\/uploads\/sites\/2\/2023\/03\/moda_-Naiami-768x512.jpg 768w, https:\/\/tvtecjundiai.com.br\/news\/wp-content\/uploads\/sites\/2\/2023\/03\/moda_-Naiami.jpg 1280w\" sizes=\"auto, (max-width: 1200px) 100vw, 1200px\" \/><figcaption class=\"wp-element-caption\">Naiami Silva de Araujo confecciona acess\u00f3rios para o cabelo, como faixas e turbantes.<\/figcaption><\/figure>\n\n\n\n<p><\/p>\n\n\n\n<p>J\u00e1 Lidiane Cristina Carvalho Rocha, da Sacola Cheia Store, procura se diferenciar dos brech\u00f3s tradicionais, trazendo uma experi\u00eancia de compra significativa. \u201cEm todas as pe\u00e7as \u00e9 feita uma curadoria bem detalhada, onde ficam como se fossem novas, mas com um pre\u00e7o acess\u00edvel por ser brech\u00f3. Em algumas ocasi\u00f5es, levo na costureira para redesenhar a pe\u00e7a e deixar em um formato mais moderno, mas sempre mantendo a originalidade da pe\u00e7a. Esse \u00e9 o diferencial da loja, al\u00e9m da experi\u00eancia olfativa na embalagem e um PDF ap\u00f3s a compra, com inspira\u00e7\u00f5es de estilos com as pr\u00f3prias pe\u00e7as que a pessoa adquiriu, ajudando-a a montar seus looks\u201d.<\/p>\n\n\n\n<p>Incentivada a consumir moda sustent\u00e1vel desde crian\u00e7a, a empreendedora cresceu em brech\u00f3s, onde aprendeu a se vestir bem e gastar pouco. \u201cCom essa ideia, comecei a estudar sobre moda e montei meu pr\u00f3prio brech\u00f3. Participar do Galp\u00e3o Criativo foi gratificante, consegui amadurecer meu neg\u00f3cio e pensar em novas possibilidades. S\u00f3 tenho que agradecer toda equipe por nos instruir e valorizar nosso trabalho\u201d, completa.<\/p>\n\n\n\n<figure class=\"wp-block-image size-large\"><img loading=\"lazy\" decoding=\"async\" width=\"1200\" height=\"953\" src=\"https:\/\/tvtecjundiai.com.br\/news\/wp-content\/uploads\/sites\/2\/2023\/03\/moda_lidiane2-1200x953.jpg\" alt=\"\" class=\"wp-image-106241\" srcset=\"https:\/\/tvtecjundiai.com.br\/news\/wp-content\/uploads\/sites\/2\/2023\/03\/moda_lidiane2-1200x953.jpg 1200w, https:\/\/tvtecjundiai.com.br\/news\/wp-content\/uploads\/sites\/2\/2023\/03\/moda_lidiane2-300x238.jpg 300w, https:\/\/tvtecjundiai.com.br\/news\/wp-content\/uploads\/sites\/2\/2023\/03\/moda_lidiane2-768x610.jpg 768w, https:\/\/tvtecjundiai.com.br\/news\/wp-content\/uploads\/sites\/2\/2023\/03\/moda_lidiane2.jpg 1280w\" sizes=\"auto, (max-width: 1200px) 100vw, 1200px\" \/><figcaption class=\"wp-element-caption\">Lidiane Cristina Carvalho Rocha procura se diferenciar dos brech\u00f3s tradicionais, trazendo uma experi\u00eancia de compra significativa.<\/figcaption><\/figure>\n\n\n\n<p><\/p>\n\n\n\n<p><strong><em>(Fonte\/Imagens: TVTEC Jundia\u00ed)<\/em><\/strong><\/p>\n","protected":false},"excerpt":{"rendered":"<p>Com pe\u00e7as \u00fanicas e feitas \u00e0 m\u00e3o, o segmento se destacou pela qualidade<\/p>\n","protected":false},"author":30,"featured_media":106239,"comment_status":"closed","ping_status":"0","sticky":false,"template":"","format":"standard","meta":{"footnotes":""},"categories":[29,8408,8356,1],"tags":[],"class_list":["post-106173","post","type-post","status-publish","format-standard","has-post-thumbnail","hentry","category-destaque","category-galpao-criativo","category-jundiai","category-noticias"],"_links":{"self":[{"href":"https:\/\/tvtecjundiai.com.br\/news\/wp-json\/wp\/v2\/posts\/106173","targetHints":{"allow":["GET"]}}],"collection":[{"href":"https:\/\/tvtecjundiai.com.br\/news\/wp-json\/wp\/v2\/posts"}],"about":[{"href":"https:\/\/tvtecjundiai.com.br\/news\/wp-json\/wp\/v2\/types\/post"}],"author":[{"embeddable":true,"href":"https:\/\/tvtecjundiai.com.br\/news\/wp-json\/wp\/v2\/users\/30"}],"replies":[{"embeddable":true,"href":"https:\/\/tvtecjundiai.com.br\/news\/wp-json\/wp\/v2\/comments?post=106173"}],"version-history":[{"count":13,"href":"https:\/\/tvtecjundiai.com.br\/news\/wp-json\/wp\/v2\/posts\/106173\/revisions"}],"predecessor-version":[{"id":106318,"href":"https:\/\/tvtecjundiai.com.br\/news\/wp-json\/wp\/v2\/posts\/106173\/revisions\/106318"}],"wp:featuredmedia":[{"embeddable":true,"href":"https:\/\/tvtecjundiai.com.br\/news\/wp-json\/wp\/v2\/media\/106239"}],"wp:attachment":[{"href":"https:\/\/tvtecjundiai.com.br\/news\/wp-json\/wp\/v2\/media?parent=106173"}],"wp:term":[{"taxonomy":"category","embeddable":true,"href":"https:\/\/tvtecjundiai.com.br\/news\/wp-json\/wp\/v2\/categories?post=106173"},{"taxonomy":"post_tag","embeddable":true,"href":"https:\/\/tvtecjundiai.com.br\/news\/wp-json\/wp\/v2\/tags?post=106173"}],"curies":[{"name":"wp","href":"https:\/\/api.w.org\/{rel}","templated":true}]}}