{"id":106177,"date":"2023-03-09T14:41:21","date_gmt":"2023-03-09T17:41:21","guid":{"rendered":"https:\/\/tvtecjundiai.com.br\/news\/?p=106177"},"modified":"2023-03-09T14:41:41","modified_gmt":"2023-03-09T17:41:41","slug":"receita-libera-programa-gerador-do-imposto-de-renda-2023","status":"publish","type":"post","link":"https:\/\/tvtecjundiai.com.br\/news\/2023\/03\/09\/receita-libera-programa-gerador-do-imposto-de-renda-2023\/","title":{"rendered":"Receita Federal libera programa gerador do Imposto de Renda 2023"},"content":{"rendered":"\n<p>Com uma semana de anteced\u00eancia em rela\u00e7\u00e3o ao previsto, a Receita Federal libera nesta&nbsp;quinta-feira (9) o programa gerador da declara\u00e7\u00e3o deste ano (ano-base 2022). Originalmente, a libera\u00e7\u00e3o do programa estava prevista para 15 de mar\u00e7o, primeiro dia de entrega da declara\u00e7\u00e3o, mas foi antecipada para que o contribuinte tenha mais tempo de se organizar.<img decoding=\"async\" src=\"https:\/\/agenciabrasil.ebc.com.br\/ebc.png?id=1515164&amp;o=node\"><img decoding=\"async\" src=\"https:\/\/agenciabrasil.ebc.com.br\/ebc.gif?id=1515164&amp;o=node\"><\/p>\n\n\n\n<p>O programa gerador poder\u00e1 ser baixado no\u00a0<a rel=\"noreferrer noopener\" href=\"https:\/\/www.gov.br\/receitafederal\/pt-br\" target=\"_blank\"><em>site<\/em>\u00a0da Receita Federal<\/a>, pelo\u00a0<a rel=\"noreferrer noopener\" href=\"https:\/\/cav.receita.fazenda.gov.br\/autenticacao\/login\" target=\"_blank\">Centro Virtual de Atendimento a Contribuintes<\/a>\u00a0(e-CAC), ou pelo aplicativo Meu Imposto de Renda, dispon\u00edvel para\u00a0<em>tablets\u00a0<\/em>e celulares dos sistemas Android e iOS.<\/p>\n\n\n<div class=\"wp-block-image\">\n<figure class=\"aligncenter size-full is-resized\"><img loading=\"lazy\" decoding=\"async\" src=\"https:\/\/tvtecjundiai.com.br\/news\/wp-content\/uploads\/sites\/2\/2020\/04\/imposto-de-renda-ab-marcello-casal.jpg\" alt=\"\" class=\"wp-image-50273\" width=\"711\" height=\"425\" srcset=\"https:\/\/tvtecjundiai.com.br\/news\/wp-content\/uploads\/sites\/2\/2020\/04\/imposto-de-renda-ab-marcello-casal.jpg 1170w, https:\/\/tvtecjundiai.com.br\/news\/wp-content\/uploads\/sites\/2\/2020\/04\/imposto-de-renda-ab-marcello-casal-300x179.jpg 300w, https:\/\/tvtecjundiai.com.br\/news\/wp-content\/uploads\/sites\/2\/2020\/04\/imposto-de-renda-ab-marcello-casal-768x459.jpg 768w\" sizes=\"auto, (max-width: 711px) 100vw, 711px\" \/><\/figure>\n<\/div>\n\n\n<p><\/p>\n\n\n\n<p>O prazo de entrega da declara\u00e7\u00e3o n\u00e3o foi alterado e continuar\u00e1 de&nbsp;15 de mar\u00e7o a&nbsp;31 de maio. O que mudar\u00e1 \u00e9 que o contribuinte poder\u00e1 adiantar-se e deixar a declara\u00e7\u00e3o salva, dias antes de transmitir \u00e0 Receita.<\/p>\n\n\n\n<p>Em nota, a Receita explicou que a antecipa\u00e7\u00e3o do programa gerador tamb\u00e9m ajudar\u00e1 a evitar congestionamentos que costumam ocorrer no primeiro dia de entrega da declara\u00e7\u00e3o, quando todo mundo baixa o programa ao mesmo tempo.<\/p>\n\n\n\n<p>\u201cA antecipa\u00e7\u00e3o do PGD [programa gerador da declara\u00e7\u00e3o] ajuda o contribuinte que, ao&nbsp;ter&nbsp;acesso \u00e0s informa\u00e7\u00f5es necess\u00e1rias para a entrega da declara\u00e7\u00e3o, pode se organizar e juntar a documenta\u00e7\u00e3o que for necess\u00e1ria. Al\u00e9m disso, deve evitar poss\u00edveis congestionamentos\u201d, explicou o Fisco no comunicado.<\/p>\n\n\n\n<p>O envio da declara\u00e7\u00e3o pr\u00e9-preenchida, esclarece a Receita, continuar\u00e1 previsto para a data original,\u00a015 de mar\u00e7o. Segundo a Receita, somente nessa data, o Fisco conseguir\u00e1 reunir as informa\u00e7\u00f5es das declara\u00e7\u00f5es de rendimentos enviadas no fim\u00a0de fevereiro\u00a0por empregadores, institui\u00e7\u00f5es financeiras e planos de sa\u00fade e cruz\u00e1-las com a base de dados da Receita.<\/p>\n\n\n\n<p><strong><em>(Fonte: Ag\u00eancia Brasil\/Imagem: Marcello Casal\/Ag\u00eancia Brasil)<\/em><\/strong><\/p>\n","protected":false},"excerpt":{"rendered":"<p>O prazo de entrega da declara\u00e7\u00e3o continua sendo de\u00a015 de mar\u00e7o a\u00a031 de maio<\/p>\n","protected":false},"author":30,"featured_media":50273,"comment_status":"closed","ping_status":"0","sticky":false,"template":"","format":"standard","meta":{"footnotes":""},"categories":[2829,8356,1],"tags":[],"class_list":["post-106177","post","type-post","status-publish","format-standard","has-post-thumbnail","hentry","category-economia","category-jundiai","category-noticias"],"_links":{"self":[{"href":"https:\/\/tvtecjundiai.com.br\/news\/wp-json\/wp\/v2\/posts\/106177","targetHints":{"allow":["GET"]}}],"collection":[{"href":"https:\/\/tvtecjundiai.com.br\/news\/wp-json\/wp\/v2\/posts"}],"about":[{"href":"https:\/\/tvtecjundiai.com.br\/news\/wp-json\/wp\/v2\/types\/post"}],"author":[{"embeddable":true,"href":"https:\/\/tvtecjundiai.com.br\/news\/wp-json\/wp\/v2\/users\/30"}],"replies":[{"embeddable":true,"href":"https:\/\/tvtecjundiai.com.br\/news\/wp-json\/wp\/v2\/comments?post=106177"}],"version-history":[{"count":2,"href":"https:\/\/tvtecjundiai.com.br\/news\/wp-json\/wp\/v2\/posts\/106177\/revisions"}],"predecessor-version":[{"id":106179,"href":"https:\/\/tvtecjundiai.com.br\/news\/wp-json\/wp\/v2\/posts\/106177\/revisions\/106179"}],"wp:featuredmedia":[{"embeddable":true,"href":"https:\/\/tvtecjundiai.com.br\/news\/wp-json\/wp\/v2\/media\/50273"}],"wp:attachment":[{"href":"https:\/\/tvtecjundiai.com.br\/news\/wp-json\/wp\/v2\/media?parent=106177"}],"wp:term":[{"taxonomy":"category","embeddable":true,"href":"https:\/\/tvtecjundiai.com.br\/news\/wp-json\/wp\/v2\/categories?post=106177"},{"taxonomy":"post_tag","embeddable":true,"href":"https:\/\/tvtecjundiai.com.br\/news\/wp-json\/wp\/v2\/tags?post=106177"}],"curies":[{"name":"wp","href":"https:\/\/api.w.org\/{rel}","templated":true}]}}