{"id":106187,"date":"2023-03-09T15:26:17","date_gmt":"2023-03-09T18:26:17","guid":{"rendered":"https:\/\/tvtecjundiai.com.br\/news\/?p=106187"},"modified":"2023-03-09T15:26:22","modified_gmt":"2023-03-09T18:26:22","slug":"prefeito-discute-projeto-para-transformar-jundiai-em-um-hub-regional-de-logistica","status":"publish","type":"post","link":"https:\/\/tvtecjundiai.com.br\/news\/2023\/03\/09\/prefeito-discute-projeto-para-transformar-jundiai-em-um-hub-regional-de-logistica\/","title":{"rendered":"Prefeito discute projeto para transformar Jundia\u00ed em um hub regional de log\u00edstica"},"content":{"rendered":"\n<p>Cont\u00eaineres que pesam dezenas de toneladas, vai e vem de carretas e empilhadeiras gigantes com mercadorias endere\u00e7adas para todo o Brasil utilizando, principalmente, o modal ferrovi\u00e1rio. Esse \u00e9 o dia a dia no Terminal Intermodal de Jundia\u00ed (TIJU) administrado pela Contrail Log\u00edstica, empresa fundada h\u00e1 13 anos e que recebeu, na manh\u00e3 desta quinta-feira (9), o prefeito Luiz Fernando Machado e gestores para o Caf\u00e9 com Setor Produtivo \u2013 iniciativa, criada em 2017 pela Prefeitura de Jundia\u00ed, na busca por aproximar o poder p\u00fablico das demandas geradas pelas empresas instaladas no munic\u00edpio. De l\u00e1 para c\u00e1 j\u00e1 foram mais de 200 reuni\u00f5es dessa, sempre com \u00edndices altos de resolu\u00e7\u00e3o.<\/p>\n\n\n\n<p>\u201cEssa \u00e9 a din\u00e2mica para que as empresas, que geram empregos e renda, possam se sentir acolhidas pelo poder p\u00fablico. Temos muito orgulho dessa parceria com o setor privado, que contribui para o desenvolvimento econ\u00f4mico e social n\u00e3o s\u00f3 do munic\u00edpio, mas de toda a regi\u00e3o, do Estado e do pa\u00eds\u201d, destacou o prefeito Luiz Fernando Machado.<\/p>\n\n\n\n<figure class=\"wp-block-image size-large\"><img loading=\"lazy\" decoding=\"async\" width=\"1200\" height=\"800\" src=\"https:\/\/tvtecjundiai.com.br\/news\/wp-content\/uploads\/sites\/2\/2023\/03\/prefeito_participa_cafe_setor_produtivo_tiju_pa-212-1536x1024-1-1200x800.jpg\" alt=\"\" class=\"wp-image-106188\" srcset=\"https:\/\/tvtecjundiai.com.br\/news\/wp-content\/uploads\/sites\/2\/2023\/03\/prefeito_participa_cafe_setor_produtivo_tiju_pa-212-1536x1024-1-1200x800.jpg 1200w, https:\/\/tvtecjundiai.com.br\/news\/wp-content\/uploads\/sites\/2\/2023\/03\/prefeito_participa_cafe_setor_produtivo_tiju_pa-212-1536x1024-1-300x200.jpg 300w, https:\/\/tvtecjundiai.com.br\/news\/wp-content\/uploads\/sites\/2\/2023\/03\/prefeito_participa_cafe_setor_produtivo_tiju_pa-212-1536x1024-1-768x512.jpg 768w, https:\/\/tvtecjundiai.com.br\/news\/wp-content\/uploads\/sites\/2\/2023\/03\/prefeito_participa_cafe_setor_produtivo_tiju_pa-212-1536x1024-1.jpg 1280w\" sizes=\"auto, (max-width: 1200px) 100vw, 1200px\" \/><figcaption class=\"wp-element-caption\">Prefeito Luiz Fernando e gestor Jos\u00e9 Antonio Parimoschi conversam com funcion\u00e1rio da empresa: integra\u00e7\u00e3o com setor produtivo<\/figcaption><\/figure>\n\n\n\n<p>Essa integra\u00e7\u00e3o foi elogiada por Rodrigo Paix\u00e3o, CEO da Contrail. \u201cNosso ativo, aqui, \u00e9 quase que de utilidade p\u00fablica, porque envolve essa log\u00edstica em modais ferrovi\u00e1rio e rodovi\u00e1rio, por isso essa proximidade \u00e9 importante. A qualidade de vida tamb\u00e9m \u00e9 um diferencial, j\u00e1 que com o transporte ferrovi\u00e1rio se reduz significativamente a emiss\u00e3o de CO\u00b2 (g\u00e1s carb\u00f4nico)\u201d.<\/p>\n\n\n\n<p><strong>Mobilidade<\/strong><\/p>\n\n\n\n<p>Jos\u00e9 Antonio Parimoschi, gestor de Governo e Finan\u00e7as, lembrou da obra de prolongamento da avenida Ant\u00f4nio Frederico Ozanam, que ser\u00e1 realizada em breve, como importante a\u00e7\u00e3o para a mobilidade do munic\u00edpio. \u201cIsso vai facilitar o tr\u00e2nsito para quem precisa acessar a rodovia Anhanguera, por exemplo, al\u00e9m do escoamento da produ\u00e7\u00e3o gerada aqui pelas empresas. E pensando na Jundia\u00ed 2050, temos um potencial grande para um hub log\u00edstico que ser\u00e1 refer\u00eancia para todo o Estado, atraindo novos investimentos para c\u00e1, mais empregos e renda\u201d.<\/p>\n\n\n\n<p>A sustentabilidade foi destacada pelo gestor de Desenvolvimento Econ\u00f4mico, Ci\u00eancia e Tecnologia, Cristiano Lopes. \u201cNossa preocupa\u00e7\u00e3o \u00e9 com o desenvolvimento de Jundia\u00ed, mas sem que ela perca sua qualidade de vida. Investir em outros modais de transporte que gerem menos g\u00e1s carb\u00f4nico, como a ferrovia, ajuda na mobilidade da cidade e tamb\u00e9m o meio ambiente\u201d.<\/p>\n\n\n\n<figure class=\"wp-block-image size-large\"><img loading=\"lazy\" decoding=\"async\" width=\"1200\" height=\"674\" src=\"https:\/\/tvtecjundiai.com.br\/news\/wp-content\/uploads\/sites\/2\/2023\/03\/prefeito_participa_cafe_setor_produtivo_tiju_pa-220-1280x719-1-1200x674.jpg\" alt=\"\" class=\"wp-image-106189\" srcset=\"https:\/\/tvtecjundiai.com.br\/news\/wp-content\/uploads\/sites\/2\/2023\/03\/prefeito_participa_cafe_setor_produtivo_tiju_pa-220-1280x719-1-1200x674.jpg 1200w, https:\/\/tvtecjundiai.com.br\/news\/wp-content\/uploads\/sites\/2\/2023\/03\/prefeito_participa_cafe_setor_produtivo_tiju_pa-220-1280x719-1-300x169.jpg 300w, https:\/\/tvtecjundiai.com.br\/news\/wp-content\/uploads\/sites\/2\/2023\/03\/prefeito_participa_cafe_setor_produtivo_tiju_pa-220-1280x719-1-768x431.jpg 768w, https:\/\/tvtecjundiai.com.br\/news\/wp-content\/uploads\/sites\/2\/2023\/03\/prefeito_participa_cafe_setor_produtivo_tiju_pa-220-1280x719-1.jpg 1280w\" sizes=\"auto, (max-width: 1200px) 100vw, 1200px\" \/><figcaption class=\"wp-element-caption\">\u00c1rea de 75 mil m\u00b2 utiliza a malha ferrovi\u00e1ria para escoamento dos cont\u00eaineres: de Jundia\u00ed para o Brasil<\/figcaption><\/figure>\n\n\n\n<p>O TIJU (Terminal Intermodal de Jundia\u00ed) administrado pela Contrail tem uma \u00e1rea de 75 mil m\u00b2, com conex\u00f5es com portos de Santos (SP), Rio de Janeiro, Itaja\u00ed (SC) e Suape (PE). A empresa tamb\u00e9m possui terminais intermodais em S\u00e3o Jos\u00e9 dos Campos e Paul\u00ednia, no interior de S\u00e3o Paulo, no Rio de Janeiro e em An\u00e1polis (GO).<\/p>\n\n\n\n<p>Acompanharam a reuni\u00e3o, ainda, Maur\u00edcio Matias, gerente do TIJU, Fernanda Vasconcelos, do jur\u00eddico da Contrail, o gestor da Casa Civil, Gustavo Maryssael, e o diretor de Fomento \u00e0 Ind\u00fastria da Prefeitura, Gilson Pichioli.<\/p>\n\n\n\n<p><strong><em>(Fonte\/Imagem: Prefeitura de Jundia\u00ed)<\/em><\/strong><\/p>\n","protected":false},"excerpt":{"rendered":"<p>De l\u00e1 para c\u00e1 j\u00e1 foram mais de 200 reuni\u00f5es dessa, sempre com \u00edndices altos de resolu\u00e7\u00e3o<\/p>\n","protected":false},"author":30,"featured_media":106188,"comment_status":"closed","ping_status":"0","sticky":false,"template":"","format":"standard","meta":{"footnotes":""},"categories":[8356,1],"tags":[],"class_list":["post-106187","post","type-post","status-publish","format-standard","has-post-thumbnail","hentry","category-jundiai","category-noticias"],"_links":{"self":[{"href":"https:\/\/tvtecjundiai.com.br\/news\/wp-json\/wp\/v2\/posts\/106187","targetHints":{"allow":["GET"]}}],"collection":[{"href":"https:\/\/tvtecjundiai.com.br\/news\/wp-json\/wp\/v2\/posts"}],"about":[{"href":"https:\/\/tvtecjundiai.com.br\/news\/wp-json\/wp\/v2\/types\/post"}],"author":[{"embeddable":true,"href":"https:\/\/tvtecjundiai.com.br\/news\/wp-json\/wp\/v2\/users\/30"}],"replies":[{"embeddable":true,"href":"https:\/\/tvtecjundiai.com.br\/news\/wp-json\/wp\/v2\/comments?post=106187"}],"version-history":[{"count":1,"href":"https:\/\/tvtecjundiai.com.br\/news\/wp-json\/wp\/v2\/posts\/106187\/revisions"}],"predecessor-version":[{"id":106190,"href":"https:\/\/tvtecjundiai.com.br\/news\/wp-json\/wp\/v2\/posts\/106187\/revisions\/106190"}],"wp:featuredmedia":[{"embeddable":true,"href":"https:\/\/tvtecjundiai.com.br\/news\/wp-json\/wp\/v2\/media\/106188"}],"wp:attachment":[{"href":"https:\/\/tvtecjundiai.com.br\/news\/wp-json\/wp\/v2\/media?parent=106187"}],"wp:term":[{"taxonomy":"category","embeddable":true,"href":"https:\/\/tvtecjundiai.com.br\/news\/wp-json\/wp\/v2\/categories?post=106187"},{"taxonomy":"post_tag","embeddable":true,"href":"https:\/\/tvtecjundiai.com.br\/news\/wp-json\/wp\/v2\/tags?post=106187"}],"curies":[{"name":"wp","href":"https:\/\/api.w.org\/{rel}","templated":true}]}}