{"id":106192,"date":"2023-03-10T09:18:45","date_gmt":"2023-03-10T12:18:45","guid":{"rendered":"https:\/\/tvtecjundiai.com.br\/news\/?p=106192"},"modified":"2023-03-10T09:36:04","modified_gmt":"2023-03-10T12:36:04","slug":"drive-thru-de-vacinacao-pifzer-bivalente-tem-nova-agenda-nesta-sexta-feira-10","status":"publish","type":"post","link":"https:\/\/tvtecjundiai.com.br\/news\/2023\/03\/10\/drive-thru-de-vacinacao-pifzer-bivalente-tem-nova-agenda-nesta-sexta-feira-10\/","title":{"rendered":"Drive-thru de vacina\u00e7\u00e3o Pfizer Bivalente tem nova agenda nesta sexta-feira (10)"},"content":{"rendered":"\n<p>A Prefeitura de Jundia\u00ed, por meio da Unidade de Gest\u00e3o de Promo\u00e7\u00e3o da Sa\u00fade, abre, nesta sexta-feira (10), \u00e0s 15h, nova agenda para aplica\u00e7\u00e3o de vacina Pfizer bivalente em drive-thru para pessoas com 60 anos ou mais, que tenham recebido ao menos duas doses e a \u00faltima h\u00e1 quatro meses.<\/p>\n\n\n\n<p>A aplica\u00e7\u00e3o ser\u00e1 na ter\u00e7a (14) e na quarta-feira (15), no Parque da Uva, das 17h \u00e0s 20h30.<\/p>\n\n\n\n<p>Para tomar a dose bivalente, a pessoa deve ter recebido, no m\u00ednimo, duas doses da vacina monovalente (Janssen, Pfizer, CoronaVac ou Astrazeneca) e ter tomado a \u00faltima dose h\u00e1, pelo menos, quatro meses. O munic\u00edpio registra em torno de 74 mil pessoas com mais de 60 anos que estariam aptas a receber o novo imunizante.<\/p>\n\n\n\n<p>O imunizante \u00e9 uma vers\u00e3o atualizada dos j\u00e1 existentes contra a Covid-19 e pode oferecer uma prote\u00e7\u00e3o ainda maior contra a cepa original do coronav\u00edrus e as subvariantes \u00f4micron.<\/p>\n\n\n<div class=\"wp-block-image\">\n<figure class=\"aligncenter size-large is-resized\"><img loading=\"lazy\" decoding=\"async\" src=\"https:\/\/tvtecjundiai.com.br\/news\/wp-content\/uploads\/sites\/2\/2023\/03\/vacinacao-covid19-pfizer-bivalente_fm_-6-1280x854-1-1200x801.jpg\" alt=\"\" class=\"wp-image-106193\" width=\"787\" height=\"525\" srcset=\"https:\/\/tvtecjundiai.com.br\/news\/wp-content\/uploads\/sites\/2\/2023\/03\/vacinacao-covid19-pfizer-bivalente_fm_-6-1280x854-1-1200x801.jpg 1200w, https:\/\/tvtecjundiai.com.br\/news\/wp-content\/uploads\/sites\/2\/2023\/03\/vacinacao-covid19-pfizer-bivalente_fm_-6-1280x854-1-300x200.jpg 300w, https:\/\/tvtecjundiai.com.br\/news\/wp-content\/uploads\/sites\/2\/2023\/03\/vacinacao-covid19-pfizer-bivalente_fm_-6-1280x854-1-768x512.jpg 768w, https:\/\/tvtecjundiai.com.br\/news\/wp-content\/uploads\/sites\/2\/2023\/03\/vacinacao-covid19-pfizer-bivalente_fm_-6-1280x854-1.jpg 1280w\" sizes=\"auto, (max-width: 787px) 100vw, 787px\" \/><figcaption class=\"wp-element-caption\">Vacina\u00e7\u00e3o em sistema drive-thru tem agendamento liberado nesta sexta-feira (10), \u00e0s 15h<\/figcaption><\/figure>\n<\/div>\n\n\n<p><strong><em>(Fonte\/Imagem: Prefeitura de Jundia\u00ed)<\/em><\/strong><\/p>\n","protected":false},"excerpt":{"rendered":"<p>A aplica\u00e7\u00e3o ser\u00e1 na ter\u00e7a (14) e na quarta-feira (15), no Parque da Uva, das 17h \u00e0s 20h30<\/p>\n","protected":false},"author":30,"featured_media":106193,"comment_status":"closed","ping_status":"0","sticky":false,"template":"","format":"standard","meta":{"footnotes":""},"categories":[8356,1,2839,8355],"tags":[],"class_list":["post-106192","post","type-post","status-publish","format-standard","has-post-thumbnail","hentry","category-jundiai","category-noticias","category-saude","category-saude-3"],"_links":{"self":[{"href":"https:\/\/tvtecjundiai.com.br\/news\/wp-json\/wp\/v2\/posts\/106192","targetHints":{"allow":["GET"]}}],"collection":[{"href":"https:\/\/tvtecjundiai.com.br\/news\/wp-json\/wp\/v2\/posts"}],"about":[{"href":"https:\/\/tvtecjundiai.com.br\/news\/wp-json\/wp\/v2\/types\/post"}],"author":[{"embeddable":true,"href":"https:\/\/tvtecjundiai.com.br\/news\/wp-json\/wp\/v2\/users\/30"}],"replies":[{"embeddable":true,"href":"https:\/\/tvtecjundiai.com.br\/news\/wp-json\/wp\/v2\/comments?post=106192"}],"version-history":[{"count":4,"href":"https:\/\/tvtecjundiai.com.br\/news\/wp-json\/wp\/v2\/posts\/106192\/revisions"}],"predecessor-version":[{"id":106199,"href":"https:\/\/tvtecjundiai.com.br\/news\/wp-json\/wp\/v2\/posts\/106192\/revisions\/106199"}],"wp:featuredmedia":[{"embeddable":true,"href":"https:\/\/tvtecjundiai.com.br\/news\/wp-json\/wp\/v2\/media\/106193"}],"wp:attachment":[{"href":"https:\/\/tvtecjundiai.com.br\/news\/wp-json\/wp\/v2\/media?parent=106192"}],"wp:term":[{"taxonomy":"category","embeddable":true,"href":"https:\/\/tvtecjundiai.com.br\/news\/wp-json\/wp\/v2\/categories?post=106192"},{"taxonomy":"post_tag","embeddable":true,"href":"https:\/\/tvtecjundiai.com.br\/news\/wp-json\/wp\/v2\/tags?post=106192"}],"curies":[{"name":"wp","href":"https:\/\/api.w.org\/{rel}","templated":true}]}}