{"id":106201,"date":"2023-03-10T10:55:33","date_gmt":"2023-03-10T13:55:33","guid":{"rendered":"https:\/\/tvtecjundiai.com.br\/news\/?p=106201"},"modified":"2023-03-10T10:55:33","modified_gmt":"2023-03-10T13:55:33","slug":"fim-de-semana-sera-abafado-e-com-pancadas-de-chuva-em-jundiai-4","status":"publish","type":"post","link":"https:\/\/tvtecjundiai.com.br\/news\/2023\/03\/10\/fim-de-semana-sera-abafado-e-com-pancadas-de-chuva-em-jundiai-4\/","title":{"rendered":"Fim de semana ser\u00e1 abafado e com pancadas de chuva em Jundia\u00ed"},"content":{"rendered":"\n<p>O segundo fim de semana de mar\u00e7o continuar\u00e1 abafado e com pancadas de chuva em Jundia\u00ed. Segundo o Climatempo, os term\u00f4metros devem ficar entre 19\u00b0C e 28\u00b0C.<\/p>\n\n\n\n<p>Nesta sexta-feira (10), a previs\u00e3o \u00e9 de sol com muitas nuvens e pancadas de chuva durante o dia e \u00e0 noite, que devem somar 25mm. Os term\u00f4metros ficam entre 19\u00b0C e 28\u00b0C.<\/p>\n\n\n\n<p>No s\u00e1bado (11), a previs\u00e3o \u00e9 de sol com muitas nuvens durante o dia, com pancadas de chuva a qualquer hora, que devem somar 30mm. Os term\u00f4metros ficam entre 19\u00b0C e 27\u00b0C.<\/p>\n\n\n\n<p>No domingo (12), o dia \u00e9 de sol com muitas nuvens, e pancadas de chuva durante \u00e0 tarde e \u00e0 noite, que devem somar 25mm. Os term\u00f4metros ficam entre 18\u00b0C e 28\u00b0C.<\/p>\n\n\n<div class=\"wp-block-image\">\n<figure class=\"aligncenter size-large is-resized\"><img loading=\"lazy\" decoding=\"async\" src=\"https:\/\/tvtecjundiai.com.br\/news\/wp-content\/uploads\/sites\/2\/2023\/03\/WhatsApp-Image-2023-03-10-at-10.54.34-1-854x960.jpeg\" alt=\"\" class=\"wp-image-106203\" width=\"689\" height=\"775\" srcset=\"https:\/\/tvtecjundiai.com.br\/news\/wp-content\/uploads\/sites\/2\/2023\/03\/WhatsApp-Image-2023-03-10-at-10.54.34-1-854x960.jpeg 854w, https:\/\/tvtecjundiai.com.br\/news\/wp-content\/uploads\/sites\/2\/2023\/03\/WhatsApp-Image-2023-03-10-at-10.54.34-1-300x337.jpeg 300w, https:\/\/tvtecjundiai.com.br\/news\/wp-content\/uploads\/sites\/2\/2023\/03\/WhatsApp-Image-2023-03-10-at-10.54.34-1-768x863.jpeg 768w, https:\/\/tvtecjundiai.com.br\/news\/wp-content\/uploads\/sites\/2\/2023\/03\/WhatsApp-Image-2023-03-10-at-10.54.34-1.jpeg 1200w\" sizes=\"auto, (max-width: 689px) 100vw, 689px\" \/><\/figure>\n<\/div>\n\n\n<p><em><strong>(Fonte: TVTEC Jundia\u00ed\/Imagem:Juliano Justino)<\/strong><\/em><\/p>\n","protected":false},"excerpt":{"rendered":"<p>Segundo o Climatempo, os term\u00f4metros devem ficar entre 19\u00b0C e 28\u00b0C.<\/p>\n","protected":false},"author":30,"featured_media":106203,"comment_status":"closed","ping_status":"0","sticky":false,"template":"","format":"standard","meta":{"footnotes":""},"categories":[3185,8356,1],"tags":[],"class_list":["post-106201","post","type-post","status-publish","format-standard","has-post-thumbnail","hentry","category-clima","category-jundiai","category-noticias"],"_links":{"self":[{"href":"https:\/\/tvtecjundiai.com.br\/news\/wp-json\/wp\/v2\/posts\/106201","targetHints":{"allow":["GET"]}}],"collection":[{"href":"https:\/\/tvtecjundiai.com.br\/news\/wp-json\/wp\/v2\/posts"}],"about":[{"href":"https:\/\/tvtecjundiai.com.br\/news\/wp-json\/wp\/v2\/types\/post"}],"author":[{"embeddable":true,"href":"https:\/\/tvtecjundiai.com.br\/news\/wp-json\/wp\/v2\/users\/30"}],"replies":[{"embeddable":true,"href":"https:\/\/tvtecjundiai.com.br\/news\/wp-json\/wp\/v2\/comments?post=106201"}],"version-history":[{"count":1,"href":"https:\/\/tvtecjundiai.com.br\/news\/wp-json\/wp\/v2\/posts\/106201\/revisions"}],"predecessor-version":[{"id":106204,"href":"https:\/\/tvtecjundiai.com.br\/news\/wp-json\/wp\/v2\/posts\/106201\/revisions\/106204"}],"wp:featuredmedia":[{"embeddable":true,"href":"https:\/\/tvtecjundiai.com.br\/news\/wp-json\/wp\/v2\/media\/106203"}],"wp:attachment":[{"href":"https:\/\/tvtecjundiai.com.br\/news\/wp-json\/wp\/v2\/media?parent=106201"}],"wp:term":[{"taxonomy":"category","embeddable":true,"href":"https:\/\/tvtecjundiai.com.br\/news\/wp-json\/wp\/v2\/categories?post=106201"},{"taxonomy":"post_tag","embeddable":true,"href":"https:\/\/tvtecjundiai.com.br\/news\/wp-json\/wp\/v2\/tags?post=106201"}],"curies":[{"name":"wp","href":"https:\/\/api.w.org\/{rel}","templated":true}]}}