{"id":106205,"date":"2023-03-10T11:03:54","date_gmt":"2023-03-10T14:03:54","guid":{"rendered":"https:\/\/tvtecjundiai.com.br\/news\/?p=106205"},"modified":"2023-03-10T11:03:59","modified_gmt":"2023-03-10T14:03:59","slug":"inscricoes-para-o-fies-podem-ser-feitas-ate-as-23h59-de-hoje-10","status":"publish","type":"post","link":"https:\/\/tvtecjundiai.com.br\/news\/2023\/03\/10\/inscricoes-para-o-fies-podem-ser-feitas-ate-as-23h59-de-hoje-10\/","title":{"rendered":"Inscri\u00e7\u00f5es para o Fies podem ser feitas at\u00e9 as 23h59 de hoje (10)"},"content":{"rendered":"\n<p>As inscri\u00e7\u00f5es para o Fundo de Financiamento Estudantil (Fies) terminam \u00e0s 23h59 desta sexta-feira (10).&nbsp;O programa do Minist\u00e9rio da Educa\u00e7\u00e3o (MEC)&nbsp;proporciona cursos de gradua\u00e7\u00e3o de estudantes que n\u00e3o t\u00eam condi\u00e7\u00f5es de pagar as mensalidades das faculdades da rede de ensino privada. Como se trata de um empr\u00e9stimo, ao concluir o curso o&nbsp;benefici\u00e1rio ter\u00e1 de pagar a d\u00edvida. Segundo o MEC, ser\u00e3o oferecidas 67 mil vagas no primeiro semestre, de um total de 112 mil para este ano.<img decoding=\"async\" src=\"https:\/\/agenciabrasil.ebc.com.br\/ebc.png?id=1515362&amp;o=node\"><img decoding=\"async\" src=\"https:\/\/agenciabrasil.ebc.com.br\/ebc.gif?id=1515362&amp;o=node\"><\/p>\n\n\n\n<p>Para fazer a inscri\u00e7\u00e3o, o interessado deve acessar&nbsp;<a href=\"https:\/\/acessounico.mec.gov.br\/\" target=\"_blank\" rel=\"noreferrer noopener\">Portal \u00danico de Acesso ao Ensino Superior<\/a>&nbsp;que tamb\u00e9m re\u00fane informa\u00e7\u00f5es e resultados do Sistema de Sele\u00e7\u00e3o Unificada (Sisu) e do Programa Universidade para Todos (Prouni). Os candidatos ter\u00e3o que indicar tr\u00eas op\u00e7\u00f5es de cursos de gradua\u00e7\u00e3o.<\/p>\n\n\n\n<figure class=\"wp-block-image size-full\"><img loading=\"lazy\" decoding=\"async\" width=\"1170\" height=\"700\" src=\"https:\/\/tvtecjundiai.com.br\/news\/wp-content\/uploads\/sites\/2\/2023\/03\/enem_vac_abr_2811214312.jpg\" alt=\"\" class=\"wp-image-106206\" srcset=\"https:\/\/tvtecjundiai.com.br\/news\/wp-content\/uploads\/sites\/2\/2023\/03\/enem_vac_abr_2811214312.jpg 1170w, https:\/\/tvtecjundiai.com.br\/news\/wp-content\/uploads\/sites\/2\/2023\/03\/enem_vac_abr_2811214312-300x179.jpg 300w, https:\/\/tvtecjundiai.com.br\/news\/wp-content\/uploads\/sites\/2\/2023\/03\/enem_vac_abr_2811214312-768x459.jpg 768w\" sizes=\"auto, (max-width: 1170px) 100vw, 1170px\" \/><figcaption class=\"wp-element-caption\">Participantes do Exame Nacional do Ensino M\u00e9dio (Enem) 2021 fazem, neste domingo (28), segundo dia de avalia\u00e7\u00e3o, provas de matem\u00e1tica e de ci\u00eancia da natureza.<\/figcaption><\/figure>\n\n\n\n<h2 class=\"wp-block-heading\">Crit\u00e9rios<\/h2>\n\n\n\n<p>Para pleitear o financiamento, o estudante deve ter feito o Exame Nacional do Ensino M\u00e9dio (Enem) de 2010 a 2022, com m\u00e9dia nas notas igual ou superior a 450, e n\u00e3o pode ter zerado a reda\u00e7\u00e3o. Os candidatos tamb\u00e9m precisam comprovar renda familiar mensal bruta de at\u00e9 tr\u00eas sal\u00e1rios m\u00ednimos por pessoa.<\/p>\n\n\n\n<p>Estudantes que t\u00eam bolsa parcial do Prouni podem participar do processo seletivo do Fies e financiar a parte da mensalidade n\u00e3o coberta pela bolsa, desde que se enquadrem nas condi\u00e7\u00f5es previstas no edital do processo seletivo.<\/p>\n\n\n\n<h2 class=\"wp-block-heading\">Consulta<\/h2>\n\n\n\n<p>Para verificar as institui\u00e7\u00f5es e op\u00e7\u00f5es de vagas dispon\u00edveis, basta acessar o&nbsp;<a href=\"https:\/\/acessounico.mec.gov.br\/\" target=\"_blank\" rel=\"noreferrer noopener\">Portal Acesso \u00danico<\/a>&nbsp;e clicar no bot\u00e3o \u201cConsultar oferta de vagas\u201d. Ser\u00e3o exibidas as vagas dispon\u00edveis por estado, munic\u00edpio, nome do curso, conceito do curso no MEC e, opcionalmente, \u00e9 poss\u00edvel escolher a institui\u00e7\u00e3o de ensino e o local de oferta.<\/p>\n\n\n\n<h2 class=\"wp-block-heading\">Calend\u00e1rio do Fies<\/h2>\n\n\n\n<p>Inscri\u00e7\u00f5es: 7 a 10 de mar\u00e7o<\/p>\n\n\n\n<p>Resultados (pr\u00e9-selecionados): 14 de mar\u00e7o<\/p>\n\n\n\n<p>Complementa\u00e7\u00e3o das inscri\u00e7\u00f5es dos pr\u00e9-selecionados: 15 a 17 de mar\u00e7o<\/p>\n\n\n\n<p>Convoca\u00e7\u00e3o da lista de espera: 21 de mar\u00e7o a 18 de maio<\/p>\n\n\n\n<p><strong><em>(Fonte\/Imagem: Ag\u00eancia Brasil)<\/em><\/strong><\/p>\n","protected":false},"excerpt":{"rendered":"<p>Segundo o MEC, ser\u00e3o oferecidas 67 mil vagas no primeiro semestre, de um total de 112 mil para este ano<\/p>\n","protected":false},"author":30,"featured_media":106206,"comment_status":"closed","ping_status":"0","sticky":false,"template":"","format":"standard","meta":{"footnotes":""},"categories":[2828,8356,1],"tags":[],"class_list":["post-106205","post","type-post","status-publish","format-standard","has-post-thumbnail","hentry","category-educacao","category-jundiai","category-noticias"],"_links":{"self":[{"href":"https:\/\/tvtecjundiai.com.br\/news\/wp-json\/wp\/v2\/posts\/106205","targetHints":{"allow":["GET"]}}],"collection":[{"href":"https:\/\/tvtecjundiai.com.br\/news\/wp-json\/wp\/v2\/posts"}],"about":[{"href":"https:\/\/tvtecjundiai.com.br\/news\/wp-json\/wp\/v2\/types\/post"}],"author":[{"embeddable":true,"href":"https:\/\/tvtecjundiai.com.br\/news\/wp-json\/wp\/v2\/users\/30"}],"replies":[{"embeddable":true,"href":"https:\/\/tvtecjundiai.com.br\/news\/wp-json\/wp\/v2\/comments?post=106205"}],"version-history":[{"count":1,"href":"https:\/\/tvtecjundiai.com.br\/news\/wp-json\/wp\/v2\/posts\/106205\/revisions"}],"predecessor-version":[{"id":106207,"href":"https:\/\/tvtecjundiai.com.br\/news\/wp-json\/wp\/v2\/posts\/106205\/revisions\/106207"}],"wp:featuredmedia":[{"embeddable":true,"href":"https:\/\/tvtecjundiai.com.br\/news\/wp-json\/wp\/v2\/media\/106206"}],"wp:attachment":[{"href":"https:\/\/tvtecjundiai.com.br\/news\/wp-json\/wp\/v2\/media?parent=106205"}],"wp:term":[{"taxonomy":"category","embeddable":true,"href":"https:\/\/tvtecjundiai.com.br\/news\/wp-json\/wp\/v2\/categories?post=106205"},{"taxonomy":"post_tag","embeddable":true,"href":"https:\/\/tvtecjundiai.com.br\/news\/wp-json\/wp\/v2\/tags?post=106205"}],"curies":[{"name":"wp","href":"https:\/\/api.w.org\/{rel}","templated":true}]}}