{"id":106213,"date":"2023-03-10T15:07:52","date_gmt":"2023-03-10T18:07:52","guid":{"rendered":"https:\/\/tvtecjundiai.com.br\/news\/?p=106213"},"modified":"2023-05-19T10:53:11","modified_gmt":"2023-05-19T13:53:11","slug":"galpao-criativo-recebe-elogios-do-secretario-estadual-da-juventude1","status":"publish","type":"post","link":"https:\/\/tvtecjundiai.com.br\/news\/2023\/03\/10\/galpao-criativo-recebe-elogios-do-secretario-estadual-da-juventude1\/","title":{"rendered":"Galp\u00e3o Criativo recebe elogios do coordenador estadual da Juventude"},"content":{"rendered":"\n<p>O Coordenador Estadual da Juventude, \u00f3rg\u00e3o ligado \u00e0 Secretaria da Justi\u00e7a e Cidadania do governo de S\u00e3o Paulo, Juliano Borges, visitou nesta sexta-feira (10) as depend\u00eancias da Funda\u00e7\u00e3o Escola TVTEC Jundia\u00ed e parabenizou o trabalho da equipe comandado pela superintendente M\u00f4nica Gropelo. <\/p>\n\n\n\n<p>Conhecendo os projetos na \u00e1rea de economia criativa, em especial os cursos de qualifica\u00e7\u00e3o e do Galp\u00e3o Criativo, Borges j\u00e1 sinalizou que dar\u00e1 a sugest\u00e3o ao governador Tarc\u00edsio de Freitas para implantar modelos pelos munic\u00edpios paulistas. Para Borges, que realiza um trabalho intenso na \u00e1rea da juventude, oferecer oportunidades para o setor do empreendedorismo \u00e9 mostrar a preocupa\u00e7\u00e3o com o trabalho, inclusive para o jovem.<\/p>\n\n\n\n<figure class=\"wp-block-image size-large\"><img loading=\"lazy\" decoding=\"async\" width=\"1200\" height=\"743\" src=\"https:\/\/tvtecjundiai.com.br\/news\/wp-content\/uploads\/sites\/2\/2023\/03\/visita2-1200x743.jpg\" alt=\"\" class=\"wp-image-106235\" srcset=\"https:\/\/tvtecjundiai.com.br\/news\/wp-content\/uploads\/sites\/2\/2023\/03\/visita2-1200x743.jpg 1200w, https:\/\/tvtecjundiai.com.br\/news\/wp-content\/uploads\/sites\/2\/2023\/03\/visita2-300x186.jpg 300w, https:\/\/tvtecjundiai.com.br\/news\/wp-content\/uploads\/sites\/2\/2023\/03\/visita2-768x475.jpg 768w, https:\/\/tvtecjundiai.com.br\/news\/wp-content\/uploads\/sites\/2\/2023\/03\/visita2.jpg 1280w\" sizes=\"auto, (max-width: 1200px) 100vw, 1200px\" \/><figcaption class=\"wp-element-caption\">Juliano Borges, coordenador estadual da juventude, visitou a FTVTEC<\/figcaption><\/figure>\n\n\n\n<p>&#8220;Achei o projeto e o espa\u00e7o encantadores porque valorizam o empreendedor de forma l\u00fadica e direcionada. Fiquei entusiasmado e j\u00e1 vou acertar alguns pontos para passar ao governador Tarc\u00edsio para que Jundia\u00ed sirva de exemplo a outros munic\u00edpios.&#8221;<\/p>\n\n\n\n<p>Juliano Borges esteve em Jundia\u00ed participando das comemora\u00e7\u00f5es dos 20 anos do Conselho Municipal de Juventude de Jundia\u00ed (Comjuve).<\/p>\n","protected":false},"excerpt":{"rendered":"<p>Juliano Borges ficou encantado com os projetos ligados \u00e0 economia criativa<\/p>\n","protected":false},"author":30,"featured_media":106233,"comment_status":"closed","ping_status":"0","sticky":false,"template":"","format":"standard","meta":{"footnotes":""},"categories":[2834,29,8408,8356,1],"tags":[],"class_list":["post-106213","post","type-post","status-publish","format-standard","has-post-thumbnail","hentry","category-cidades","category-destaque","category-galpao-criativo","category-jundiai","category-noticias"],"_links":{"self":[{"href":"https:\/\/tvtecjundiai.com.br\/news\/wp-json\/wp\/v2\/posts\/106213","targetHints":{"allow":["GET"]}}],"collection":[{"href":"https:\/\/tvtecjundiai.com.br\/news\/wp-json\/wp\/v2\/posts"}],"about":[{"href":"https:\/\/tvtecjundiai.com.br\/news\/wp-json\/wp\/v2\/types\/post"}],"author":[{"embeddable":true,"href":"https:\/\/tvtecjundiai.com.br\/news\/wp-json\/wp\/v2\/users\/30"}],"replies":[{"embeddable":true,"href":"https:\/\/tvtecjundiai.com.br\/news\/wp-json\/wp\/v2\/comments?post=106213"}],"version-history":[{"count":2,"href":"https:\/\/tvtecjundiai.com.br\/news\/wp-json\/wp\/v2\/posts\/106213\/revisions"}],"predecessor-version":[{"id":106257,"href":"https:\/\/tvtecjundiai.com.br\/news\/wp-json\/wp\/v2\/posts\/106213\/revisions\/106257"}],"wp:featuredmedia":[{"embeddable":true,"href":"https:\/\/tvtecjundiai.com.br\/news\/wp-json\/wp\/v2\/media\/106233"}],"wp:attachment":[{"href":"https:\/\/tvtecjundiai.com.br\/news\/wp-json\/wp\/v2\/media?parent=106213"}],"wp:term":[{"taxonomy":"category","embeddable":true,"href":"https:\/\/tvtecjundiai.com.br\/news\/wp-json\/wp\/v2\/categories?post=106213"},{"taxonomy":"post_tag","embeddable":true,"href":"https:\/\/tvtecjundiai.com.br\/news\/wp-json\/wp\/v2\/tags?post=106213"}],"curies":[{"name":"wp","href":"https:\/\/api.w.org\/{rel}","templated":true}]}}