{"id":106214,"date":"2023-03-10T12:11:58","date_gmt":"2023-03-10T15:11:58","guid":{"rendered":"https:\/\/tvtecjundiai.com.br\/news\/?p=106214"},"modified":"2023-03-10T12:12:00","modified_gmt":"2023-03-10T15:12:00","slug":"comercio-de-jundiai-funciona-ate-as-18h-neste-sabado-11","status":"publish","type":"post","link":"https:\/\/tvtecjundiai.com.br\/news\/2023\/03\/10\/comercio-de-jundiai-funciona-ate-as-18h-neste-sabado-11\/","title":{"rendered":"Com\u00e9rcio de Jundia\u00ed funciona at\u00e9 as 18h neste s\u00e1bado (11)"},"content":{"rendered":"\n<p>O com\u00e9rcio do centro e dos bairros de Jundia\u00ed se prepara para receber os consumidores at\u00e9\u00a0as\u00a018h\u00a0neste s\u00e1bado (11), primeiro s\u00e1bado do m\u00eas ap\u00f3s o quinto dia \u00fatil. Tamb\u00e9m ser\u00e3o realizados os passeios no trenzinho Expresso da Alegria.<\/p>\n\n\n\n<p>Edison Maltoni, presidente do Sindicato do Com\u00e9rcio Varejista de Jundia\u00ed e Regi\u00e3o (Sincomercio), explica que a abertura em hor\u00e1rio estendido \u00e9 garantida pela Conven\u00e7\u00e3o Coletiva de Trabalho (CCT). Para ele, al\u00e9m de representar uma boa oportunidade para os comerciantes aumentarem suas vendas, o hor\u00e1rio especial tamb\u00e9m tem o objetivo de oferecer mais tempo de compra aos consumidores.<\/p>\n\n\n\n<p>\u201cOs lojistas devem atrair o consumidor, investir na decora\u00e7\u00e3o da vitrine, apostar em\u00a0 produtos para o ver\u00e3o, al\u00e9m das promo\u00e7\u00f5es e diversificar os meios de pagamento. Geralmente nos s\u00e1bados de hor\u00e1rio estendido constatamos um aumento de at\u00e9 30% nas vendas\u201d, observa Maltoni.<\/p>\n\n\n<div class=\"wp-block-image\">\n<figure class=\"aligncenter size-full\"><img loading=\"lazy\" decoding=\"async\" width=\"768\" height=\"512\" src=\"https:\/\/tvtecjundiai.com.br\/news\/wp-content\/uploads\/sites\/2\/2023\/03\/Comercio-central-de-Jundiai-2-Divulgacao-768x512-1.jpeg\" alt=\"\" class=\"wp-image-106215\" srcset=\"https:\/\/tvtecjundiai.com.br\/news\/wp-content\/uploads\/sites\/2\/2023\/03\/Comercio-central-de-Jundiai-2-Divulgacao-768x512-1.jpeg 768w, https:\/\/tvtecjundiai.com.br\/news\/wp-content\/uploads\/sites\/2\/2023\/03\/Comercio-central-de-Jundiai-2-Divulgacao-768x512-1-300x200.jpeg 300w\" sizes=\"auto, (max-width: 768px) 100vw, 768px\" \/><\/figure>\n<\/div>\n\n\n<p><\/p>\n\n\n\n<p><strong>Expresso da Alegria<\/strong><\/p>\n\n\n\n<p>Das 10h \u00e0s 14h, os consumidores poder\u00e3o fazer os passeios gratuitos no trenzinho Expresso da Alegria na companhia de personagens infantis. O embarque ser\u00e1 na Pra\u00e7a Marechal Floriano Peixoto, na Pra\u00e7a do Coreto. \u201c\u00c9 uma alegria poder oferecer essa atra\u00e7\u00e3o especial ao p\u00fablico de Jundia\u00ed e Regi\u00e3o. Al\u00e9m da divers\u00e3o, tamb\u00e9m \u00e9 uma forma de atrair pessoas para o Centro e incentivar os neg\u00f3cios\u201d, afirma Maltoni.<\/p>\n\n\n\n<p><em><strong>(Fonte: Sincomercio Jundia\u00ed\/Imagem: Divulga\u00e7\u00e3o)<\/strong><\/em><\/p>\n","protected":false},"excerpt":{"rendered":"<p>Tamb\u00e9m ser\u00e3o realizados os passeios no trenzinho Expresso da Alegria.<\/p>\n","protected":false},"author":30,"featured_media":106215,"comment_status":"closed","ping_status":"0","sticky":false,"template":"","format":"standard","meta":{"footnotes":""},"categories":[2834,3060,8356,8354,1,2824],"tags":[],"class_list":["post-106214","post","type-post","status-publish","format-standard","has-post-thumbnail","hentry","category-cidades","category-geral","category-jundiai","category-lazer","category-noticias","category-variedades"],"_links":{"self":[{"href":"https:\/\/tvtecjundiai.com.br\/news\/wp-json\/wp\/v2\/posts\/106214","targetHints":{"allow":["GET"]}}],"collection":[{"href":"https:\/\/tvtecjundiai.com.br\/news\/wp-json\/wp\/v2\/posts"}],"about":[{"href":"https:\/\/tvtecjundiai.com.br\/news\/wp-json\/wp\/v2\/types\/post"}],"author":[{"embeddable":true,"href":"https:\/\/tvtecjundiai.com.br\/news\/wp-json\/wp\/v2\/users\/30"}],"replies":[{"embeddable":true,"href":"https:\/\/tvtecjundiai.com.br\/news\/wp-json\/wp\/v2\/comments?post=106214"}],"version-history":[{"count":1,"href":"https:\/\/tvtecjundiai.com.br\/news\/wp-json\/wp\/v2\/posts\/106214\/revisions"}],"predecessor-version":[{"id":106216,"href":"https:\/\/tvtecjundiai.com.br\/news\/wp-json\/wp\/v2\/posts\/106214\/revisions\/106216"}],"wp:featuredmedia":[{"embeddable":true,"href":"https:\/\/tvtecjundiai.com.br\/news\/wp-json\/wp\/v2\/media\/106215"}],"wp:attachment":[{"href":"https:\/\/tvtecjundiai.com.br\/news\/wp-json\/wp\/v2\/media?parent=106214"}],"wp:term":[{"taxonomy":"category","embeddable":true,"href":"https:\/\/tvtecjundiai.com.br\/news\/wp-json\/wp\/v2\/categories?post=106214"},{"taxonomy":"post_tag","embeddable":true,"href":"https:\/\/tvtecjundiai.com.br\/news\/wp-json\/wp\/v2\/tags?post=106214"}],"curies":[{"name":"wp","href":"https:\/\/api.w.org\/{rel}","templated":true}]}}