{"id":106245,"date":"2023-03-10T16:36:37","date_gmt":"2023-03-10T19:36:37","guid":{"rendered":"https:\/\/tvtecjundiai.com.br\/news\/?p=106245"},"modified":"2023-03-10T16:36:45","modified_gmt":"2023-03-10T19:36:45","slug":"faculdade-de-medicina-de-jundiai-completa-55-anos-e-anuncia-inauguracao-da-4a-unidade","status":"publish","type":"post","link":"https:\/\/tvtecjundiai.com.br\/news\/2023\/03\/10\/faculdade-de-medicina-de-jundiai-completa-55-anos-e-anuncia-inauguracao-da-4a-unidade\/","title":{"rendered":"Faculdade de Medicina de Jundia\u00ed completa 55 anos e anuncia inaugura\u00e7\u00e3o da 4\u00aa unidade"},"content":{"rendered":"\n<p>No domingo (12) ser\u00e1 comemorado os 55 anos da Faculdade de Medicina de Jundia\u00ed. S\u00e3o cinco d\u00e9cadas e meia dedicadas \u00e0 forma\u00e7\u00e3o de gera\u00e7\u00f5es e gera\u00e7\u00f5es de alunos, oferecendo uma educa\u00e7\u00e3o de qualidade e preparando-os para os desafios do mundo moderno. <\/p>\n\n\n\n<p>Desde o in\u00edcio, a institui\u00e7\u00e3o tem sido um lugar onde o conhecimento e o aprendizado s\u00e3o valorizados, onde os estudantes s\u00e3o incentivados a buscar o melhor de si e onde o compromisso com a excel\u00eancia acad\u00eamica \u00e9 uma constante. \u201cAo longo dos anos, tivemos a oportunidade de ver muitos de nossos alunos se tornarem l\u00edderes em suas especialidades de atua\u00e7\u00e3o, contribuindo para o desenvolvimento da medicina no pa\u00eds e no mundo\u201d, comenta o diretor da institui\u00e7\u00e3o, Prof. Evaldo Marchi.<\/p>\n\n\n\n<p>N\u00e3o foi apenas o ensino que marcou esses 55 anos de hist\u00f3ria da FMJ. \u201cNossa institui\u00e7\u00e3o tamb\u00e9m \u00e9 reconhecida pela sua preocupa\u00e7\u00e3o com o bem-estar de seus alunos, oferecendo um ambiente acolhedor e seguro, onde valores s\u00e3o respeitados e valorizados\u201d, complementa o diretor.<\/p>\n\n\n\n<figure class=\"wp-block-image size-large\"><img loading=\"lazy\" decoding=\"async\" width=\"1200\" height=\"676\" src=\"https:\/\/tvtecjundiai.com.br\/news\/wp-content\/uploads\/sites\/2\/2023\/03\/Unidade-4-FMJ-1200x676.jpg\" alt=\"\" class=\"wp-image-106246\" srcset=\"https:\/\/tvtecjundiai.com.br\/news\/wp-content\/uploads\/sites\/2\/2023\/03\/Unidade-4-FMJ-1200x676.jpg 1200w, https:\/\/tvtecjundiai.com.br\/news\/wp-content\/uploads\/sites\/2\/2023\/03\/Unidade-4-FMJ-300x169.jpg 300w, https:\/\/tvtecjundiai.com.br\/news\/wp-content\/uploads\/sites\/2\/2023\/03\/Unidade-4-FMJ-768x433.jpg 768w, https:\/\/tvtecjundiai.com.br\/news\/wp-content\/uploads\/sites\/2\/2023\/03\/Unidade-4-FMJ.jpg 1280w\" sizes=\"auto, (max-width: 1200px) 100vw, 1200px\" \/><\/figure>\n\n\n\n<p><\/p>\n\n\n\n<p><strong>NOVIDADES<\/strong><\/p>\n\n\n\n<p>Em abril, a FMJ entrega a Unidade 4, localizado em endere\u00e7o estrat\u00e9gico, pr\u00f3ximo ao Hospital S\u00e3o Vicente de Paulo (HSVP), visando \u00e0 log\u00edstica e valorizando a inova\u00e7\u00e3o tecnol\u00f3gica para o desenvolvimento do ensino aplicado no local.&nbsp; As salas est\u00e3o equipadas para aulas presenciais, on-line ou h\u00edbridas. Trata-se de mais uma&nbsp;unidade de apoio para os estudantes que atuam no HSVP durante o internato (5\u00ba. e 6 \u00ba ano).<\/p>\n\n\n\n<p>A FMJ possui tr\u00eas outras unidades: A Unidade 01 cont\u00e9m salas de aula, anfiteatros e um audit\u00f3rio, tamb\u00e9m abriga o setor administrativo da institui\u00e7\u00e3o, bem como um laborat\u00f3rio de infectologia pedi\u00e1trica. A Unidade 02 possui salas de aula, anfiteatros, um centro de simula\u00e7\u00e3o real\u00edstica e v\u00e1rios laborat\u00f3rios. A Unidade 03 \u00e9 dedicada \u00e0 pesquisa, contendo diversos laborat\u00f3rios e um espa\u00e7o exclusivo para os pesquisadores.\u00a0<\/p>\n\n\n\n<p><strong>ANO COMEMORATIVO<\/strong><\/p>\n\n\n\n<p>As a\u00e7\u00f5es comemorativas v\u00e3o acontecer ao longo do ano com calend\u00e1rio repleto de eventos. A primeira atividade ser\u00e1 a aula inaugural com a ex-aluna da FMJ e renomada ginecologista e obstetra, professora titular da especialidade na Unicamp, Eliana Martorano do Amaral. A aula acontece no dia 13 de mar\u00e7o, \u00e0s 9h no anfiteatro Pedro F\u00e1varo com o tema: qualidade de forma\u00e7\u00e3o do m\u00e9dico: o essencial, o ideal, a excel\u00eancia.\u00a0<\/p>\n\n\n\n<figure class=\"wp-block-image size-full\"><img loading=\"lazy\" decoding=\"async\" width=\"1184\" height=\"666\" src=\"https:\/\/tvtecjundiai.com.br\/news\/wp-content\/uploads\/sites\/2\/2023\/03\/Unidade-1-FMJ.png\" alt=\"\" class=\"wp-image-106247\" srcset=\"https:\/\/tvtecjundiai.com.br\/news\/wp-content\/uploads\/sites\/2\/2023\/03\/Unidade-1-FMJ.png 1184w, https:\/\/tvtecjundiai.com.br\/news\/wp-content\/uploads\/sites\/2\/2023\/03\/Unidade-1-FMJ-300x169.png 300w, https:\/\/tvtecjundiai.com.br\/news\/wp-content\/uploads\/sites\/2\/2023\/03\/Unidade-1-FMJ-768x432.png 768w\" sizes=\"auto, (max-width: 1184px) 100vw, 1184px\" \/><\/figure>\n\n\n\n<p><strong><em>(Fonte\/Imagem: Assessoria Faculdade de Medicina de Jundia\u00ed)<\/em><\/strong><\/p>\n","protected":false},"excerpt":{"rendered":"<p>Em abril, a FMJ entrega a Unidade 4, pr\u00f3ximo ao Hospital S\u00e3o Vicente de Paulo<\/p>\n","protected":false},"author":30,"featured_media":106246,"comment_status":"closed","ping_status":"0","sticky":false,"template":"","format":"standard","meta":{"footnotes":""},"categories":[8356,1,2839,8355],"tags":[],"class_list":["post-106245","post","type-post","status-publish","format-standard","has-post-thumbnail","hentry","category-jundiai","category-noticias","category-saude","category-saude-3"],"_links":{"self":[{"href":"https:\/\/tvtecjundiai.com.br\/news\/wp-json\/wp\/v2\/posts\/106245","targetHints":{"allow":["GET"]}}],"collection":[{"href":"https:\/\/tvtecjundiai.com.br\/news\/wp-json\/wp\/v2\/posts"}],"about":[{"href":"https:\/\/tvtecjundiai.com.br\/news\/wp-json\/wp\/v2\/types\/post"}],"author":[{"embeddable":true,"href":"https:\/\/tvtecjundiai.com.br\/news\/wp-json\/wp\/v2\/users\/30"}],"replies":[{"embeddable":true,"href":"https:\/\/tvtecjundiai.com.br\/news\/wp-json\/wp\/v2\/comments?post=106245"}],"version-history":[{"count":1,"href":"https:\/\/tvtecjundiai.com.br\/news\/wp-json\/wp\/v2\/posts\/106245\/revisions"}],"predecessor-version":[{"id":106248,"href":"https:\/\/tvtecjundiai.com.br\/news\/wp-json\/wp\/v2\/posts\/106245\/revisions\/106248"}],"wp:featuredmedia":[{"embeddable":true,"href":"https:\/\/tvtecjundiai.com.br\/news\/wp-json\/wp\/v2\/media\/106246"}],"wp:attachment":[{"href":"https:\/\/tvtecjundiai.com.br\/news\/wp-json\/wp\/v2\/media?parent=106245"}],"wp:term":[{"taxonomy":"category","embeddable":true,"href":"https:\/\/tvtecjundiai.com.br\/news\/wp-json\/wp\/v2\/categories?post=106245"},{"taxonomy":"post_tag","embeddable":true,"href":"https:\/\/tvtecjundiai.com.br\/news\/wp-json\/wp\/v2\/tags?post=106245"}],"curies":[{"name":"wp","href":"https:\/\/api.w.org\/{rel}","templated":true}]}}