{"id":106263,"date":"2023-03-10T21:06:10","date_gmt":"2023-03-11T00:06:10","guid":{"rendered":"https:\/\/tvtecjundiai.com.br\/news\/?p=106263"},"modified":"2023-03-10T21:15:52","modified_gmt":"2023-03-11T00:15:52","slug":"defesa-civil-jundiai-registra-79-mm-de-chuva-em-apenas-seis-horas","status":"publish","type":"post","link":"https:\/\/tvtecjundiai.com.br\/news\/2023\/03\/10\/defesa-civil-jundiai-registra-79-mm-de-chuva-em-apenas-seis-horas\/","title":{"rendered":"Defesa Civil de Jundia\u00ed registra 79 mm de chuva em apenas seis horas"},"content":{"rendered":"\n<p>Jundia\u00ed registrou o maior volume de chuva at\u00e9 o momento dentro do m\u00eas de mar\u00e7o. Nesta sexta-feira (10), em apenas seis horas, foram 79 mm. O temporal que chegou no per\u00edodo da tarde causou alguns transtornos na cidade mas sem gravidade de acordo com o coordenado da Defesa Civil, o Cel Jo\u00e3o Os\u00f3rio Gimenez.<\/p>\n\n\n\n<p>\u201cA chuva foi considerada como severa e isso significa que tivemos um volume acima de 50 mm em uma hora, o que chama a aten\u00e7\u00e3o\u201d \u2013 comentou. &nbsp;<\/p>\n\n\n\n<figure class=\"wp-block-image size-large is-resized\"><img loading=\"lazy\" decoding=\"async\" src=\"https:\/\/tvtecjundiai.com.br\/news\/wp-content\/uploads\/sites\/2\/2023\/03\/4203c8cd-172a-4324-8b22-d467310da344-541x960.jpg\" alt=\"\" class=\"wp-image-106264\" width=\"841\" height=\"1492\" \/><figcaption class=\"wp-element-caption\">Avenida 14 Dezembro, na vila Rami, registrou pontos de alagamento com o transbordamento do Rio Guapeva. (Foto: Defesa Civil)<\/figcaption><\/figure>\n\n\n\n<p>De acordo com os dados registrados pelos pluvi\u00f4metros espalhados pelo munic\u00edpio, a chuva mais forte atingiu os bairros da Santa Clara, Jardim Santa Gertrudes e vila Rami.<\/p>\n\n\n\n<p>Confira os registros pluviom\u00e9tricos da Defesa Civil:<\/p>\n\n\n\n<p>Jardim Santa Gertrudes &#8211; 79 mm<\/p>\n\n\n\n<p>Rio Jundia\u00ed (vila Graff) \u2013 37,2 mm<\/p>\n\n\n\n<p>Fazenda Grande \u2013 29,6 mm<\/p>\n\n\n\n<p>De acordo com a Defesa Civil n\u00e3o foram registradas algumas ocorr\u00eancias sem gravidade, como alagamentos e transbordamentos.<\/p>\n\n\n\n<p>\u201cN\u00e3o h\u00e1 v\u00edtimas, nenhuma pessoa desalojada ou desabrigada. Vale destacar que o volume do Rio Guapeva subiu rapidamente e transbordou na regi\u00e3o da avenida 14 de Dezembro, assim como o c\u00f3rrego pr\u00f3ximo ao Clube Uirapuru\u201d \u2013 concluiu.<\/p>\n\n\n\n<p>A Defesa Civil est\u00e1 monitorando toda a cidade de Jundia\u00ed. &nbsp;<\/p>\n","protected":false},"excerpt":{"rendered":"<p>O temporal que chegou no per\u00edodo da tarde causou alguns transtornos na cidade mas sem gravidade<\/p>\n","protected":false},"author":24,"featured_media":106264,"comment_status":"closed","ping_status":"0","sticky":false,"template":"","format":"standard","meta":{"footnotes":""},"categories":[3185,8356,1],"tags":[],"class_list":["post-106263","post","type-post","status-publish","format-standard","has-post-thumbnail","hentry","category-clima","category-jundiai","category-noticias"],"_links":{"self":[{"href":"https:\/\/tvtecjundiai.com.br\/news\/wp-json\/wp\/v2\/posts\/106263","targetHints":{"allow":["GET"]}}],"collection":[{"href":"https:\/\/tvtecjundiai.com.br\/news\/wp-json\/wp\/v2\/posts"}],"about":[{"href":"https:\/\/tvtecjundiai.com.br\/news\/wp-json\/wp\/v2\/types\/post"}],"author":[{"embeddable":true,"href":"https:\/\/tvtecjundiai.com.br\/news\/wp-json\/wp\/v2\/users\/24"}],"replies":[{"embeddable":true,"href":"https:\/\/tvtecjundiai.com.br\/news\/wp-json\/wp\/v2\/comments?post=106263"}],"version-history":[{"count":4,"href":"https:\/\/tvtecjundiai.com.br\/news\/wp-json\/wp\/v2\/posts\/106263\/revisions"}],"predecessor-version":[{"id":106270,"href":"https:\/\/tvtecjundiai.com.br\/news\/wp-json\/wp\/v2\/posts\/106263\/revisions\/106270"}],"wp:featuredmedia":[{"embeddable":true,"href":"https:\/\/tvtecjundiai.com.br\/news\/wp-json\/wp\/v2\/media\/106264"}],"wp:attachment":[{"href":"https:\/\/tvtecjundiai.com.br\/news\/wp-json\/wp\/v2\/media?parent=106263"}],"wp:term":[{"taxonomy":"category","embeddable":true,"href":"https:\/\/tvtecjundiai.com.br\/news\/wp-json\/wp\/v2\/categories?post=106263"},{"taxonomy":"post_tag","embeddable":true,"href":"https:\/\/tvtecjundiai.com.br\/news\/wp-json\/wp\/v2\/tags?post=106263"}],"curies":[{"name":"wp","href":"https:\/\/api.w.org\/{rel}","templated":true}]}}