{"id":106311,"date":"2023-03-12T15:55:47","date_gmt":"2023-03-12T18:55:47","guid":{"rendered":"https:\/\/tvtecjundiai.com.br\/news\/?p=106311"},"modified":"2023-03-12T15:55:52","modified_gmt":"2023-03-12T18:55:52","slug":"tombamento-da-serra-do-japi-comemora-40-anos-com-solenidade","status":"publish","type":"post","link":"https:\/\/tvtecjundiai.com.br\/news\/2023\/03\/12\/tombamento-da-serra-do-japi-comemora-40-anos-com-solenidade\/","title":{"rendered":"Tombamento da Serra do Japi comemora 40 anos com solenidade"},"content":{"rendered":"\n<p>Aconteceu na manh\u00e3 deste domingo, na Funda\u00e7\u00e3o Serra do Japi, a cerim\u00f4nia para celebra\u00e7\u00e3o dos 40 anos do Tombamento da Serra. O encontro contou com falas do gestor da Unidade de Gest\u00e3o de Planejamento Urbana e Meio Ambiente, Sin\u00e9sio Scarabello Filho, que contou um pouco sobre todo o processo at\u00e9 o tombamento, e da superintendente da Funda\u00e7\u00e3o Serra do Japi, Vania Plaza Nunes. No final, o Coral Pio X realizou uma apresenta\u00e7\u00e3o musical.<\/p>\n\n\n\n<p>\u201cT\u00e9cnicos da Prefeitura de Jundia\u00ed iniciaram os estudos a respeito da Serra em 1978, e ent\u00e3o percebeu-se sua import\u00e2ncia para o meio ambiente e a necessidade de se preservar toda essa regi\u00e3o. Nem todos eram a favor, e por isso foi realizado em grande trabalho de di\u00e1logo com a popula\u00e7\u00e3o e os moradores para conciliar todas as demandas. Hoje, temos os Conselhos que realizam este importante trabalho de di\u00e1logo com a popula\u00e7\u00e3o\u201d, afirma o gestor Sin\u00e9sio.<\/p>\n\n\n\n<figure class=\"wp-block-image\"><img decoding=\"async\" src=\"https:\/\/jundiai.sp.gov.br\/noticias\/wp-content\/uploads\/sites\/32\/2023\/03\/fe71ce5d-eb55-4c72-a175-c167530c3105-1280x853.jpg\" alt=\"\" class=\"wp-image-312789\" \/><figcaption class=\"wp-element-caption\">Gestor Sin\u00e9sio discursou sobre a hist\u00f3ria do processo de Tombamento da Serra do Japi<\/figcaption><\/figure>\n\n\n\n<p>\u201cOs 40 anos marcam uma data muito especial. O trabalho de pesquisa realizado hoje na Serra do Japi \u00e9 fundamental n\u00e3o apenas para os munic\u00edpio do seu territ\u00f3rio, mas a n\u00edvel mundial\u201d, explica Vania.<\/p>\n\n\n\n<p>Seu Lauro Candioto foi um dos moradores que participou do evento. Ele vive na regi\u00e3o da Serra h\u00e1 mais de 40 anos e participou de todo o processo. \u201cFormamos um grupo de moradores que sempre foi a favor da preserva\u00e7\u00e3o. Somos at\u00e9 hoje e ainda lutamos por isso. Devemos evitar as extravag\u00e2ncias e conscientizar as pessoas quanto ao uso da \u00e1rea da Serra do Japi\u201d, comenta.<\/p>\n\n\n\n<p>Tamb\u00e9m estiveram presentes o professor Jo\u00e3o Vasconcelos, da Unicamp, professor Ricardo Rodrigues da ESALQ, e a professora Eleonore Setz, tanb\u00e9m da Unicamp, e falaram sobre a import\u00e2ncia fundamental da pesquisa na Serra e da preserva\u00e7\u00e3o para milhares de exemplares da fauna e flora.<\/p>\n\n\n\n<figure class=\"wp-block-image\"><img decoding=\"async\" src=\"https:\/\/jundiai.sp.gov.br\/noticias\/wp-content\/uploads\/sites\/32\/2023\/03\/de2a6a34-1ec0-4d0b-86be-43d64b24943a-1280x853.jpg\" alt=\"\" class=\"wp-image-312790\" \/><figcaption class=\"wp-element-caption\">Vania Plaza recebeu membros da divis\u00e3o ambiental da Guarda Municipal<\/figcaption><\/figure>\n\n\n\n<p><em>Fonte: Prefeitura de Jundia\u00ed<\/em><\/p>\n","protected":false},"excerpt":{"rendered":"<p>O gestor da UGPUMA, Sin\u00e9sio Scarabello Filho, falou sobre todo o processo de tombamento da Serra<\/p>\n","protected":false},"author":24,"featured_media":86946,"comment_status":"closed","ping_status":"0","sticky":false,"template":"","format":"standard","meta":{"footnotes":""},"categories":[8356,3569],"tags":[],"class_list":["post-106311","post","type-post","status-publish","format-standard","has-post-thumbnail","hentry","category-jundiai","category-meio-ambiente"],"_links":{"self":[{"href":"https:\/\/tvtecjundiai.com.br\/news\/wp-json\/wp\/v2\/posts\/106311","targetHints":{"allow":["GET"]}}],"collection":[{"href":"https:\/\/tvtecjundiai.com.br\/news\/wp-json\/wp\/v2\/posts"}],"about":[{"href":"https:\/\/tvtecjundiai.com.br\/news\/wp-json\/wp\/v2\/types\/post"}],"author":[{"embeddable":true,"href":"https:\/\/tvtecjundiai.com.br\/news\/wp-json\/wp\/v2\/users\/24"}],"replies":[{"embeddable":true,"href":"https:\/\/tvtecjundiai.com.br\/news\/wp-json\/wp\/v2\/comments?post=106311"}],"version-history":[{"count":1,"href":"https:\/\/tvtecjundiai.com.br\/news\/wp-json\/wp\/v2\/posts\/106311\/revisions"}],"predecessor-version":[{"id":106313,"href":"https:\/\/tvtecjundiai.com.br\/news\/wp-json\/wp\/v2\/posts\/106311\/revisions\/106313"}],"wp:featuredmedia":[{"embeddable":true,"href":"https:\/\/tvtecjundiai.com.br\/news\/wp-json\/wp\/v2\/media\/86946"}],"wp:attachment":[{"href":"https:\/\/tvtecjundiai.com.br\/news\/wp-json\/wp\/v2\/media?parent=106311"}],"wp:term":[{"taxonomy":"category","embeddable":true,"href":"https:\/\/tvtecjundiai.com.br\/news\/wp-json\/wp\/v2\/categories?post=106311"},{"taxonomy":"post_tag","embeddable":true,"href":"https:\/\/tvtecjundiai.com.br\/news\/wp-json\/wp\/v2\/tags?post=106311"}],"curies":[{"name":"wp","href":"https:\/\/api.w.org\/{rel}","templated":true}]}}