{"id":10632,"date":"2018-05-18T15:19:21","date_gmt":"2018-05-18T18:19:21","guid":{"rendered":"https:\/\/tvtecjundiai.com.br\/news\/?p=10632"},"modified":"2018-05-18T17:24:24","modified_gmt":"2018-05-18T20:24:24","slug":"50a-festa-da-terra-nova-comeca-neste-sabado-19-1","status":"publish","type":"post","link":"https:\/\/tvtecjundiai.com.br\/news\/2018\/05\/18\/50a-festa-da-terra-nova-comeca-neste-sabado-19-1\/","title":{"rendered":"50\u00aa Festa da Terra Nova come\u00e7a neste s\u00e1bado (19)"},"content":{"rendered":"<div id=\"attachment_10634\" style=\"width: 410px\" class=\"wp-caption alignright\"><a href=\"https:\/\/tvtecjundiai.com.br\/news\/wp-content\/uploads\/sites\/2\/2018\/05\/18700331_1487160364692806_1325598274338386911_n.jpg\"><img loading=\"lazy\" decoding=\"async\" aria-describedby=\"caption-attachment-10634\" class=\"wp-image-10634\" src=\"https:\/\/tvtecjundiai.com.br\/news\/wp-content\/uploads\/sites\/2\/2018\/05\/18700331_1487160364692806_1325598274338386911_n-300x169.jpg\" alt=\"\" width=\"400\" height=\"225\" srcset=\"https:\/\/tvtecjundiai.com.br\/news\/wp-content\/uploads\/sites\/2\/2018\/05\/18700331_1487160364692806_1325598274338386911_n-300x169.jpg 300w, https:\/\/tvtecjundiai.com.br\/news\/wp-content\/uploads\/sites\/2\/2018\/05\/18700331_1487160364692806_1325598274338386911_n-768x432.jpg 768w, https:\/\/tvtecjundiai.com.br\/news\/wp-content\/uploads\/sites\/2\/2018\/05\/18700331_1487160364692806_1325598274338386911_n.jpg 960w\" sizes=\"auto, (max-width: 400px) 100vw, 400px\" \/><\/a><p id=\"caption-attachment-10634\" class=\"wp-caption-text\">Expectativa \u00e9 de que 1,5 tonelada de frango seja consumida no primeiro fim de semana de festa<\/p><\/div>\n<p>A tradicional Festa da Terra Nova come\u00e7a neste s\u00e1bado (19) e segue at\u00e9 o dia 10 de junho. A festa prossegue nos dias 20, 26 e 27 de maio e 2, 3, 9 e 10 de junho, no bairro Terra Nova. Aos s\u00e1bados, das 19h \u00e0s 23h, e aos domingos, das 11h \u00e0s 16h.<\/p>\n<p>A festa conta com um card\u00e1pio gastron\u00f4mico variado, composto por frango frito, leitoa e muitas outras comidas t\u00edpicas da culin\u00e1ria italiana. Somente neste primeiro fim de semana, a expectativa \u00e9 de que pelo menos 1,5 tonelada de frango seja consumida.<\/p>\n<p>Em comemora\u00e7\u00e3o aos 50 anos de festa, o cantor Moacyr Franco se apresenta no dia 10 de junho. Na entrada do show \u00e9 necess\u00e1rio doar 2 quilos de alimento n\u00e3o perec\u00edvel e toda a arrecada\u00e7\u00e3o ser\u00e1 revertida em obras assistenciais da par\u00f3quia Santa Rosa de Lima.<\/p>\n<p>O local da Festa da Terra Nova \u00e9 avenida Engenheiro Tasso Pinheiro, 2446, Terra Nova, Jundia\u00ed.<\/p>\n","protected":false},"excerpt":{"rendered":"<p>No dia 10 de junho, a festa recebe show de Moacyr Franco<\/p>\n","protected":false},"author":10,"featured_media":10640,"comment_status":"closed","ping_status":"closed","sticky":false,"template":"","format":"standard","meta":{"footnotes":""},"categories":[2834],"tags":[3215,5,15],"class_list":["post-10632","post","type-post","status-publish","format-standard","has-post-thumbnail","hentry","category-cidades","tag-festa-da-terra-nova","tag-jundiai","tag-tvtec"],"_links":{"self":[{"href":"https:\/\/tvtecjundiai.com.br\/news\/wp-json\/wp\/v2\/posts\/10632","targetHints":{"allow":["GET"]}}],"collection":[{"href":"https:\/\/tvtecjundiai.com.br\/news\/wp-json\/wp\/v2\/posts"}],"about":[{"href":"https:\/\/tvtecjundiai.com.br\/news\/wp-json\/wp\/v2\/types\/post"}],"author":[{"embeddable":true,"href":"https:\/\/tvtecjundiai.com.br\/news\/wp-json\/wp\/v2\/users\/10"}],"replies":[{"embeddable":true,"href":"https:\/\/tvtecjundiai.com.br\/news\/wp-json\/wp\/v2\/comments?post=10632"}],"version-history":[{"count":5,"href":"https:\/\/tvtecjundiai.com.br\/news\/wp-json\/wp\/v2\/posts\/10632\/revisions"}],"predecessor-version":[{"id":10642,"href":"https:\/\/tvtecjundiai.com.br\/news\/wp-json\/wp\/v2\/posts\/10632\/revisions\/10642"}],"wp:featuredmedia":[{"embeddable":true,"href":"https:\/\/tvtecjundiai.com.br\/news\/wp-json\/wp\/v2\/media\/10640"}],"wp:attachment":[{"href":"https:\/\/tvtecjundiai.com.br\/news\/wp-json\/wp\/v2\/media?parent=10632"}],"wp:term":[{"taxonomy":"category","embeddable":true,"href":"https:\/\/tvtecjundiai.com.br\/news\/wp-json\/wp\/v2\/categories?post=10632"},{"taxonomy":"post_tag","embeddable":true,"href":"https:\/\/tvtecjundiai.com.br\/news\/wp-json\/wp\/v2\/tags?post=10632"}],"curies":[{"name":"wp","href":"https:\/\/api.w.org\/{rel}","templated":true}]}}