{"id":106335,"date":"2023-03-13T15:02:56","date_gmt":"2023-03-13T18:02:56","guid":{"rendered":"https:\/\/tvtecjundiai.com.br\/news\/?p=106335"},"modified":"2023-03-13T15:03:09","modified_gmt":"2023-03-13T18:03:09","slug":"sabrina-gottschlisch-participa-do-clube-de-leitura-com-o-autor-na-biblioteca-municipal","status":"publish","type":"post","link":"https:\/\/tvtecjundiai.com.br\/news\/2023\/03\/13\/sabrina-gottschlisch-participa-do-clube-de-leitura-com-o-autor-na-biblioteca-municipal\/","title":{"rendered":"Sabrina Gottschlisch participa do &#8216;Clube de Leitura com o Autor&#8217; na Biblioteca Municipal"},"content":{"rendered":"\n<p>Dentro da proposta que visa ampliar a visibilidade e estimular o debate de obras liter\u00e1rias de autores brasileiros dando destaque inclusive para autores jundiaienses, a Unidade de Gest\u00e3o de Cultura (UGC), por meio da Biblioteca P\u00fablica Municipal Prof. Nelson Foot (BNF), realiza o projeto Clube de Leitura com o Autor.<\/p>\n\n\n\n<p>O pr\u00f3ximo encontro acontece na quarta-feira (22), a partir das 19h, no audit\u00f3rio da Biblioteca, oportunidade em que os participantes poder\u00e3o discutir a obra lida, com a presen\u00e7a do autor, podendo assim interagir e acrescentar informa\u00e7\u00f5es que lhe permitam uma leitura ainda mais din\u00e2mica e rica,<\/p>\n\n\n\n<p>A escritora Sabrina Gottschlisch, traz para a discuss\u00e3o seu novo romance \u201cAtrav\u00e9s de N\u00f3s\u201d, publicado pela editora Paraquedas. S\u00e3o oferecidas 20 vagas gratuitas para o encontro, para leitores a partir de 16 anos.<\/p>\n\n\n\n<p>Para participar \u00e9 preciso se inscrever previamente, via formul\u00e1rio Google, para receber as informa\u00e7\u00f5es de retirada do livro. O acesso \u00e9 pelo link:&nbsp;<a href=\"https:\/\/docs.google.com\/forms\/d\/e\/1FAIpQLSe-o6I4C7yCAlsYpEDVCmBxr-wAOeOFzehZZywK1l2jqz0AoA\/viewform\">https:\/\/docs.google.com\/forms\/d\/e\/1FAIpQLSe-o6I4C7yCAlsYpEDVCmBxr-wAOeOFzehZZywK1l2jqz0AoA\/viewform<\/a><\/p>\n\n\n\n<figure class=\"wp-block-gallery has-nested-images columns-default is-cropped wp-block-gallery-1 is-layout-flex wp-block-gallery-is-layout-flex\">\n<figure class=\"wp-block-image size-large\"><img loading=\"lazy\" decoding=\"async\" width=\"333\" height=\"500\" data-id=\"106340\" src=\"https:\/\/tvtecjundiai.com.br\/news\/wp-content\/uploads\/sites\/2\/2023\/03\/capa.jpg\" alt=\"\" class=\"wp-image-106340\" srcset=\"https:\/\/tvtecjundiai.com.br\/news\/wp-content\/uploads\/sites\/2\/2023\/03\/capa.jpg 333w, https:\/\/tvtecjundiai.com.br\/news\/wp-content\/uploads\/sites\/2\/2023\/03\/capa-300x450.jpg 300w\" sizes=\"auto, (max-width: 333px) 100vw, 333px\" \/><\/figure>\n\n\n\n<figure class=\"wp-block-image size-large\"><img loading=\"lazy\" decoding=\"async\" width=\"900\" height=\"581\" data-id=\"106341\" src=\"https:\/\/tvtecjundiai.com.br\/news\/wp-content\/uploads\/sites\/2\/2023\/03\/sabrina-gottschlisch.jpg\" alt=\"\" class=\"wp-image-106341\" srcset=\"https:\/\/tvtecjundiai.com.br\/news\/wp-content\/uploads\/sites\/2\/2023\/03\/sabrina-gottschlisch.jpg 900w, https:\/\/tvtecjundiai.com.br\/news\/wp-content\/uploads\/sites\/2\/2023\/03\/sabrina-gottschlisch-300x194.jpg 300w, https:\/\/tvtecjundiai.com.br\/news\/wp-content\/uploads\/sites\/2\/2023\/03\/sabrina-gottschlisch-768x496.jpg 768w\" sizes=\"auto, (max-width: 900px) 100vw, 900px\" \/><\/figure>\n<figcaption class=\"blocks-gallery-caption wp-element-caption\">Fotos: Divulga\u00e7\u00e3o<\/figcaption><\/figure>\n\n\n\n<p><\/p>\n\n\n\n<p><strong>A autora<\/strong><\/p>\n\n\n\n<p>Contemplada no ProAC, edital cultural do estado de S\u00e3o Paulo, a escritora Sabrina Gottschlisch lan\u00e7a pela Editora Paraquedas o romance&nbsp;\u201c<em>Atrav\u00e9s de n\u00f3s\u201d<\/em><em>,<\/em>&nbsp;uma saga focada nas mulheres de uma mesma fam\u00edlia. \u201cO que me motivou a escrever o livro foi contar partes da minha vida, uma vez que cresci numa fam\u00edlia comandada por mulheres, de forma ficcionalizada\u201d, ressalta.<\/p>\n\n\n\n<p>\u2018Atrav\u00e9s de n\u00f3s\u2019, lan\u00e7ado pela Editora Paraquedas, aborda temas como rela\u00e7\u00e3o entre m\u00e3es e filhas e sa\u00fade mental.&nbsp; De acordo com a autora, a grande inspira\u00e7\u00e3o para a composi\u00e7\u00e3o da obra foi o livro&nbsp;\u201cCasa dos esp\u00edritos\u201d, da chilena Isabel Allende. \u201cEsta leitura acendeu em mim a vontade de escrever sobre uma fam\u00edlia matriarcal, como a minha\u201d, resume.<\/p>\n\n\n\n<p>Sabrina Gottschlisch come\u00e7ou a escrever textos liter\u00e1rios em 2019. \u201cSempre fui uma leitora \u00e1vida e escrevia academicamente, mas com a pandemia, me animei a escrever um livro sobre minha experi\u00eancia com meu filho mais velho, que \u00e9 atleta. Publiquei este texto como e-book independente. Depois disso n\u00e3o parei mais de escrever. Participei de v\u00e1rias colet\u00e2neas, revistas liter\u00e1rias, entrei para um coletivo de escritoras e, por fim, ganhei o ProAC\u201d, lembra.<\/p>\n\n\n<div class=\"wp-block-image\">\n<figure class=\"aligncenter size-large\"><img loading=\"lazy\" decoding=\"async\" width=\"1200\" height=\"797\" src=\"https:\/\/tvtecjundiai.com.br\/news\/wp-content\/uploads\/sites\/2\/2023\/03\/biblioteca-municipal-5-1-1200x797.jpg\" alt=\"\" class=\"wp-image-106338\" srcset=\"https:\/\/tvtecjundiai.com.br\/news\/wp-content\/uploads\/sites\/2\/2023\/03\/biblioteca-municipal-5-1-1200x797.jpg 1200w, https:\/\/tvtecjundiai.com.br\/news\/wp-content\/uploads\/sites\/2\/2023\/03\/biblioteca-municipal-5-1-300x199.jpg 300w, https:\/\/tvtecjundiai.com.br\/news\/wp-content\/uploads\/sites\/2\/2023\/03\/biblioteca-municipal-5-1-768x510.jpg 768w, https:\/\/tvtecjundiai.com.br\/news\/wp-content\/uploads\/sites\/2\/2023\/03\/biblioteca-municipal-5-1.jpg 1280w\" sizes=\"auto, (max-width: 1200px) 100vw, 1200px\" \/><\/figure>\n<\/div>\n\n\n<p><\/p>\n\n\n\n<p><strong>Leitura Itinerante<\/strong><\/p>\n\n\n\n<p>Para atender \u00e0 desafiadora tarefa de formar leitores a UGC e Biblioteca Professor Nelson Foot (BNF) lan\u00e7aram o projeto \u201cLeitura Itinerante\u201d, cuja proposta \u00e9 formar um acervo com t\u00edtulos variados de literatura estrangeira e brasileira para serem emprestados aos clubes de leitura existentes na cidade.<br><br>Inicialmente o acervo conta com 32 t\u00edtulos de obras liter\u00e1rias infantojuvenis e adultos, totalizando 2163 exemplares que podem ser solicitados para empr\u00e9stimo por at\u00e9 60 dias. \u201cO di\u00e1rio de Anne Frank em quadrinhos\u201d, \u201cEu sou Malala\u201d e \u201cA princesa que era gordinha\u201d do jundiaiense M\u00e1rcio Martelli s\u00e3o alguns t\u00edtulos que fazem parte do acervo que integra o projeto.<br><br>Para conhecer os t\u00edtulos e quantidades do acervo itinerante acesse o cat\u00e1logo clicando no link:\u00a0link do cat\u00e1logo de livros que temos dispon\u00edvel para emprestar aos Clubes de Leitura interessados basta acessar o link:\u00a0<a href=\"https:\/\/docs.google.com\/presentation\/d\/1t0dJhVGvqyFvyuG0aOxy4yoK7VA_Bv4dlcSMM0Ci6_c\/edit#slide=id.g12dfdd0988f_1_774\">https:\/\/docs.google.com\/presentation\/d\/1t0dJhVGvqyFvyuG0aOxy4yoK7VA_Bv4dlcSMM0Ci6_c\/edit#slide=id.g12dfdd0988f_1_774<\/a><\/p>\n\n\n\n<p>J\u00e1 para ter acesso ao formul\u00e1rio para solicitar os livros o link dispon\u00edvel \u00e9 o <a href=\"https:\/\/docs.google.com\/forms\/d\/1W0m8GGZ1yuOWWazK0s7gXRHgkGctQq8XHOGo-9T21YI\/viewform?edit_requested=true\">https:\/\/docs.google.com\/forms\/d\/1W0m8GGZ1yuOWWazK0s7gXRHgkGctQq8XHOGo-9T21YI\/viewform?edit_requested=true<\/a><\/p>\n\n\n\n<p>A Biblioteca est\u00e1 localizada na avenida Dr. Cavalcanti, 396, Complexo Argos. O hor\u00e1rio de funcionamento, de segunda a sexta-feira, das 9h \u00e0s 21h, e aos s\u00e1bados, das 10h \u00e0s 17h. Mais informa\u00e7\u00f5es pelo telefone 4527-2110 ou pelo e-mail biblioteca@jundiai.sp.gov.br<\/p>\n\n\n\n<p><em><strong>(Fonte: Prefeitura de Jundia\u00ed\/Imagens: Prefeitura de Jundia\u00ed e Divulga\u00e7\u00e3o)<\/strong><\/em><\/p>\n","protected":false},"excerpt":{"rendered":"<p>S\u00e3o oferecidas 20 vagas gratuitas para o encontro, para leitores a partir de 16 anos<\/p>\n","protected":false},"author":30,"featured_media":106338,"comment_status":"closed","ping_status":"0","sticky":false,"template":"","format":"standard","meta":{"footnotes":""},"categories":[2833,8356,1],"tags":[],"class_list":["post-106335","post","type-post","status-publish","format-standard","has-post-thumbnail","hentry","category-cultura","category-jundiai","category-noticias"],"_links":{"self":[{"href":"https:\/\/tvtecjundiai.com.br\/news\/wp-json\/wp\/v2\/posts\/106335","targetHints":{"allow":["GET"]}}],"collection":[{"href":"https:\/\/tvtecjundiai.com.br\/news\/wp-json\/wp\/v2\/posts"}],"about":[{"href":"https:\/\/tvtecjundiai.com.br\/news\/wp-json\/wp\/v2\/types\/post"}],"author":[{"embeddable":true,"href":"https:\/\/tvtecjundiai.com.br\/news\/wp-json\/wp\/v2\/users\/30"}],"replies":[{"embeddable":true,"href":"https:\/\/tvtecjundiai.com.br\/news\/wp-json\/wp\/v2\/comments?post=106335"}],"version-history":[{"count":1,"href":"https:\/\/tvtecjundiai.com.br\/news\/wp-json\/wp\/v2\/posts\/106335\/revisions"}],"predecessor-version":[{"id":106342,"href":"https:\/\/tvtecjundiai.com.br\/news\/wp-json\/wp\/v2\/posts\/106335\/revisions\/106342"}],"wp:featuredmedia":[{"embeddable":true,"href":"https:\/\/tvtecjundiai.com.br\/news\/wp-json\/wp\/v2\/media\/106338"}],"wp:attachment":[{"href":"https:\/\/tvtecjundiai.com.br\/news\/wp-json\/wp\/v2\/media?parent=106335"}],"wp:term":[{"taxonomy":"category","embeddable":true,"href":"https:\/\/tvtecjundiai.com.br\/news\/wp-json\/wp\/v2\/categories?post=106335"},{"taxonomy":"post_tag","embeddable":true,"href":"https:\/\/tvtecjundiai.com.br\/news\/wp-json\/wp\/v2\/tags?post=106335"}],"curies":[{"name":"wp","href":"https:\/\/api.w.org\/{rel}","templated":true}]}}