{"id":106362,"date":"2023-03-14T10:20:30","date_gmt":"2023-03-14T13:20:30","guid":{"rendered":"https:\/\/tvtecjundiai.com.br\/news\/?p=106362"},"modified":"2023-03-14T10:20:30","modified_gmt":"2023-03-14T13:20:30","slug":"por-lei-cartorios-de-sp-terao-certidoes-de-obito-nascimento-e-casamento-em-braille","status":"publish","type":"post","link":"https:\/\/tvtecjundiai.com.br\/news\/2023\/03\/14\/por-lei-cartorios-de-sp-terao-certidoes-de-obito-nascimento-e-casamento-em-braille\/","title":{"rendered":"Por Lei, cart\u00f3rios de SP ter\u00e3o certid\u00f5es de \u00f3bito, nascimento e casamento em braille"},"content":{"rendered":"\n<p>O governador\u00a0Tarc\u00edsio de Freitas\u00a0sancionou na \u00faltima semana a Lei 17.649, de 2023, que determina que os cart\u00f3rios com sede no Estado de S\u00e3o Paulo passem a disponibilizar certid\u00f5es de \u00f3bito, nascimento e casamento em escrita braille.<\/p>\n\n\n\n<p>\u201cNo Estado todo, s\u00e3o mais de 1,3 milh\u00e3o de pessoas com defici\u00eancia visual que ter\u00e3o seu direito assegurado por meio dessa lei, que garante o amplo acesso \u00e0s certid\u00f5es\u201d, destacou Marcos da Costa, Secret\u00e1rio de Estado dos Direitos da Pessoa com Defici\u00eancia.<\/p>\n\n\n<div class=\"wp-block-image\">\n<figure class=\"aligncenter size-large is-resized\"><img loading=\"lazy\" decoding=\"async\" src=\"https:\/\/tvtecjundiai.com.br\/news\/wp-content\/uploads\/sites\/2\/2023\/03\/braile-scaled-1-1200x797.jpg\" alt=\"\" class=\"wp-image-106363\" width=\"627\" height=\"416\" srcset=\"https:\/\/tvtecjundiai.com.br\/news\/wp-content\/uploads\/sites\/2\/2023\/03\/braile-scaled-1-1200x797.jpg 1200w, https:\/\/tvtecjundiai.com.br\/news\/wp-content\/uploads\/sites\/2\/2023\/03\/braile-scaled-1-300x199.jpg 300w, https:\/\/tvtecjundiai.com.br\/news\/wp-content\/uploads\/sites\/2\/2023\/03\/braile-scaled-1-768x510.jpg 768w, https:\/\/tvtecjundiai.com.br\/news\/wp-content\/uploads\/sites\/2\/2023\/03\/braile-scaled-1.jpg 1280w\" sizes=\"auto, (max-width: 627px) 100vw, 627px\" \/><\/figure>\n<\/div>\n\n\n<p><\/p>\n\n\n\n<p>Os cart\u00f3rios tamb\u00e9m dever\u00e3o afixar cartazes de divulga\u00e7\u00e3o em seus estabelecimentos, em local de f\u00e1cil visualiza\u00e7\u00e3o e com linguagem tamb\u00e9m em escrita braille por meio de placa, cartaz ou similar, informando que os documentos poder\u00e3o ser disponibilizados em braile quando solicitado.<\/p>\n\n\n\n<p>A nova lei entra em vigor 30 dias ap\u00f3s a publica\u00e7\u00e3o no Di\u00e1rio Oficial, que ocorreu no dia 8 de mar\u00e7o.<\/p>\n\n\n\n<p><strong><em>(Fonte\/Imagem: Governo do Estado de S\u00e3o Paulo)<\/em><\/strong><\/p>\n","protected":false},"excerpt":{"rendered":"<p>A nova lei entra em vigor 30 dias ap\u00f3s a publica\u00e7\u00e3o no Di\u00e1rio Oficial, que ocorreu no dia 8 de mar\u00e7o<\/p>\n","protected":false},"author":30,"featured_media":106363,"comment_status":"closed","ping_status":"0","sticky":false,"template":"","format":"standard","meta":{"footnotes":""},"categories":[8356,1],"tags":[],"class_list":["post-106362","post","type-post","status-publish","format-standard","has-post-thumbnail","hentry","category-jundiai","category-noticias"],"_links":{"self":[{"href":"https:\/\/tvtecjundiai.com.br\/news\/wp-json\/wp\/v2\/posts\/106362","targetHints":{"allow":["GET"]}}],"collection":[{"href":"https:\/\/tvtecjundiai.com.br\/news\/wp-json\/wp\/v2\/posts"}],"about":[{"href":"https:\/\/tvtecjundiai.com.br\/news\/wp-json\/wp\/v2\/types\/post"}],"author":[{"embeddable":true,"href":"https:\/\/tvtecjundiai.com.br\/news\/wp-json\/wp\/v2\/users\/30"}],"replies":[{"embeddable":true,"href":"https:\/\/tvtecjundiai.com.br\/news\/wp-json\/wp\/v2\/comments?post=106362"}],"version-history":[{"count":1,"href":"https:\/\/tvtecjundiai.com.br\/news\/wp-json\/wp\/v2\/posts\/106362\/revisions"}],"predecessor-version":[{"id":106364,"href":"https:\/\/tvtecjundiai.com.br\/news\/wp-json\/wp\/v2\/posts\/106362\/revisions\/106364"}],"wp:featuredmedia":[{"embeddable":true,"href":"https:\/\/tvtecjundiai.com.br\/news\/wp-json\/wp\/v2\/media\/106363"}],"wp:attachment":[{"href":"https:\/\/tvtecjundiai.com.br\/news\/wp-json\/wp\/v2\/media?parent=106362"}],"wp:term":[{"taxonomy":"category","embeddable":true,"href":"https:\/\/tvtecjundiai.com.br\/news\/wp-json\/wp\/v2\/categories?post=106362"},{"taxonomy":"post_tag","embeddable":true,"href":"https:\/\/tvtecjundiai.com.br\/news\/wp-json\/wp\/v2\/tags?post=106362"}],"curies":[{"name":"wp","href":"https:\/\/api.w.org\/{rel}","templated":true}]}}