{"id":106368,"date":"2023-03-14T13:53:47","date_gmt":"2023-03-14T16:53:47","guid":{"rendered":"https:\/\/tvtecjundiai.com.br\/news\/?p=106368"},"modified":"2023-03-14T13:54:20","modified_gmt":"2023-03-14T16:54:20","slug":"hospital-sao-vicente-recebe-doacao-de-materiais-de-arte-para-pacientes-da-saude-mental","status":"publish","type":"post","link":"https:\/\/tvtecjundiai.com.br\/news\/2023\/03\/14\/hospital-sao-vicente-recebe-doacao-de-materiais-de-arte-para-pacientes-da-saude-mental\/","title":{"rendered":"Hospital S\u00e3o Vicente recebe doa\u00e7\u00e3o de materiais de arte para pacientes da Sa\u00fade Mental"},"content":{"rendered":"\n<p>Em prol da campanha interna de arrecada\u00e7\u00e3o de itens de arte do Hospital de Caridade S\u00e3o Vicente de Paulo (HSV), a escola \u00c1pice Eleva realizou neste m\u00eas a doa\u00e7\u00e3o de diversas caixas de l\u00e1pis de colorir, caixas de giz de cera, canetas coloridas, al\u00e9m de cadernos para pintura, livros e outros itens aos pacientes internados na Unidade de Sa\u00fade Mental da institui\u00e7\u00e3o. A a\u00e7\u00e3o visa\u00a0estimular a mente\u00a0dos pacientes, por meio de\u00a0atividades art\u00edsticas como dan\u00e7a, artesanato e pintura,\u00a0auxiliando no tratamento\u00a0e proporcionando momentos de relaxamento e descontra\u00e7\u00e3o.\u00a0<\/p>\n\n\n\n<p>A doa\u00e7\u00e3o foi recebida pela supervisora de Capta\u00e7\u00e3o de Recursos do Hospital S\u00e3o Vicente, Viviane Rasera, que emocionada,\u00a0agradeceu o gesto de empatia e parceria. \u201cPara ampliar a campanha de arrecada\u00e7\u00e3o de materiais escolares, entrei em contato com escolas de Jundia\u00ed e o \u00c1pice Eleva abra\u00e7ou prontamente a iniciativa! Em nome do Hospital S\u00e3o Vicente, agradecemos muito pela dedica\u00e7\u00e3o\u201d.\u00a0<\/p>\n\n\n<div class=\"wp-block-image\">\n<figure class=\"aligncenter size-large is-resized\"><img loading=\"lazy\" decoding=\"async\" src=\"https:\/\/tvtecjundiai.com.br\/news\/wp-content\/uploads\/sites\/2\/2023\/03\/Viviane-Rasera-recebe-doacao-de-materiais-de-arte-de-representantes-da-unidade-de-ensino-1200x677.jpg\" alt=\"\" class=\"wp-image-106369\" width=\"720\" height=\"405\" srcset=\"https:\/\/tvtecjundiai.com.br\/news\/wp-content\/uploads\/sites\/2\/2023\/03\/Viviane-Rasera-recebe-doacao-de-materiais-de-arte-de-representantes-da-unidade-de-ensino-1200x677.jpg 1200w, https:\/\/tvtecjundiai.com.br\/news\/wp-content\/uploads\/sites\/2\/2023\/03\/Viviane-Rasera-recebe-doacao-de-materiais-de-arte-de-representantes-da-unidade-de-ensino-300x169.jpg 300w, https:\/\/tvtecjundiai.com.br\/news\/wp-content\/uploads\/sites\/2\/2023\/03\/Viviane-Rasera-recebe-doacao-de-materiais-de-arte-de-representantes-da-unidade-de-ensino-768x433.jpg 768w, https:\/\/tvtecjundiai.com.br\/news\/wp-content\/uploads\/sites\/2\/2023\/03\/Viviane-Rasera-recebe-doacao-de-materiais-de-arte-de-representantes-da-unidade-de-ensino.jpg 1280w\" sizes=\"auto, (max-width: 720px) 100vw, 720px\" \/><\/figure>\n<\/div>\n\n\n<p><\/p>\n\n\n\n<p>\u201cAcreditamos que a arte \u00e9 uma atividade educacional e, principalmente, de cura. Dessa forma, mobilizamos imediatamente pais, alunos e at\u00e9 mesmo colaboradores da escola para que juntos, pud\u00e9ssemos atender \u00e0s necessidades dos pacientes. \u00c9 com imenso prazer que doamos esses itens ao Hospital. Poder colaborar com a sa\u00fade deles e saber que estamos levando alegria nos deixa um sentimento de miss\u00e3o cumprida!\u201d, compartilham com gratid\u00e3o os representantes da unidade de educa\u00e7\u00e3o Rafaele Zichel Marquezin, coordenadora pedag\u00f3gica, e Natanael Borges, t\u00e9cnico de manuten\u00e7\u00e3o.\u00a0<\/p>\n\n\n\n<p><strong><em>(Fonte: Assessoria Hospital S\u00e3o Vicente\/Imagem: Divulga\u00e7\u00e3o)<\/em><\/strong><\/p>\n","protected":false},"excerpt":{"rendered":"<p>A escola \u00c1pice Eleva doou diversas caixas de l\u00e1pis de cor, giz de cera e outros materiais<\/p>\n","protected":false},"author":30,"featured_media":106369,"comment_status":"closed","ping_status":"0","sticky":false,"template":"","format":"standard","meta":{"footnotes":""},"categories":[8356,1,2839,8355],"tags":[],"class_list":["post-106368","post","type-post","status-publish","format-standard","has-post-thumbnail","hentry","category-jundiai","category-noticias","category-saude","category-saude-3"],"_links":{"self":[{"href":"https:\/\/tvtecjundiai.com.br\/news\/wp-json\/wp\/v2\/posts\/106368","targetHints":{"allow":["GET"]}}],"collection":[{"href":"https:\/\/tvtecjundiai.com.br\/news\/wp-json\/wp\/v2\/posts"}],"about":[{"href":"https:\/\/tvtecjundiai.com.br\/news\/wp-json\/wp\/v2\/types\/post"}],"author":[{"embeddable":true,"href":"https:\/\/tvtecjundiai.com.br\/news\/wp-json\/wp\/v2\/users\/30"}],"replies":[{"embeddable":true,"href":"https:\/\/tvtecjundiai.com.br\/news\/wp-json\/wp\/v2\/comments?post=106368"}],"version-history":[{"count":2,"href":"https:\/\/tvtecjundiai.com.br\/news\/wp-json\/wp\/v2\/posts\/106368\/revisions"}],"predecessor-version":[{"id":106371,"href":"https:\/\/tvtecjundiai.com.br\/news\/wp-json\/wp\/v2\/posts\/106368\/revisions\/106371"}],"wp:featuredmedia":[{"embeddable":true,"href":"https:\/\/tvtecjundiai.com.br\/news\/wp-json\/wp\/v2\/media\/106369"}],"wp:attachment":[{"href":"https:\/\/tvtecjundiai.com.br\/news\/wp-json\/wp\/v2\/media?parent=106368"}],"wp:term":[{"taxonomy":"category","embeddable":true,"href":"https:\/\/tvtecjundiai.com.br\/news\/wp-json\/wp\/v2\/categories?post=106368"},{"taxonomy":"post_tag","embeddable":true,"href":"https:\/\/tvtecjundiai.com.br\/news\/wp-json\/wp\/v2\/tags?post=106368"}],"curies":[{"name":"wp","href":"https:\/\/api.w.org\/{rel}","templated":true}]}}