{"id":106388,"date":"2023-03-14T16:07:54","date_gmt":"2023-03-14T19:07:54","guid":{"rendered":"https:\/\/tvtecjundiai.com.br\/news\/?p=106388"},"modified":"2023-03-14T17:10:39","modified_gmt":"2023-03-14T20:10:39","slug":"ana-goulart-apresenta-exposicao-essencias-da-alma-em-jundiai","status":"publish","type":"post","link":"https:\/\/tvtecjundiai.com.br\/news\/2023\/03\/14\/ana-goulart-apresenta-exposicao-essencias-da-alma-em-jundiai\/","title":{"rendered":"Ana Goulart apresenta exposi\u00e7\u00e3o ess\u00eancias da alma em Jundia\u00ed"},"content":{"rendered":"\n<p>Essa iniciativa in\u00e9dita na cidade busca oferecer um novo espa\u00e7o para apresenta\u00e7\u00e3o de arte, unindo pe\u00e7as exclusivas de uma loja conceito, \u00e0s obras originais da artista. Ser\u00e3o apresentados trabalhos in\u00e9ditos da jovem artista que acaba de chegar de Exposi\u00e7\u00f5es na Europa, onde colecionadores e investidores adicionaram seu nome a lista de talentos promissores.<\/p>\n\n\n\n<p>Ana Goulart dedica parte de sua vida \u00e0 produ\u00e7\u00e3o de obras impressionistas, onde as cores integram um grande jogo harm\u00f4nico. A artista mistura a realidade com a fic\u00e7\u00e3o criando um mundo imagin\u00e1rio e contemplativo.<\/p>\n\n\n<div class=\"wp-block-image\">\n<figure class=\"aligncenter size-full is-resized\"><img loading=\"lazy\" decoding=\"async\" src=\"https:\/\/tvtecjundiai.com.br\/news\/wp-content\/uploads\/sites\/2\/2023\/03\/Foto-Ana-Goulart-2023-bx-1.jpg\" alt=\"\" class=\"wp-image-106392\" width=\"674\" height=\"587\" srcset=\"https:\/\/tvtecjundiai.com.br\/news\/wp-content\/uploads\/sites\/2\/2023\/03\/Foto-Ana-Goulart-2023-bx-1.jpg 721w, https:\/\/tvtecjundiai.com.br\/news\/wp-content\/uploads\/sites\/2\/2023\/03\/Foto-Ana-Goulart-2023-bx-1-300x261.jpg 300w\" sizes=\"auto, (max-width: 674px) 100vw, 674px\" \/><\/figure>\n<\/div>\n\n\n<p><\/p>\n\n\n\n<p>Segundo Silvia Rosalem, propriet\u00e1ria da loja que se instalou em Jundia\u00ed a partir de 2021, \u201ceste segmento faz parte do mercado de luxo onde por meio de exclusivas pe\u00e7as de design, o cliente encontra um diferencial de mercado\u201d. Baseada neste conceito, essa proposta encontra eco nos trabalhos da artista, que apresenta composi\u00e7\u00f5es individuais e peculiares. O mesmo contexto em vertentes diferentes, em um \u00fanico espa\u00e7o, sempre baseado na proposta de oferecer o melhor e exclusivo trabalho, conclui ela.<\/p>\n\n\n\n<p>Ao todo, a exposi\u00e7\u00e3o conta com aproximadamente 18 obras produzidas em 2023, todas da nova fase de Ana, impregnadas de emo\u00e7\u00e3o e cores. A mostra tamb\u00e9m contar\u00e1 com uma grande obra, de 2,50m de altura, para ambientes espa\u00e7osos.<\/p>\n\n\n\n<p>Para Sandra Setti, curadora da Exposi\u00e7\u00e3o, \u201ca arte tem que estar acess\u00edvel a todos e os espa\u00e7os que apresentem condi\u00e7\u00f5es de acolher uma exposi\u00e7\u00e3o t\u00eam que ser considerados. Abrir novos caminhos, novos conceitos para receber e introduzir arte de qualidade \u00e9 dever de todo curador. Temos obriga\u00e7\u00e3o de apresentar novas propostas e ideias, em um mundo onde a cultura e nossos talentos devem ser valorizados\u201d.<\/p>\n\n\n\n<p>A artista, de tradicional familia jundiaiense, dedicou boa parte de seu tempo na concep\u00e7\u00e3o dos trabalhos apresentados e sente-se privilegiada em expor em t\u00e3o conceituado espa\u00e7o. Uma \u00f3tima op\u00e7\u00e3o de lazer e entretenimento para toda a regi\u00e3o. Sua frase retrata um pouco de seu universo: \u201cquero com minhas obras marcar a mente e o cora\u00e7\u00e3o das pessoas, transformando as imagens em mem\u00f3rias afetivas, pois em tudo h\u00e1 um significado, nada \u00e9 por acaso\u201d.<\/p>\n\n\n\n<p>A exposi\u00e7\u00e3o estar\u00e1 aberta ao p\u00fablico de segunda a s\u00e1bado, at\u00e9 1\u00ba de abril, em hor\u00e1rio comercial.<\/p>\n\n\n<div class=\"wp-block-image\">\n<figure class=\"aligncenter size-large is-resized\"><img loading=\"lazy\" decoding=\"async\" src=\"https:\/\/tvtecjundiai.com.br\/news\/wp-content\/uploads\/sites\/2\/2023\/03\/Ana-Goulart-A-Senhora-da-luz-2021-1000-x-1300-acrilico-e-pigmentos-739x960.jpg\" alt=\"\" class=\"wp-image-106391\" width=\"424\" height=\"550\" srcset=\"https:\/\/tvtecjundiai.com.br\/news\/wp-content\/uploads\/sites\/2\/2023\/03\/Ana-Goulart-A-Senhora-da-luz-2021-1000-x-1300-acrilico-e-pigmentos-739x960.jpg 739w, https:\/\/tvtecjundiai.com.br\/news\/wp-content\/uploads\/sites\/2\/2023\/03\/Ana-Goulart-A-Senhora-da-luz-2021-1000-x-1300-acrilico-e-pigmentos-300x390.jpg 300w, https:\/\/tvtecjundiai.com.br\/news\/wp-content\/uploads\/sites\/2\/2023\/03\/Ana-Goulart-A-Senhora-da-luz-2021-1000-x-1300-acrilico-e-pigmentos-768x998.jpg 768w, https:\/\/tvtecjundiai.com.br\/news\/wp-content\/uploads\/sites\/2\/2023\/03\/Ana-Goulart-A-Senhora-da-luz-2021-1000-x-1300-acrilico-e-pigmentos.jpg 831w\" sizes=\"auto, (max-width: 424px) 100vw, 424px\" \/><\/figure>\n<\/div>\n\n\n<p><br>Exposi\u00e7\u00e3o:&nbsp;\u201cEss\u00eancias da Alma\u201d<br>Artista convidada: Ana Goulart<br>Curadoria: Sandra Setti<br>Local: Sierra M\u00f3veis \u2013 Rua do Retiro 873- Jundiai &#8211; SP<br>Inaugura\u00e7\u00e3o: 16 de mar\u00e7o<br>Per\u00edodo de Exposi\u00e7\u00e3o: de 17\/03 a 1\u00ba\/04 \u2013 hor\u00e1rio comercial &nbsp;<br>Mais informa\u00e7\u00f5es: S\u00edlvia Guerra &#8211; &nbsp;cel\/whatsapp: &nbsp;11 99617-8589 &nbsp;<\/p>\n\n\n\n<p><strong><em>(Fonte\/Imagem: Sandra Setti\/Ariane Lealdini)<\/em><\/strong><\/p>\n","protected":false},"excerpt":{"rendered":"<p>Ana Goulart dedica parte de sua vida \u00e0 produ\u00e7\u00e3o de obras impressionistas<\/p>\n","protected":false},"author":30,"featured_media":106392,"comment_status":"closed","ping_status":"0","sticky":false,"template":"","format":"standard","meta":{"footnotes":""},"categories":[2833,8356,1],"tags":[],"class_list":["post-106388","post","type-post","status-publish","format-standard","has-post-thumbnail","hentry","category-cultura","category-jundiai","category-noticias"],"_links":{"self":[{"href":"https:\/\/tvtecjundiai.com.br\/news\/wp-json\/wp\/v2\/posts\/106388","targetHints":{"allow":["GET"]}}],"collection":[{"href":"https:\/\/tvtecjundiai.com.br\/news\/wp-json\/wp\/v2\/posts"}],"about":[{"href":"https:\/\/tvtecjundiai.com.br\/news\/wp-json\/wp\/v2\/types\/post"}],"author":[{"embeddable":true,"href":"https:\/\/tvtecjundiai.com.br\/news\/wp-json\/wp\/v2\/users\/30"}],"replies":[{"embeddable":true,"href":"https:\/\/tvtecjundiai.com.br\/news\/wp-json\/wp\/v2\/comments?post=106388"}],"version-history":[{"count":3,"href":"https:\/\/tvtecjundiai.com.br\/news\/wp-json\/wp\/v2\/posts\/106388\/revisions"}],"predecessor-version":[{"id":106399,"href":"https:\/\/tvtecjundiai.com.br\/news\/wp-json\/wp\/v2\/posts\/106388\/revisions\/106399"}],"wp:featuredmedia":[{"embeddable":true,"href":"https:\/\/tvtecjundiai.com.br\/news\/wp-json\/wp\/v2\/media\/106392"}],"wp:attachment":[{"href":"https:\/\/tvtecjundiai.com.br\/news\/wp-json\/wp\/v2\/media?parent=106388"}],"wp:term":[{"taxonomy":"category","embeddable":true,"href":"https:\/\/tvtecjundiai.com.br\/news\/wp-json\/wp\/v2\/categories?post=106388"},{"taxonomy":"post_tag","embeddable":true,"href":"https:\/\/tvtecjundiai.com.br\/news\/wp-json\/wp\/v2\/tags?post=106388"}],"curies":[{"name":"wp","href":"https:\/\/api.w.org\/{rel}","templated":true}]}}