{"id":106395,"date":"2023-03-14T16:14:04","date_gmt":"2023-03-14T19:14:04","guid":{"rendered":"https:\/\/tvtecjundiai.com.br\/news\/?p=106395"},"modified":"2023-03-14T16:14:08","modified_gmt":"2023-03-14T19:14:08","slug":"governo-faz-reuniao-de-monitoramento-com-foco-em-projetos-prioritarios","status":"publish","type":"post","link":"https:\/\/tvtecjundiai.com.br\/news\/2023\/03\/14\/governo-faz-reuniao-de-monitoramento-com-foco-em-projetos-prioritarios\/","title":{"rendered":"Governo faz Reuni\u00e3o de Monitoramento com foco em projetos priorit\u00e1rios"},"content":{"rendered":"\n<p>Gestores e seus respectivos gerentes de projeto se reuniram, no in\u00edcio da semana, para a 21\u00aa rodada de Reuni\u00e3o de Monitoramento, na Sala de Situa\u00e7\u00e3o do Pa\u00e7o Municipal. Liderados pelo Gestor de Governo e Finan\u00e7as, Jos\u00e9 Antonio Parimoschi, foram discutidos de forma detalhada o est\u00e1gio de cada um dos projetos priorit\u00e1rios para a popula\u00e7\u00e3o.<\/p>\n\n\n\n<p>\u201cJundia\u00ed \u00e9 a cidade do detalhe e esses encontros s\u00e3o fundamentais para alinharmos justamente aspectos como esse. O encontro de todas as plataformas permite que a gente d\u00ea celeridade nos processos para realizar as entregas desses projetos aos cidad\u00e3os\u201d, comenta o Gestor de Governo e Finan\u00e7as, Jos\u00e9 Antonio Parimoschi.<\/p>\n\n\n\n<figure class=\"wp-block-image size-large\"><img loading=\"lazy\" decoding=\"async\" width=\"1200\" height=\"801\" src=\"https:\/\/tvtecjundiai.com.br\/news\/wp-content\/uploads\/sites\/2\/2023\/03\/21-rodada-de-reuniao-de-monitoramento_fm_-27-1280x854-1-1200x801.jpg\" alt=\"\" class=\"wp-image-106396\" srcset=\"https:\/\/tvtecjundiai.com.br\/news\/wp-content\/uploads\/sites\/2\/2023\/03\/21-rodada-de-reuniao-de-monitoramento_fm_-27-1280x854-1-1200x801.jpg 1200w, https:\/\/tvtecjundiai.com.br\/news\/wp-content\/uploads\/sites\/2\/2023\/03\/21-rodada-de-reuniao-de-monitoramento_fm_-27-1280x854-1-300x200.jpg 300w, https:\/\/tvtecjundiai.com.br\/news\/wp-content\/uploads\/sites\/2\/2023\/03\/21-rodada-de-reuniao-de-monitoramento_fm_-27-1280x854-1-768x512.jpg 768w, https:\/\/tvtecjundiai.com.br\/news\/wp-content\/uploads\/sites\/2\/2023\/03\/21-rodada-de-reuniao-de-monitoramento_fm_-27-1280x854-1.jpg 1280w\" sizes=\"auto, (max-width: 1200px) 100vw, 1200px\" \/><figcaption class=\"wp-element-caption\">Andamento em projetos priorit\u00e1rios foi pauta em Reuni\u00e3o de Monitoramento<\/figcaption><\/figure>\n\n\n\n<p>A reuni\u00e3o foi dividida em duas etapas. Em um primeiro momento participaram as Unidades de Gest\u00e3o de Infraestrutura e Servi\u00e7os P\u00fablicos (UGISP), Planejamento Urbano e Meio Ambiente (UGPUMA), Mobilidade e Transporte (UGMT), Desenvolvimento Econ\u00f4mico, Ci\u00eancia e Tecnologia (UGDECT), Agroneg\u00f3cio, Abastecimento e Turismo (UGAAT) e DAE. Alguns dos projetos discutidos foram o andamento do projeto da nova sede do Departamento do Bem-Estar Animal (DEBEA), o cronograma de reparos e ajustes nas vias prejudicadas pelas chuvas e as obras de drenagem nos bairros do Travi\u00fa e Jardim Novo Horizonte.<\/p>\n\n\n\n<p>Em um segundo momento compareceram as Unidades de Gest\u00e3o de Cultura (UGC), Educa\u00e7\u00e3o (UGE), Promo\u00e7\u00e3o de Sa\u00fade (UGPS), Esporte e Lazer (UGEL), Seguran\u00e7a Municipal (UGSM), Assist\u00eancia e Desenvolvimento Social (UGADS) e Fumas. Os principais pontos debatidos foram os avan\u00e7os nas obras da Cl\u00ednica da Fam\u00edlia e Pronto Atendimento da Ponte S\u00e3o Jo\u00e3o, Centro de Especialidades M\u00e9dicas e Diagn\u00f3sticos e Pronto Atendimento Vila Progresso e Centro de Seguran\u00e7a e Urg\u00eancia e Emerg\u00eancia, na regi\u00e3o sul.<\/p>\n\n\n\n<p>O andamento dos projetos pode ser acompanhado pelo cidad\u00e3o pelo\u00a0<a rel=\"noreferrer noopener\" href=\"https:\/\/observatorio.jundiai.sp.gov.br\/\" target=\"_blank\">Observat\u00f3rio Jundia\u00ed<\/a>.<\/p>\n\n\n\n<figure class=\"wp-block-image size-large\"><img loading=\"lazy\" decoding=\"async\" width=\"1200\" height=\"801\" src=\"https:\/\/tvtecjundiai.com.br\/news\/wp-content\/uploads\/sites\/2\/2023\/03\/reuniao_de_monitoramento-265-1280x854-1-1200x801.jpg\" alt=\"\" class=\"wp-image-106397\" srcset=\"https:\/\/tvtecjundiai.com.br\/news\/wp-content\/uploads\/sites\/2\/2023\/03\/reuniao_de_monitoramento-265-1280x854-1-1200x801.jpg 1200w, https:\/\/tvtecjundiai.com.br\/news\/wp-content\/uploads\/sites\/2\/2023\/03\/reuniao_de_monitoramento-265-1280x854-1-300x200.jpg 300w, https:\/\/tvtecjundiai.com.br\/news\/wp-content\/uploads\/sites\/2\/2023\/03\/reuniao_de_monitoramento-265-1280x854-1-768x512.jpg 768w, https:\/\/tvtecjundiai.com.br\/news\/wp-content\/uploads\/sites\/2\/2023\/03\/reuniao_de_monitoramento-265-1280x854-1.jpg 1280w\" sizes=\"auto, (max-width: 1200px) 100vw, 1200px\" \/><figcaption class=\"wp-element-caption\">Projetos foram discutidos e detalhados de forma individual pelos gestores de cada \u00e1rea<\/figcaption><\/figure>\n\n\n\n<p><strong><em>(Fonte\/Imagem: Prefeitura de Jundia\u00ed)<\/em><\/strong><\/p>\n","protected":false},"excerpt":{"rendered":"<p>Foram discutidos de forma detalhada o est\u00e1gio de cada um dos projetos priorit\u00e1rios<\/p>\n","protected":false},"author":30,"featured_media":106397,"comment_status":"closed","ping_status":"0","sticky":false,"template":"","format":"standard","meta":{"footnotes":""},"categories":[8356,1],"tags":[],"class_list":["post-106395","post","type-post","status-publish","format-standard","has-post-thumbnail","hentry","category-jundiai","category-noticias"],"_links":{"self":[{"href":"https:\/\/tvtecjundiai.com.br\/news\/wp-json\/wp\/v2\/posts\/106395","targetHints":{"allow":["GET"]}}],"collection":[{"href":"https:\/\/tvtecjundiai.com.br\/news\/wp-json\/wp\/v2\/posts"}],"about":[{"href":"https:\/\/tvtecjundiai.com.br\/news\/wp-json\/wp\/v2\/types\/post"}],"author":[{"embeddable":true,"href":"https:\/\/tvtecjundiai.com.br\/news\/wp-json\/wp\/v2\/users\/30"}],"replies":[{"embeddable":true,"href":"https:\/\/tvtecjundiai.com.br\/news\/wp-json\/wp\/v2\/comments?post=106395"}],"version-history":[{"count":1,"href":"https:\/\/tvtecjundiai.com.br\/news\/wp-json\/wp\/v2\/posts\/106395\/revisions"}],"predecessor-version":[{"id":106398,"href":"https:\/\/tvtecjundiai.com.br\/news\/wp-json\/wp\/v2\/posts\/106395\/revisions\/106398"}],"wp:featuredmedia":[{"embeddable":true,"href":"https:\/\/tvtecjundiai.com.br\/news\/wp-json\/wp\/v2\/media\/106397"}],"wp:attachment":[{"href":"https:\/\/tvtecjundiai.com.br\/news\/wp-json\/wp\/v2\/media?parent=106395"}],"wp:term":[{"taxonomy":"category","embeddable":true,"href":"https:\/\/tvtecjundiai.com.br\/news\/wp-json\/wp\/v2\/categories?post=106395"},{"taxonomy":"post_tag","embeddable":true,"href":"https:\/\/tvtecjundiai.com.br\/news\/wp-json\/wp\/v2\/tags?post=106395"}],"curies":[{"name":"wp","href":"https:\/\/api.w.org\/{rel}","templated":true}]}}