{"id":106401,"date":"2023-03-15T09:00:45","date_gmt":"2023-03-15T12:00:45","guid":{"rendered":"https:\/\/tvtecjundiai.com.br\/news\/?p=106401"},"modified":"2023-03-15T09:00:51","modified_gmt":"2023-03-15T12:00:51","slug":"artistas-participam-de-reuniao-na-prefeitura-de-jundiai","status":"publish","type":"post","link":"https:\/\/tvtecjundiai.com.br\/news\/2023\/03\/15\/artistas-participam-de-reuniao-na-prefeitura-de-jundiai\/","title":{"rendered":"Artistas participam de reuni\u00e3o na Prefeitura de Jundia\u00ed"},"content":{"rendered":"\n<p>O prefeito Luiz Fernando Machado recebeu, nesta ter\u00e7a-feira (14), no Pa\u00e7o Municipal, artistas da Orquestra Sinf\u00f4nica Municipal de Jundia\u00ed (OSMJ) e da Companhia de Teatro de Jundia\u00ed, para um bate-papo a respeito das a\u00e7\u00f5es culturais na cidade. Tamb\u00e9m participaram os gestores Jos\u00e9 Antonio Parimoschi (Governo e Finan\u00e7as) e Marcelo Peroni (Cultura), al\u00e9m do diretor do Teatro Polytheama, Wagner Nacarato, e da regente de OSMJ, Cl\u00e1udia Feres.<\/p>\n\n\n\n<p>\u201cEm Jundia\u00ed, tratamos nossos artistas com profissionalismo, atrav\u00e9s de contrata\u00e7\u00f5es, e acreditamos na Cultura como meio de transforma\u00e7\u00e3o social, principalmente quando ela chega \u00e0s crian\u00e7as ainda no per\u00edodo de forma\u00e7\u00e3o. E por isso a Cultura estar\u00e1 cada vez mais presente nas pol\u00edticas p\u00fablicas educacionais\u201d, afirma o prefeito.<\/p>\n\n\n\n<figure class=\"wp-block-image size-large\"><img loading=\"lazy\" decoding=\"async\" width=\"1200\" height=\"801\" src=\"https:\/\/tvtecjundiai.com.br\/news\/wp-content\/uploads\/sites\/2\/2023\/03\/prefeito_recebe_osmj_companhia_de_teatro_jundiai_pa-22-1280x854-1-1200x801.jpg\" alt=\"\" class=\"wp-image-106402\" srcset=\"https:\/\/tvtecjundiai.com.br\/news\/wp-content\/uploads\/sites\/2\/2023\/03\/prefeito_recebe_osmj_companhia_de_teatro_jundiai_pa-22-1280x854-1-1200x801.jpg 1200w, https:\/\/tvtecjundiai.com.br\/news\/wp-content\/uploads\/sites\/2\/2023\/03\/prefeito_recebe_osmj_companhia_de_teatro_jundiai_pa-22-1280x854-1-300x200.jpg 300w, https:\/\/tvtecjundiai.com.br\/news\/wp-content\/uploads\/sites\/2\/2023\/03\/prefeito_recebe_osmj_companhia_de_teatro_jundiai_pa-22-1280x854-1-768x512.jpg 768w, https:\/\/tvtecjundiai.com.br\/news\/wp-content\/uploads\/sites\/2\/2023\/03\/prefeito_recebe_osmj_companhia_de_teatro_jundiai_pa-22-1280x854-1.jpg 1280w\" sizes=\"auto, (max-width: 1200px) 100vw, 1200px\" \/><figcaption class=\"wp-element-caption\">Luiz Fernando e gestores recebem artistas no Pa\u00e7o Municipal<\/figcaption><\/figure>\n\n\n\n<p><\/p>\n\n\n\n<p>Alguns dos assuntos tratados foram as apresenta\u00e7\u00f5es culturais nas escolas, a reforma da Sala Gl\u00f3ria Rocha e a possibilidade de interven\u00e7\u00f5es culturais em outros espa\u00e7os p\u00fablicos. \u201cVemos a Cultura como uma ferramenta importante e que deve ser inserida em todos os momentos na sociedade, em a\u00e7\u00f5es como levar pe\u00e7as de teatro e at\u00e9 a nossa orquestra para as escolas municipais e os bairros. \u00c9 um trabalho que precisa ter continuidade\u201d, afirma o gestor Marcelo.<\/p>\n\n\n\n<p>\u201cNosso esfor\u00e7o \u00e9 para tirar os projetos do papel e v\u00ea-los acontecendo na pr\u00e1tica. Temos uma \u00f3tima estrutura e precisamos convencer, cada vez mais, pessoas \u00e0 nossa volta para que se interessem cada vez mais pelas a\u00e7\u00f5es culturais, fazendo com que todas as melhorias nesta \u00e1rea sejam efetivas\u201d, aponta Jos\u00e9 Parimoschi.<\/p>\n\n\n\n<p>\u201cNossos corpos art\u00edsticos t\u00eam muito potencial e estamos em constante trabalho para oferecer cada vez mais atra\u00e7\u00f5es e espet\u00e1culos para nossa cidade\u201d, afirma a regente Cl\u00e1udia Ferez.<\/p>\n\n\n\n<p><strong><em>(Fonte\/Imagem: Prefeitura de Jundia\u00ed)<\/em><\/strong><\/p>\n","protected":false},"excerpt":{"rendered":"<p>Bate-papo foi sobre as a\u00e7\u00f5es culturais na cidade<\/p>\n","protected":false},"author":30,"featured_media":106402,"comment_status":"closed","ping_status":"0","sticky":false,"template":"","format":"standard","meta":{"footnotes":""},"categories":[2833,8356,1],"tags":[],"class_list":["post-106401","post","type-post","status-publish","format-standard","has-post-thumbnail","hentry","category-cultura","category-jundiai","category-noticias"],"_links":{"self":[{"href":"https:\/\/tvtecjundiai.com.br\/news\/wp-json\/wp\/v2\/posts\/106401","targetHints":{"allow":["GET"]}}],"collection":[{"href":"https:\/\/tvtecjundiai.com.br\/news\/wp-json\/wp\/v2\/posts"}],"about":[{"href":"https:\/\/tvtecjundiai.com.br\/news\/wp-json\/wp\/v2\/types\/post"}],"author":[{"embeddable":true,"href":"https:\/\/tvtecjundiai.com.br\/news\/wp-json\/wp\/v2\/users\/30"}],"replies":[{"embeddable":true,"href":"https:\/\/tvtecjundiai.com.br\/news\/wp-json\/wp\/v2\/comments?post=106401"}],"version-history":[{"count":1,"href":"https:\/\/tvtecjundiai.com.br\/news\/wp-json\/wp\/v2\/posts\/106401\/revisions"}],"predecessor-version":[{"id":106403,"href":"https:\/\/tvtecjundiai.com.br\/news\/wp-json\/wp\/v2\/posts\/106401\/revisions\/106403"}],"wp:featuredmedia":[{"embeddable":true,"href":"https:\/\/tvtecjundiai.com.br\/news\/wp-json\/wp\/v2\/media\/106402"}],"wp:attachment":[{"href":"https:\/\/tvtecjundiai.com.br\/news\/wp-json\/wp\/v2\/media?parent=106401"}],"wp:term":[{"taxonomy":"category","embeddable":true,"href":"https:\/\/tvtecjundiai.com.br\/news\/wp-json\/wp\/v2\/categories?post=106401"},{"taxonomy":"post_tag","embeddable":true,"href":"https:\/\/tvtecjundiai.com.br\/news\/wp-json\/wp\/v2\/tags?post=106401"}],"curies":[{"name":"wp","href":"https:\/\/api.w.org\/{rel}","templated":true}]}}