{"id":106411,"date":"2023-03-15T09:33:36","date_gmt":"2023-03-15T12:33:36","guid":{"rendered":"https:\/\/tvtecjundiai.com.br\/news\/?p=106411"},"modified":"2023-03-15T09:33:36","modified_gmt":"2023-03-15T12:33:36","slug":"samu-realiza-treinamento-de-primeiros-socorros-com-a-guarda-municipal","status":"publish","type":"post","link":"https:\/\/tvtecjundiai.com.br\/news\/2023\/03\/15\/samu-realiza-treinamento-de-primeiros-socorros-com-a-guarda-municipal\/","title":{"rendered":"Samu realiza treinamento de primeiros socorros com a Guarda Municipal"},"content":{"rendered":"\n<p>A equipe do Servi\u00e7o de Atendimento M\u00f3vel de Urg\u00eancia (Samu), sob coordena\u00e7\u00e3o do m\u00e9dico M\u00e1rio Jorge Kodama, ministrou treinamento de primeiros socorros para 63 novos Guardas Municipais de Jundia\u00ed, que est\u00e3o em per\u00edodo de forma\u00e7\u00e3o. A capacita\u00e7\u00e3o ocorreu no dia 10 deste m\u00eas, no Centro de Treinamento T\u00e1tico \u2013 GMJ \u2013 que fica no Distrito Industrial.<\/p>\n\n\n<div class=\"wp-block-image\">\n<figure class=\"aligncenter size-full\"><img loading=\"lazy\" decoding=\"async\" width=\"567\" height=\"373\" src=\"https:\/\/tvtecjundiai.com.br\/news\/wp-content\/uploads\/sites\/2\/2023\/03\/unnamed-1.jpg\" alt=\"\" class=\"wp-image-106415\" srcset=\"https:\/\/tvtecjundiai.com.br\/news\/wp-content\/uploads\/sites\/2\/2023\/03\/unnamed-1.jpg 567w, https:\/\/tvtecjundiai.com.br\/news\/wp-content\/uploads\/sites\/2\/2023\/03\/unnamed-1-300x197.jpg 300w\" sizes=\"auto, (max-width: 567px) 100vw, 567px\" \/><figcaption class=\"wp-element-caption\"><strong>Equipe do Samu ministrou treinamento para alunos da GM no Centro de Treinamento T\u00e1tico<\/strong><\/figcaption><\/figure>\n<\/div>\n\n\n<p>Dr. Kodama explica que entre os temas abordados, est\u00e3o reconhecimento e manejo da parada cardiorrespirat\u00f3ria (PCR), obstru\u00e7\u00e3o das vias a\u00e9reas por corpo estranho (OVACE), crises convulsivas, atua\u00e7\u00e3o em emerg\u00eancias psiqui\u00e1tricas dentre outras situa\u00e7\u00f5es.<\/p>\n\n\n<div class=\"wp-block-image\">\n<figure class=\"aligncenter size-full\"><img loading=\"lazy\" decoding=\"async\" width=\"566\" height=\"261\" src=\"https:\/\/tvtecjundiai.com.br\/news\/wp-content\/uploads\/sites\/2\/2023\/03\/unnamed-2.jpg\" alt=\"Ao todo, 63 alunos participaram da capacita\u00e7\u00e3o\" class=\"wp-image-106412\" srcset=\"https:\/\/tvtecjundiai.com.br\/news\/wp-content\/uploads\/sites\/2\/2023\/03\/unnamed-2.jpg 566w, https:\/\/tvtecjundiai.com.br\/news\/wp-content\/uploads\/sites\/2\/2023\/03\/unnamed-2-300x138.jpg 300w\" sizes=\"auto, (max-width: 566px) 100vw, 566px\" \/><figcaption class=\"wp-element-caption\"><strong>Ao todo, 63 alunos participaram da capacita\u00e7\u00e3o<\/strong><\/figcaption><\/figure>\n<\/div>\n\n\n<p>Em breve os GMs treinados estar\u00e3o nas ruas da cidade, contribuindo e zelando pela seguran\u00e7a.<\/p>\n\n\n\n<p><strong><em>(Fonte\/Imagem: Prefeitura de Jundia\u00ed)<\/em><\/strong><\/p>\n","protected":false},"excerpt":{"rendered":"<p>A equipe do Servi\u00e7o de Atendimento M\u00f3vel de Urg\u00eancia (Samu), sob coordena\u00e7\u00e3o do m\u00e9dico M\u00e1rio Jorge Kodama, ministrou treinamento de primeiros socorros para 63 novos Guardas Municipais de Jundia\u00ed, que est\u00e3o em per\u00edodo de forma\u00e7\u00e3o. A capacita\u00e7\u00e3o ocorreu no dia 10 deste m\u00eas, no Centro de Treinamento T\u00e1tico \u2013 GMJ \u2013 que fica no Distrito [&hellip;]<\/p>\n","protected":false},"author":30,"featured_media":106415,"comment_status":"closed","ping_status":"0","sticky":false,"template":"","format":"standard","meta":{"footnotes":""},"categories":[8356,1,4739],"tags":[],"class_list":["post-106411","post","type-post","status-publish","format-standard","has-post-thumbnail","hentry","category-jundiai","category-noticias","category-policia"],"_links":{"self":[{"href":"https:\/\/tvtecjundiai.com.br\/news\/wp-json\/wp\/v2\/posts\/106411","targetHints":{"allow":["GET"]}}],"collection":[{"href":"https:\/\/tvtecjundiai.com.br\/news\/wp-json\/wp\/v2\/posts"}],"about":[{"href":"https:\/\/tvtecjundiai.com.br\/news\/wp-json\/wp\/v2\/types\/post"}],"author":[{"embeddable":true,"href":"https:\/\/tvtecjundiai.com.br\/news\/wp-json\/wp\/v2\/users\/30"}],"replies":[{"embeddable":true,"href":"https:\/\/tvtecjundiai.com.br\/news\/wp-json\/wp\/v2\/comments?post=106411"}],"version-history":[{"count":1,"href":"https:\/\/tvtecjundiai.com.br\/news\/wp-json\/wp\/v2\/posts\/106411\/revisions"}],"predecessor-version":[{"id":106416,"href":"https:\/\/tvtecjundiai.com.br\/news\/wp-json\/wp\/v2\/posts\/106411\/revisions\/106416"}],"wp:featuredmedia":[{"embeddable":true,"href":"https:\/\/tvtecjundiai.com.br\/news\/wp-json\/wp\/v2\/media\/106415"}],"wp:attachment":[{"href":"https:\/\/tvtecjundiai.com.br\/news\/wp-json\/wp\/v2\/media?parent=106411"}],"wp:term":[{"taxonomy":"category","embeddable":true,"href":"https:\/\/tvtecjundiai.com.br\/news\/wp-json\/wp\/v2\/categories?post=106411"},{"taxonomy":"post_tag","embeddable":true,"href":"https:\/\/tvtecjundiai.com.br\/news\/wp-json\/wp\/v2\/tags?post=106411"}],"curies":[{"name":"wp","href":"https:\/\/api.w.org\/{rel}","templated":true}]}}