{"id":106423,"date":"2023-03-15T09:47:10","date_gmt":"2023-03-15T12:47:10","guid":{"rendered":"https:\/\/tvtecjundiai.com.br\/news\/?p=106423"},"modified":"2023-03-15T09:47:15","modified_gmt":"2023-03-15T12:47:15","slug":"defesa-civil-fara-avaliacoes-em-areas-afetadas-por-alagamento","status":"publish","type":"post","link":"https:\/\/tvtecjundiai.com.br\/news\/2023\/03\/15\/defesa-civil-fara-avaliacoes-em-areas-afetadas-por-alagamento\/","title":{"rendered":"Defesa Civil far\u00e1 avalia\u00e7\u00f5es em \u00e1reas afetadas por alagamento"},"content":{"rendered":"\n<p>Os bairros Mato Dentro e Rio Acima, cortados pelo rio Capivari e seus afluentes, foram afetados por grande volume de \u00e1gua, que chegou de maneira repentina, durante a chuva da tarde de ter\u00e7a-feira (14). As equipes da For\u00e7a Tarefa Opera\u00e7\u00e3o Ver\u00e3o realizaram os atendimentos a 40 pessoas, com resgate, acolhimento, entrega de material de limpeza, colch\u00f5es, cobertores e alimentos. A Defesa Civil far\u00e1 nova avalia\u00e7\u00e3o nas \u00e1reas e as equipes das Unidades de Gest\u00e3o de Infraestrutura e Servi\u00e7os P\u00fablicos (UGISP) e Assist\u00eancia e Desenvolvimento Social (UGADS) far\u00e3o as interven\u00e7\u00f5es necess\u00e1rias para o apoio \u00e0s fam\u00edlias e recupera\u00e7\u00e3o das vias afetas.<\/p>\n\n\n\n<p>\u201cAs chuvas frequentes que t\u00eam atingido a regi\u00e3o deixam o solo encharcado e, os riscos para ocorr\u00eancias como deslizamentos, desbarrancamentos e transbordamentos s\u00e3o elevados. Faremos nova vistoria nos pontos para verificar as informa\u00e7\u00f5es recebidas ao longo do dia de ontem. Agora, todas as pessoas j\u00e1 est\u00e3o em local seguro e ser\u00e3o atendidas pelas equipes de assist\u00eancia social\u201d, comenta o coronel coordenador da Defesa Civil de Jundia\u00ed, Jo\u00e3o Os\u00f3rio Gimenez Germano.<\/p>\n\n\n\n<figure class=\"wp-block-image size-large\"><img loading=\"lazy\" decoding=\"async\" width=\"1200\" height=\"675\" src=\"https:\/\/tvtecjundiai.com.br\/news\/wp-content\/uploads\/sites\/2\/2023\/03\/defesa-1280x720-1-1200x675.jpeg\" alt=\"\" class=\"wp-image-106426\" srcset=\"https:\/\/tvtecjundiai.com.br\/news\/wp-content\/uploads\/sites\/2\/2023\/03\/defesa-1280x720-1-1200x675.jpeg 1200w, https:\/\/tvtecjundiai.com.br\/news\/wp-content\/uploads\/sites\/2\/2023\/03\/defesa-1280x720-1-300x169.jpeg 300w, https:\/\/tvtecjundiai.com.br\/news\/wp-content\/uploads\/sites\/2\/2023\/03\/defesa-1280x720-1-768x432.jpeg 768w, https:\/\/tvtecjundiai.com.br\/news\/wp-content\/uploads\/sites\/2\/2023\/03\/defesa-1280x720-1.jpeg 1280w\" sizes=\"auto, (max-width: 1200px) 100vw, 1200px\" \/><figcaption class=\"wp-element-caption\">Equipes da Defesa Civil realiza atendimento e avalia\u00e7\u00f5es nas \u00e1reas afetadas pela inunda\u00e7\u00e3o<\/figcaption><\/figure>\n\n\n\n<p>Somente na rua Antonio Codarin houve a interdi\u00e7\u00e3o parcial de nove im\u00f3veis. As equipes da Defesa Civil e Corpo de Bombeiros fizeram o resgate 31 pessoas (10 crian\u00e7as, e 21 adultos). O ponto, que foi mais afetado na ocorr\u00eancia, teria recebido o impacto do rompimento de lagos, na parte alta do bairro.<\/p>\n\n\n\n<p>Na avenida Geraldo Azzoni, outras tr\u00eas resid\u00eancias tiveram as interdi\u00e7\u00f5es parciais realizadas por conta do alagamento. Foram resgatadas nove pessoas (tr\u00eas adultos, cinco crian\u00e7as e um idoso cadeirante). A Unidade B\u00e1sica de Sa\u00fade (UBS) Rio Acima tamb\u00e9m foi invadida pelas \u00e1guas e ter\u00e1 o atendimento interrompido nesta quarta-feira (15). A retirada de medica\u00e7\u00e3o, atendimento para curativos e vacina\u00e7\u00e3o podem ser feitas nas Novas UBSs Jundia\u00ed Mirim ou Corrupira.<\/p>\n\n\n\n<p>Al\u00e9m das duas vias afetadas, a Rodovia Engenheiro Const\u00e2ncio Cintra, na altura do KM 72 \u2013 nos dois sentidos \u2013 teve o tr\u00e1fego interrompido no per\u00edodo da tarde de ontem.<\/p>\n\n\n\n<p><strong><em>(Fonte\/Imagem: Prefeitura de Jundia\u00ed)<\/em><\/strong><\/p>\n","protected":false},"excerpt":{"rendered":"<p>Equipes da Defesa Civil realiza atendimento e avalia\u00e7\u00f5es nas \u00e1reas afetadas pela inunda\u00e7\u00e3o<\/p>\n","protected":false},"author":30,"featured_media":106426,"comment_status":"closed","ping_status":"0","sticky":false,"template":"","format":"standard","meta":{"footnotes":""},"categories":[2834,5985,8356,1],"tags":[],"class_list":["post-106423","post","type-post","status-publish","format-standard","has-post-thumbnail","hentry","category-cidades","category-habitacao","category-jundiai","category-noticias"],"_links":{"self":[{"href":"https:\/\/tvtecjundiai.com.br\/news\/wp-json\/wp\/v2\/posts\/106423","targetHints":{"allow":["GET"]}}],"collection":[{"href":"https:\/\/tvtecjundiai.com.br\/news\/wp-json\/wp\/v2\/posts"}],"about":[{"href":"https:\/\/tvtecjundiai.com.br\/news\/wp-json\/wp\/v2\/types\/post"}],"author":[{"embeddable":true,"href":"https:\/\/tvtecjundiai.com.br\/news\/wp-json\/wp\/v2\/users\/30"}],"replies":[{"embeddable":true,"href":"https:\/\/tvtecjundiai.com.br\/news\/wp-json\/wp\/v2\/comments?post=106423"}],"version-history":[{"count":2,"href":"https:\/\/tvtecjundiai.com.br\/news\/wp-json\/wp\/v2\/posts\/106423\/revisions"}],"predecessor-version":[{"id":106427,"href":"https:\/\/tvtecjundiai.com.br\/news\/wp-json\/wp\/v2\/posts\/106423\/revisions\/106427"}],"wp:featuredmedia":[{"embeddable":true,"href":"https:\/\/tvtecjundiai.com.br\/news\/wp-json\/wp\/v2\/media\/106426"}],"wp:attachment":[{"href":"https:\/\/tvtecjundiai.com.br\/news\/wp-json\/wp\/v2\/media?parent=106423"}],"wp:term":[{"taxonomy":"category","embeddable":true,"href":"https:\/\/tvtecjundiai.com.br\/news\/wp-json\/wp\/v2\/categories?post=106423"},{"taxonomy":"post_tag","embeddable":true,"href":"https:\/\/tvtecjundiai.com.br\/news\/wp-json\/wp\/v2\/tags?post=106423"}],"curies":[{"name":"wp","href":"https:\/\/api.w.org\/{rel}","templated":true}]}}