{"id":106428,"date":"2023-03-15T09:52:38","date_gmt":"2023-03-15T12:52:38","guid":{"rendered":"https:\/\/tvtecjundiai.com.br\/news\/?p=106428"},"modified":"2023-03-15T09:57:37","modified_gmt":"2023-03-15T12:57:37","slug":"espaco-cultura-apresenta-tres-propostas-de-musica-nesta-quarta-feira-15","status":"publish","type":"post","link":"https:\/\/tvtecjundiai.com.br\/news\/2023\/03\/15\/espaco-cultura-apresenta-tres-propostas-de-musica-nesta-quarta-feira-15\/","title":{"rendered":"Live &#8216;Espa\u00e7o Cultura&#8217; apresenta tr\u00eas propostas de m\u00fasica nesta quarta-feira (15)"},"content":{"rendered":"\n<p>Tr\u00eas Propostas de M\u00fasica chegam nesta quarta-feira (15), como destaque na \u201cLive: Espa\u00e7o Cultura\u201d, uma iniciativa da Unidade de Gest\u00e3o de Cultura (UGC) realizada semanalmente com transmiss\u00e3o nos canais da UGC, no Facebook e YouTube, das 16h \u00e0s 17h.<\/p>\n\n\n\n<p>Na oportunidade, as propostas dos artistas, B\u00e1rbara Fagundes, Richard Anderson Dias e Claudinei Duran, contemplados em 2021 pelos editais municipais da Lei de Emerg\u00eancia Cultural Aldir Blanc ser\u00e3o apresentados para artistas e outros trabalhadores de Cultura, bem como para o p\u00fablico, difundindo assim a produ\u00e7\u00e3o cultural da cidade, nos seus diversos segmentos e modalidades.<\/p>\n\n\n\n<p>Comandada pelo diretor do Departamento de Cultura, Jo\u00e3o Carlos de Luca, a live desta semana ainda traz informa\u00e7\u00f5es sobre o planejamento do primeiro semestre deste ano da UGC, com destaque para os editais do 25\u00ba Festival Enredan\u00e7a, o 4\u00ba Festival de Curtas-Metragens 2023 e o 7\u00ba Festival de Teatro de Jundia\u00ed.<\/p>\n\n\n<div class=\"wp-block-image\">\n<figure class=\"aligncenter size-large is-resized\"><img loading=\"lazy\" decoding=\"async\" src=\"https:\/\/tvtecjundiai.com.br\/news\/wp-content\/uploads\/sites\/2\/2023\/03\/lei_aldir_blanc_live_session-1280x715-1-1200x670.jpg\" alt=\"\" class=\"wp-image-106429\" width=\"772\" height=\"431\" srcset=\"https:\/\/tvtecjundiai.com.br\/news\/wp-content\/uploads\/sites\/2\/2023\/03\/lei_aldir_blanc_live_session-1280x715-1-1200x670.jpg 1200w, https:\/\/tvtecjundiai.com.br\/news\/wp-content\/uploads\/sites\/2\/2023\/03\/lei_aldir_blanc_live_session-1280x715-1-300x168.jpg 300w, https:\/\/tvtecjundiai.com.br\/news\/wp-content\/uploads\/sites\/2\/2023\/03\/lei_aldir_blanc_live_session-1280x715-1-768x429.jpg 768w, https:\/\/tvtecjundiai.com.br\/news\/wp-content\/uploads\/sites\/2\/2023\/03\/lei_aldir_blanc_live_session-1280x715-1.jpg 1280w\" sizes=\"auto, (max-width: 772px) 100vw, 772px\" \/><\/figure>\n<\/div>\n\n\n<p><\/p>\n\n\n\n<p>Tamb\u00e9m ser\u00e1 abordado o\u00a0novo Cadastro de Artistas e Projetos, ferramenta on-line que serve como banco de dados para contrata\u00e7\u00f5es de artistas locais e para planejamento de atividades e pol\u00edticas p\u00fablicas voltadas \u00e0 classe art\u00edstica jundiaienses, bem como informa\u00e7\u00f5es, orienta\u00e7\u00f5es e instru\u00e7\u00f5es para os artistas da cidade sobre a\u00a0<a rel=\"noreferrer noopener\" href=\"https:\/\/cultura.jundiai.sp.gov.br\/espaco-do-artista\/\" target=\"_blank\"><strong>p\u00e1gina Espa\u00e7o do Artista do site da Cultura<\/strong><\/a>, onde est\u00e3o concentradas as orienta\u00e7\u00f5es importantes para os artistas, com os links mais utilizados pelo segmento, como para o site do Jundia\u00ed Empreendedora.<\/p>\n\n\n\n<p><strong>Projetos<\/strong><\/p>\n\n\n\n<p>A live desta quarta (15), apresentar\u00e1 a proposta de\u00a0<strong>Barbara Fagundes<\/strong>, \u201cLive Session \u2013 B\u00e1rbara Fagundes\u201d \u2013 M\u00fasica: A pernambucana B\u00e1rbara Fagundes atua no setor musical h\u00e1 mais de dez anos. Negra, l\u00e9sbica e compositora autodidata, iniciou sua carreira como artista de rua em sua terra natal, Recife. Criada em Olinda, B\u00e1rbara se mudou para Jundia\u00ed em 2015, onde iniciou uma ampla contribui\u00e7\u00e3o musical para a cena cultural local. Desde ent\u00e3o, circula e contribui com a cultura popular local. Foi fundadora da banda Clandestinas, em conjunto com a artista e acad\u00eamica Camila Godoi, projeto dedicado \u00e0 composi\u00e7\u00e3o de can\u00e7\u00f5es pr\u00f3prias que abordem a pauta feminista e LGBTQIA+. Durante o per\u00edodo que esteve \u00e0 frente do projeto, apresentou-se em saraus e eventos organizados por coletivos de Jundia\u00ed, Campinas e regi\u00e3o, bem como na abertura da Parada do Orgulho LGBT de Jundia\u00ed em 2016.<\/p>\n\n\n\n<p><strong>Richard Anderson Dias<\/strong>, \u201cPerformance na Bateria\u201d \u2013 M\u00fasica: Uma mostra de como tocar m\u00fasicas instrumentais utilizando t\u00e9cnicas e Ritmos diferentes na bateria, registrado em \u00e1udio e v\u00eddeo. A ideia \u00e9 performar em solo no instrumento, depois tocar 4 m\u00fasicas instrumentais mostrando as varia\u00e7\u00f5es entre elas e a diversidade na forma de tocar.<\/p>\n\n\n<div class=\"wp-block-image\">\n<figure class=\"aligncenter size-large is-resized\"><img loading=\"lazy\" decoding=\"async\" src=\"https:\/\/tvtecjundiai.com.br\/news\/wp-content\/uploads\/sites\/2\/2023\/03\/lei_aldir_blanc_live_cirandas-1280x718-1-1200x673.jpg\" alt=\"\" class=\"wp-image-106430\" width=\"757\" height=\"424\" srcset=\"https:\/\/tvtecjundiai.com.br\/news\/wp-content\/uploads\/sites\/2\/2023\/03\/lei_aldir_blanc_live_cirandas-1280x718-1-1200x673.jpg 1200w, https:\/\/tvtecjundiai.com.br\/news\/wp-content\/uploads\/sites\/2\/2023\/03\/lei_aldir_blanc_live_cirandas-1280x718-1-300x168.jpg 300w, https:\/\/tvtecjundiai.com.br\/news\/wp-content\/uploads\/sites\/2\/2023\/03\/lei_aldir_blanc_live_cirandas-1280x718-1-768x431.jpg 768w, https:\/\/tvtecjundiai.com.br\/news\/wp-content\/uploads\/sites\/2\/2023\/03\/lei_aldir_blanc_live_cirandas-1280x718-1.jpg 1280w\" sizes=\"auto, (max-width: 757px) 100vw, 757px\" \/><\/figure>\n<\/div>\n\n\n<p><\/p>\n\n\n\n<p><strong>Claudinei Duran<\/strong>, \u201cVilla Lobos e as Cirandas\u201d \u2013 M\u00fasica: Villa Lobos percorreu o Brasil por v\u00e1rios estados, do Norte at\u00e9 Pernambuco, do Sul ao Centro-Oeste, numa \u00edntima conviv\u00eancia com a m\u00fasica do povo. Da experi\u00eancia dessas viagens registrou as manifesta\u00e7\u00f5es do folclore musical: can\u00e7\u00f5es-de-rua; can\u00e7\u00f5es-de-roda; cirandas. \u00c9 onde se baseia o projeto Villa Lobos e as Cirandas, tentando \u2013 resgatar \u2013 talvez, o que nunca foi perdido, pois est\u00e1 inerente em nossa alma cultural, por\u00e9m, com o prop\u00f3sito da: lembran\u00e7a! \u201cCan\u00e7\u00f5es-de-rua; can\u00e7\u00f5es-de-roda; cirandas\u201d ser\u00e1 a base do projeto, readaptadas com arranjo autoral de viol\u00e3o de 7 cordas.<\/p>\n\n\n\n<p>Ap\u00f3s a transmiss\u00e3o, o conte\u00fado segue dispon\u00edvel para os espectadores interessados.<\/p>\n\n\n\n<p><strong><em>(Fonte\/Imagem: Prefeitura de Jundia\u00ed)<\/em><\/strong><\/p>\n","protected":false},"excerpt":{"rendered":"<p>Ser\u00e1 abordado o\u00a0novo Cadastro de Artistas e Projetos, que serve como banco de dados para contrata\u00e7\u00f5es<\/p>\n","protected":false},"author":30,"featured_media":106429,"comment_status":"closed","ping_status":"0","sticky":false,"template":"","format":"standard","meta":{"footnotes":""},"categories":[2833,8356,1],"tags":[],"class_list":["post-106428","post","type-post","status-publish","format-standard","has-post-thumbnail","hentry","category-cultura","category-jundiai","category-noticias"],"_links":{"self":[{"href":"https:\/\/tvtecjundiai.com.br\/news\/wp-json\/wp\/v2\/posts\/106428","targetHints":{"allow":["GET"]}}],"collection":[{"href":"https:\/\/tvtecjundiai.com.br\/news\/wp-json\/wp\/v2\/posts"}],"about":[{"href":"https:\/\/tvtecjundiai.com.br\/news\/wp-json\/wp\/v2\/types\/post"}],"author":[{"embeddable":true,"href":"https:\/\/tvtecjundiai.com.br\/news\/wp-json\/wp\/v2\/users\/30"}],"replies":[{"embeddable":true,"href":"https:\/\/tvtecjundiai.com.br\/news\/wp-json\/wp\/v2\/comments?post=106428"}],"version-history":[{"count":3,"href":"https:\/\/tvtecjundiai.com.br\/news\/wp-json\/wp\/v2\/posts\/106428\/revisions"}],"predecessor-version":[{"id":106434,"href":"https:\/\/tvtecjundiai.com.br\/news\/wp-json\/wp\/v2\/posts\/106428\/revisions\/106434"}],"wp:featuredmedia":[{"embeddable":true,"href":"https:\/\/tvtecjundiai.com.br\/news\/wp-json\/wp\/v2\/media\/106429"}],"wp:attachment":[{"href":"https:\/\/tvtecjundiai.com.br\/news\/wp-json\/wp\/v2\/media?parent=106428"}],"wp:term":[{"taxonomy":"category","embeddable":true,"href":"https:\/\/tvtecjundiai.com.br\/news\/wp-json\/wp\/v2\/categories?post=106428"},{"taxonomy":"post_tag","embeddable":true,"href":"https:\/\/tvtecjundiai.com.br\/news\/wp-json\/wp\/v2\/tags?post=106428"}],"curies":[{"name":"wp","href":"https:\/\/api.w.org\/{rel}","templated":true}]}}