{"id":106437,"date":"2023-03-15T11:34:08","date_gmt":"2023-03-15T14:34:08","guid":{"rendered":"https:\/\/tvtecjundiai.com.br\/news\/?p=106437"},"modified":"2023-03-15T11:34:09","modified_gmt":"2023-03-15T14:34:09","slug":"prazo-para-declarar-o-imposto-de-renda-2023-comeca-nesta-quarta-feira-15","status":"publish","type":"post","link":"https:\/\/tvtecjundiai.com.br\/news\/2023\/03\/15\/prazo-para-declarar-o-imposto-de-renda-2023-comeca-nesta-quarta-feira-15\/","title":{"rendered":"Prazo para declarar o Imposto de Renda 2023 come\u00e7a nesta quarta-feira (15)"},"content":{"rendered":"\n<p>O per\u00edodo para envio da declara\u00e7\u00e3o anual do Imposto de Renda 2023 \u00e0 Receita Federal come\u00e7ou nesta quarta-feira (15), \u00e0s 9h. A entrega neste ano vai at\u00e9 o dia 31 de maio.<\/p>\n\n\n\n<p>O programa gerador do IR tamb\u00e9m j\u00e1 foi liberado para download pelo Fisco e\u00a0<a rel=\"noreferrer noopener\" class=\"\" href=\"https:\/\/www.gov.br\/receitafederal\/pt-br\/assuntos\/meu-imposto-de-renda\/preenchimento\" target=\"_blank\">pode ser obtido no site da Receita Federal.<\/a> Vale ressaltar, no entanto, que as declara\u00e7\u00f5es online e para dispositivos m\u00f3veis possuem algumas limita\u00e7\u00f5es.<\/p>\n\n\n\n<p>A Receita Federal espera um aumento de at\u00e9 8,8% no n\u00famero de declara\u00e7\u00f5es entregues neste ano em rela\u00e7\u00e3o a 2022, chegando aos\u00a039,5 milh\u00f5es de documentos. J\u00e1 as\u00a0restitui\u00e7\u00f5es ser\u00e3o pagas em cinco lotes\u00a0a partir de 31 de maio.<\/p>\n\n\n<div class=\"wp-block-image\">\n<figure class=\"aligncenter size-full is-resized\"><img loading=\"lazy\" decoding=\"async\" src=\"https:\/\/tvtecjundiai.com.br\/news\/wp-content\/uploads\/sites\/2\/2023\/03\/irpf-2023.jpg\" alt=\"\" class=\"wp-image-106438\" width=\"672\" height=\"409\" srcset=\"https:\/\/tvtecjundiai.com.br\/news\/wp-content\/uploads\/sites\/2\/2023\/03\/irpf-2023.jpg 1018w, https:\/\/tvtecjundiai.com.br\/news\/wp-content\/uploads\/sites\/2\/2023\/03\/irpf-2023-300x183.jpg 300w, https:\/\/tvtecjundiai.com.br\/news\/wp-content\/uploads\/sites\/2\/2023\/03\/irpf-2023-768x468.jpg 768w\" sizes=\"auto, (max-width: 672px) 100vw, 672px\" \/><\/figure>\n<\/div>\n\n\n<p><\/p>\n\n\n\n<p><strong>Declara\u00e7\u00e3o pr\u00e9-preenchida<\/strong><\/p>\n\n\n\n<p>Entre as principais mudan\u00e7as anunciadas pela Receita est\u00e1 a possibilidade de o contribuinte utilizar a declara\u00e7\u00e3o pr\u00e9-preenchida j\u00e1 na abertura do prazo de entrega.<\/p>\n\n\n\n<p>Como diz o nome, os dados do contribuinte s\u00e3o preenchidos a partir do que \u00e9 informado previamente na Declara\u00e7\u00e3o de Imposto de Renda Retido na Fonte (Dirf), entregue ao \u00f3rg\u00e3o por pessoas jur\u00eddicas pagadoras, empresas do ramo de im\u00f3veis e prestadores de servi\u00e7os de sa\u00fade at\u00e9 o final de fevereiro.<\/p>\n\n\n\n<p>Ainda assim, a Receita considera que o contribuinte ainda \u00e9 o respons\u00e1vel por confirmar, alterar, incluir ou excluir dados, se necess\u00e1rio. A declara\u00e7\u00e3o pr\u00e9-preenchida est\u00e1 dispon\u00edvel tanto pelo Programa Gerador de Declara\u00e7\u00e3o (PGD), via computador, quanto pela solu\u00e7\u00e3o Meu Imposto de Renda (online) ou em aplicativo para iOS ou Android.<\/p>\n\n\n\n<p>Um ponto importante \u00e9 que a pr\u00e9-preenchida \u00e9 uma op\u00e7\u00e3o exclusiva para usu\u00e1rios dos n\u00edveis prata e ouro da conta Gov.br.<\/p>\n\n\n\n<p><strong><em>(Fonte: g1\/Imagem: Ag\u00eancia Brasil)<\/em><\/strong><\/p>\n","protected":false},"excerpt":{"rendered":"<p>A entrega neste ano vai at\u00e9 o dia 31 de maio<\/p>\n","protected":false},"author":30,"featured_media":106438,"comment_status":"closed","ping_status":"0","sticky":false,"template":"","format":"standard","meta":{"footnotes":""},"categories":[2829,8356,1],"tags":[],"class_list":["post-106437","post","type-post","status-publish","format-standard","has-post-thumbnail","hentry","category-economia","category-jundiai","category-noticias"],"_links":{"self":[{"href":"https:\/\/tvtecjundiai.com.br\/news\/wp-json\/wp\/v2\/posts\/106437","targetHints":{"allow":["GET"]}}],"collection":[{"href":"https:\/\/tvtecjundiai.com.br\/news\/wp-json\/wp\/v2\/posts"}],"about":[{"href":"https:\/\/tvtecjundiai.com.br\/news\/wp-json\/wp\/v2\/types\/post"}],"author":[{"embeddable":true,"href":"https:\/\/tvtecjundiai.com.br\/news\/wp-json\/wp\/v2\/users\/30"}],"replies":[{"embeddable":true,"href":"https:\/\/tvtecjundiai.com.br\/news\/wp-json\/wp\/v2\/comments?post=106437"}],"version-history":[{"count":1,"href":"https:\/\/tvtecjundiai.com.br\/news\/wp-json\/wp\/v2\/posts\/106437\/revisions"}],"predecessor-version":[{"id":106439,"href":"https:\/\/tvtecjundiai.com.br\/news\/wp-json\/wp\/v2\/posts\/106437\/revisions\/106439"}],"wp:featuredmedia":[{"embeddable":true,"href":"https:\/\/tvtecjundiai.com.br\/news\/wp-json\/wp\/v2\/media\/106438"}],"wp:attachment":[{"href":"https:\/\/tvtecjundiai.com.br\/news\/wp-json\/wp\/v2\/media?parent=106437"}],"wp:term":[{"taxonomy":"category","embeddable":true,"href":"https:\/\/tvtecjundiai.com.br\/news\/wp-json\/wp\/v2\/categories?post=106437"},{"taxonomy":"post_tag","embeddable":true,"href":"https:\/\/tvtecjundiai.com.br\/news\/wp-json\/wp\/v2\/tags?post=106437"}],"curies":[{"name":"wp","href":"https:\/\/api.w.org\/{rel}","templated":true}]}}