{"id":106440,"date":"2023-03-17T08:55:03","date_gmt":"2023-03-17T11:55:03","guid":{"rendered":"https:\/\/tvtecjundiai.com.br\/news\/?p=106440"},"modified":"2023-03-17T08:55:10","modified_gmt":"2023-03-17T11:55:10","slug":"tvtec-jundiai-transmite-na-integra-forum-internacional-das-infancias","status":"publish","type":"post","link":"https:\/\/tvtecjundiai.com.br\/news\/2023\/03\/17\/tvtec-jundiai-transmite-na-integra-forum-internacional-das-infancias\/","title":{"rendered":"TVTEC Jundia\u00ed transmite na \u00edntegra F\u00f3rum Internacional das Inf\u00e2ncias"},"content":{"rendered":"\n<p>O 1\u00ba Encontro Brasileiro de Cidades das Crian\u00e7as e F\u00f3rum Internacional das Inf\u00e2ncias, que ser\u00e1 realizado entre os dias 18 e 24 de mar\u00e7o em Jundia\u00ed, ter\u00e1 cobertura total da Funda\u00e7\u00e3o Escola TVTEC Jundia\u00ed (FTVTEC). Ser\u00e3o quase 20 horas de transmiss\u00e3o ao vivo reunindo dezenas de profissionais das \u00e1reas de multim\u00eddia, jornalistas, cinegrafistas, al\u00e9m de atualiza\u00e7\u00f5es simult\u00e2neas nas m\u00eddias sociais.<\/p>\n\n\n\n<p>Com programa\u00e7\u00e3o gratuita, o encontro re\u00fane representantes brasileiros das Redes de Cidade das Crian\u00e7as e Urban 95 e o fundador da Rede Mundial, o italiano Francesco Tonucci que, pela primeira vez visita o munic\u00edpio e da coordenadora da Rede Latino-Americana de Cidade das Crian\u00e7as, Lorena Morachimo. <\/p>\n\n\n\n<p>A superintendente da FTVTEC, M\u00f4nica Gropelo, refor\u00e7a o comprometimento da equipe TVTEC e da Unidade de Gest\u00e3o de Inova\u00e7\u00e3o e Rela\u00e7\u00e3o com o Cidad\u00e3o (UGIRC) para registrar todo o evento de forma que as transmiss\u00f5es e imagens cheguem de forma clara em todas as plataformas e aos colegas de profiss\u00e3o. <\/p>\n\n\n\n<p>&#8220;Eu, M\u00f4nica, como gestora e cidad\u00e3 refor\u00e7o a import\u00e2ncia deste momento hist\u00f3rico. Trata-se do maior evento que a cidade recebe, em especial por conta de nos tornarmos Cidade da Crian\u00e7as. Acompanhe todo o time da TV que est\u00e1 preparad\u00edssimo, escalado e prontos para acompanhar e se debru\u00e7arem nesses dias e passar todas as informa\u00e7\u00f5es pontuais e oficiais desse evento.&#8221;<\/p>\n\n\n\n<figure class=\"wp-block-image size-large\"><img loading=\"lazy\" decoding=\"async\" width=\"1200\" height=\"675\" src=\"https:\/\/tvtecjundiai.com.br\/news\/wp-content\/uploads\/sites\/2\/2023\/03\/tv4-1200x675.jpeg\" alt=\"\" class=\"wp-image-106549\" srcset=\"https:\/\/tvtecjundiai.com.br\/news\/wp-content\/uploads\/sites\/2\/2023\/03\/tv4-1200x675.jpeg 1200w, https:\/\/tvtecjundiai.com.br\/news\/wp-content\/uploads\/sites\/2\/2023\/03\/tv4-300x169.jpeg 300w, https:\/\/tvtecjundiai.com.br\/news\/wp-content\/uploads\/sites\/2\/2023\/03\/tv4-768x432.jpeg 768w, https:\/\/tvtecjundiai.com.br\/news\/wp-content\/uploads\/sites\/2\/2023\/03\/tv4.jpeg 1280w\" sizes=\"auto, (max-width: 1200px) 100vw, 1200px\" \/><figcaption class=\"wp-element-caption\">M\u00f4nica Gropelo, superintendente da TVTEC lembra da import\u00e2ncia da comunica\u00e7\u00e3o assertiva no evento<\/figcaption><\/figure>\n\n\n\n<p><\/p>\n\n\n\n<p>O gestor da Unidade de Cultura, Marcelo Peroni, lembra da import\u00e2ncia da cobertura jornal\u00edstica no evento, inclusive quando se trata de envolvimento das m\u00eddias sociais. Como haver\u00e1 mais de 65 munic\u00edpios envolvidos, Jundia\u00ed ser\u00e1 apresentado de forma clara e compartilhar\u00e1 as experi\u00eancias durante todo o evento. &#8220;Teremos representantes de diferentes \u00e1reas territoriais e a cobertura simult\u00e2nea dar\u00e1 a oportunidade para que os munic\u00edpios acompanhem o encontro. Compartilhar esta experi\u00eancia com o restante do pa\u00eds \u00e9, para n\u00f3s, uma satisfa\u00e7\u00e3o e alegria, mostrando nossa estrutura e o envolvimento com as pol\u00edticas p\u00fablicas de forma clara e democratizada.&#8221;<\/p>\n\n\n\n<p><strong>Programa\u00e7\u00e3o <\/strong><\/p>\n\n\n\n<p>Os temas propostos para o Encontro ser\u00e3o os oito pilares fundamentais do programa municipal Cidade das Crian\u00e7as, que s\u00e3o a Promo\u00e7\u00e3o da Participa\u00e7\u00e3o das Crian\u00e7as; a Garantia da Autonomia; o Direito \u00e0 Educa\u00e7\u00e3o, de Brincar, \u00e0 Sa\u00fade e \u00e0 Cultura; o fortalecimento de uma Rede Internacional; e a potencializa\u00e7\u00e3o de Ferramentas de Desenvolvimentos, todos eles vinculados \u00e0s prerrogativas da Declara\u00e7\u00e3o Universal dos Direitos da Crian\u00e7a da Organiza\u00e7\u00e3o das Na\u00e7\u00f5es Unidas (ONU) e do Estatuto da Crian\u00e7a e do Adolescente (ECA).<\/p>\n\n\n\n<p>&#8220;Vamos receber muitos prefeitos e representantes de outros pa\u00edses. O <span style=\"font-size: revert;color: initial\">prefeito Luiz Fernando Machado est\u00e1 comandando pessoalmente este evento e por isso vamos entregar as melhores imagens e a informa\u00e7\u00e3o correta de todo o evento&#8221;, completa M\u00f4nica Gropelo. <\/span><\/p>\n\n\n\n<figure class=\"wp-block-image size-large\"><img loading=\"lazy\" decoding=\"async\" width=\"1200\" height=\"800\" src=\"https:\/\/tvtecjundiai.com.br\/news\/wp-content\/uploads\/sites\/2\/2023\/03\/tv2-1200x800.jpeg\" alt=\"\" class=\"wp-image-106548\" srcset=\"https:\/\/tvtecjundiai.com.br\/news\/wp-content\/uploads\/sites\/2\/2023\/03\/tv2-1200x800.jpeg 1200w, https:\/\/tvtecjundiai.com.br\/news\/wp-content\/uploads\/sites\/2\/2023\/03\/tv2-300x200.jpeg 300w, https:\/\/tvtecjundiai.com.br\/news\/wp-content\/uploads\/sites\/2\/2023\/03\/tv2-768x512.jpeg 768w, https:\/\/tvtecjundiai.com.br\/news\/wp-content\/uploads\/sites\/2\/2023\/03\/tv2.jpeg 1280w\" sizes=\"auto, (max-width: 1200px) 100vw, 1200px\" \/><figcaption class=\"wp-element-caption\">Toda equipe da TVTEC estar\u00e1 nas ruas para garantir a melhor imagem do encontro<\/figcaption><\/figure>\n\n\n\n<p><\/p>\n\n\n\n<p>Durante o Encontro, a programa\u00e7\u00e3o de Pain\u00e9is ser\u00e1 realizada nos dias 19, 20 e 23 de mar\u00e7o, e ter\u00e1 como temas \u201cRedes Internacionais\u201d, \u201cPromo\u00e7\u00e3o da Sa\u00fade\u201d, \u201cEduca\u00e7\u00e3o Inovadora\u201d e \u201c\u00c1reas de Brincar\u201d. Cada painel ser\u00e1 seguido por visitas guiadas a equipamentos p\u00fablicos vinculados \u00e0s diversas pol\u00edticas p\u00fablicas municipais com tem\u00e1ticas voltadas \u00e0 crian\u00e7a no munic\u00edpio.<\/p>\n\n\n\n<p>J\u00e1 a programa\u00e7\u00e3o do F\u00f3rum da Inf\u00e2ncia, realizada entre 21 e 24 de mar\u00e7o, trar\u00e1 como temas de debate \u201cPromover a Participa\u00e7\u00e3o\u201d, \u201cGarantir a Autonomia\u201d e \u201cDireito \u00e0 Cultura\u201d.<\/p>\n\n\n\n<p>A programa\u00e7\u00e3o completa pode ser conferida no <a href=\"https:\/\/cidadedascriancas.jundiai.sp.gov.br\/encontro-brasileiro-cidades-das-criancas-e-forum-internacional-das-infancias\/\">site oficial do evento<\/a>.<\/p>\n\n\n\n<p><strong><em>(Fonte\/Imagens: TVTEC Jundia\u00ed)<\/em><\/strong><\/p>\n","protected":false},"excerpt":{"rendered":"<p>Ser\u00e3o quase 20 horas de transmiss\u00e3o ao vivo reunindo dezenas de profissionais <\/p>\n","protected":false},"author":30,"featured_media":106547,"comment_status":"closed","ping_status":"0","sticky":false,"template":"","format":"standard","meta":{"footnotes":""},"categories":[2834,29,8357,8356,1],"tags":[],"class_list":["post-106440","post","type-post","status-publish","format-standard","has-post-thumbnail","hentry","category-cidades","category-destaque","category-gestao","category-jundiai","category-noticias"],"_links":{"self":[{"href":"https:\/\/tvtecjundiai.com.br\/news\/wp-json\/wp\/v2\/posts\/106440","targetHints":{"allow":["GET"]}}],"collection":[{"href":"https:\/\/tvtecjundiai.com.br\/news\/wp-json\/wp\/v2\/posts"}],"about":[{"href":"https:\/\/tvtecjundiai.com.br\/news\/wp-json\/wp\/v2\/types\/post"}],"author":[{"embeddable":true,"href":"https:\/\/tvtecjundiai.com.br\/news\/wp-json\/wp\/v2\/users\/30"}],"replies":[{"embeddable":true,"href":"https:\/\/tvtecjundiai.com.br\/news\/wp-json\/wp\/v2\/comments?post=106440"}],"version-history":[{"count":9,"href":"https:\/\/tvtecjundiai.com.br\/news\/wp-json\/wp\/v2\/posts\/106440\/revisions"}],"predecessor-version":[{"id":106554,"href":"https:\/\/tvtecjundiai.com.br\/news\/wp-json\/wp\/v2\/posts\/106440\/revisions\/106554"}],"wp:featuredmedia":[{"embeddable":true,"href":"https:\/\/tvtecjundiai.com.br\/news\/wp-json\/wp\/v2\/media\/106547"}],"wp:attachment":[{"href":"https:\/\/tvtecjundiai.com.br\/news\/wp-json\/wp\/v2\/media?parent=106440"}],"wp:term":[{"taxonomy":"category","embeddable":true,"href":"https:\/\/tvtecjundiai.com.br\/news\/wp-json\/wp\/v2\/categories?post=106440"},{"taxonomy":"post_tag","embeddable":true,"href":"https:\/\/tvtecjundiai.com.br\/news\/wp-json\/wp\/v2\/tags?post=106440"}],"curies":[{"name":"wp","href":"https:\/\/api.w.org\/{rel}","templated":true}]}}