{"id":106444,"date":"2023-03-15T14:12:34","date_gmt":"2023-03-15T17:12:34","guid":{"rendered":"https:\/\/tvtecjundiai.com.br\/news\/?p=106444"},"modified":"2023-03-15T14:14:19","modified_gmt":"2023-03-15T17:14:19","slug":"em-parceria-com-o-sebrae-funss-abre-novas-turmas-de-beleza-e-estetica","status":"publish","type":"post","link":"https:\/\/tvtecjundiai.com.br\/news\/2023\/03\/15\/em-parceria-com-o-sebrae-funss-abre-novas-turmas-de-beleza-e-estetica\/","title":{"rendered":"Em parceria com o Sebrae, Fundo Social abre novas turmas de Beleza e Est\u00e9tica"},"content":{"rendered":"\n<p>O Fundo Social de Solidariedade de Jundia\u00ed (Funss) abre, nesta quinta-feira (16), \u00e0s 9h, a pr\u00e9-inscri\u00e7\u00e3o on-line para dois novos cursos na \u00e1rea de Beleza e Est\u00e9tica: Depila\u00e7\u00e3o e Alongamento de C\u00edlios. As capacita\u00e7\u00f5es ser\u00e3o realizadas em parceria com o Sebrae e, por isso, a idade m\u00ednima exigida \u00e9 de 18 anos completos. Tamb\u00e9m \u00e9 preciso ser morador em Jundia\u00ed e ter o Ensino Fundamental.<\/p>\n\n\n\n<p>Para participar, \u00e9 necess\u00e1rio acessar o&nbsp;<em>link<\/em>&nbsp;referente \u00e0 turma pretendida e preencher o Formul\u00e1rio Google. O crit\u00e9rio de sele\u00e7\u00e3o e forma\u00e7\u00e3o das turmas \u00e9 a ordem de envio destas informa\u00e7\u00f5es, que considera hora, minuto e segundo. Confira mais informa\u00e7\u00f5es, abaixo:<\/p>\n\n\n<div class=\"wp-block-image\">\n<figure class=\"aligncenter size-large is-resized\"><img loading=\"lazy\" decoding=\"async\" src=\"https:\/\/tvtecjundiai.com.br\/news\/wp-content\/uploads\/sites\/2\/2023\/03\/alongamento-de-cilios-divulgacao-1200x801.jpg\" alt=\"\" class=\"wp-image-106445\" width=\"756\" height=\"504\" srcset=\"https:\/\/tvtecjundiai.com.br\/news\/wp-content\/uploads\/sites\/2\/2023\/03\/alongamento-de-cilios-divulgacao-1200x801.jpg 1200w, https:\/\/tvtecjundiai.com.br\/news\/wp-content\/uploads\/sites\/2\/2023\/03\/alongamento-de-cilios-divulgacao-300x200.jpg 300w, https:\/\/tvtecjundiai.com.br\/news\/wp-content\/uploads\/sites\/2\/2023\/03\/alongamento-de-cilios-divulgacao-768x512.jpg 768w, https:\/\/tvtecjundiai.com.br\/news\/wp-content\/uploads\/sites\/2\/2023\/03\/alongamento-de-cilios-divulgacao.jpg 1280w\" sizes=\"auto, (max-width: 756px) 100vw, 756px\" \/><\/figure>\n<\/div>\n\n\n<p><\/p>\n\n\n\n<p><strong>Curso de<\/strong>&nbsp;<strong>Depila\u00e7\u00e3o<\/strong><\/p>\n\n\n\n<ul class=\"wp-block-list\">\n<li>Idade m\u00ednima: 18 anos<\/li>\n\n\n\n<li>Vagas: 17<\/li>\n\n\n\n<li>Datas: 03\/4 e 04\/04 \u2013 Aula de Gest\u00e3o<\/li>\n\n\n\n<li>05, 11, 12, 13, 18, 19, 20, 25, 26 e 27\/04 \u2013 Aula t\u00e9cnica<\/li>\n\n\n\n<li>12 aulas<\/li>\n\n\n\n<li>Hor\u00e1rio: 13h \u00e0s 17h<\/li>\n\n\n\n<li>Local: Fundo Social de Solidariedade \u2013 Av. Dona Manoela Lacerda de Vergueiro, s\/n \u2013 Port\u00e3o 3 \u2013 Anexo ao Parque da Uva \u2013 Bairro Anhangaba\u00fa<\/li>\n\n\n\n<li><strong>Link para inscri\u00e7\u00e3o:<\/strong>&nbsp;<a href=\"https:\/\/forms.gle\/ZxLDFYhWG17MZrei9\" target=\"_blank\" rel=\"noreferrer noopener\"><strong>https:\/\/forms.gle\/ZxLDFYhWG17MZrei9<\/strong><\/a><\/li>\n<\/ul>\n\n\n\n<p><strong>Curso de<\/strong>&nbsp;<strong>Alongamento de C\u00edlios<\/strong><\/p>\n\n\n\n<ul class=\"wp-block-list\">\n<li>Idade m\u00ednima: 18 anos<\/li>\n\n\n\n<li>Vagas: 17 (+ 1 social)<\/li>\n\n\n\n<li>Datas: 12\/04 e 13\/04 \u2013 Aula de Gest\u00e3o<\/li>\n\n\n\n<li>14, 17, 18, 19, 20, 24, 25, 26, 27 e 28\/04 \u2013 Aula t\u00e9cnica<\/li>\n\n\n\n<li>12 aulas<\/li>\n\n\n\n<li>Hor\u00e1rio: 8h \u00e0s 12h<\/li>\n\n\n\n<li>Local: Fundo Social de Solidariedade \u2013 Av. Dona Manoela Lacerda de Vergueiro, s\/n \u2013 Port\u00e3o 3 \u2013 Anexo ao Parque da Uva \u2013 Bairro Anhangaba\u00fa<\/li>\n\n\n\n<li><strong>Link para inscri\u00e7\u00e3o:<\/strong>&nbsp;<strong>&nbsp;<\/strong><a href=\"https:\/\/forms.gle\/2kZpe6ix46kCmpFg6\" target=\"_blank\" rel=\"noreferrer noopener\"><strong>https:\/\/forms.gle\/2kZpe6ix46kCmpFg6<\/strong><\/a><\/li>\n<\/ul>\n\n\n\n<p>Os nomes dos selecionados ser\u00e3o divulgados no site da Prefeitura de Jundia\u00ed e dados detalhados ser\u00e3o repassados por meio do contato de WhatsApp informado no ato da pr\u00e9-inscri\u00e7\u00e3o. As fichas n\u00e3o contempladas est\u00e3o, automaticamente, na lista de espera e poder\u00e3o ser convocadas somente em caso de desist\u00eancia.<\/p>\n\n\n\n<p>O endere\u00e7o do Fundo Social \u00e9 o Parque da Uva. O acesso \u00e9 pela avenida Dona Manoela Lacerda de Vergueiro, s\/n, port\u00e3o 03, bairro Anhangaba\u00fa. O funcionamento da unidade \u00e9 de segunda a sexta-feira, das 8h \u00e0s 17h, exceto feriados. Informa\u00e7\u00f5es pelos telefones (11) 4589-6319, 4589-6320, 4589-6322.<\/p>\n\n\n\n<p><em><strong>(Fonte\/Imagem: Prefeitura de Jundia\u00ed)<\/strong><\/em><\/p>\n","protected":false},"excerpt":{"rendered":"<p>\u00c9 preciso ter mais de 18 anos, morar em Jundia\u00ed e ter o Ensino Fundamental<\/p>\n","protected":false},"author":30,"featured_media":106445,"comment_status":"closed","ping_status":"0","sticky":false,"template":"","format":"standard","meta":{"footnotes":""},"categories":[2832,8356,1],"tags":[],"class_list":["post-106444","post","type-post","status-publish","format-standard","has-post-thumbnail","hentry","category-cursos","category-jundiai","category-noticias"],"_links":{"self":[{"href":"https:\/\/tvtecjundiai.com.br\/news\/wp-json\/wp\/v2\/posts\/106444","targetHints":{"allow":["GET"]}}],"collection":[{"href":"https:\/\/tvtecjundiai.com.br\/news\/wp-json\/wp\/v2\/posts"}],"about":[{"href":"https:\/\/tvtecjundiai.com.br\/news\/wp-json\/wp\/v2\/types\/post"}],"author":[{"embeddable":true,"href":"https:\/\/tvtecjundiai.com.br\/news\/wp-json\/wp\/v2\/users\/30"}],"replies":[{"embeddable":true,"href":"https:\/\/tvtecjundiai.com.br\/news\/wp-json\/wp\/v2\/comments?post=106444"}],"version-history":[{"count":3,"href":"https:\/\/tvtecjundiai.com.br\/news\/wp-json\/wp\/v2\/posts\/106444\/revisions"}],"predecessor-version":[{"id":106449,"href":"https:\/\/tvtecjundiai.com.br\/news\/wp-json\/wp\/v2\/posts\/106444\/revisions\/106449"}],"wp:featuredmedia":[{"embeddable":true,"href":"https:\/\/tvtecjundiai.com.br\/news\/wp-json\/wp\/v2\/media\/106445"}],"wp:attachment":[{"href":"https:\/\/tvtecjundiai.com.br\/news\/wp-json\/wp\/v2\/media?parent=106444"}],"wp:term":[{"taxonomy":"category","embeddable":true,"href":"https:\/\/tvtecjundiai.com.br\/news\/wp-json\/wp\/v2\/categories?post=106444"},{"taxonomy":"post_tag","embeddable":true,"href":"https:\/\/tvtecjundiai.com.br\/news\/wp-json\/wp\/v2\/tags?post=106444"}],"curies":[{"name":"wp","href":"https:\/\/api.w.org\/{rel}","templated":true}]}}