{"id":106480,"date":"2023-03-15T17:22:36","date_gmt":"2023-03-15T20:22:36","guid":{"rendered":"https:\/\/tvtecjundiai.com.br\/news\/?p=106480"},"modified":"2023-03-15T17:22:39","modified_gmt":"2023-03-15T20:22:39","slug":"fundo-social-recebe-doacoes-para-ajudar-moradores-dos-bairros-afetados-por-alagamento","status":"publish","type":"post","link":"https:\/\/tvtecjundiai.com.br\/news\/2023\/03\/15\/fundo-social-recebe-doacoes-para-ajudar-moradores-dos-bairros-afetados-por-alagamento\/","title":{"rendered":"Fundo Social recebe doa\u00e7\u00f5es para ajudar moradores dos bairros afetados por alagamento"},"content":{"rendered":"\n<p>Bastante conhecida na cidade pelo atendimento \u00e0s entidades cadastradas, a Campanha Permanente de Solidariedade do Fundo Social intensifica, a partir desta quarta-feira (15), a arrecada\u00e7\u00e3o de doa\u00e7\u00f5es. O objetivo, neste momento, \u00e9 refor\u00e7ar o trabalho da Prefeitura de Jundia\u00ed no atendimento r\u00e1pido e emergencial \u00e0s fam\u00edlias afetadas por alagamentos, durante as fortes chuvas que atingiram o munic\u00edpio, na tarde de ontem, sobretudo a regi\u00e3o dos bairros Mato Dentro e Rio Acima.<\/p>\n\n\n\n<p>Na sede do Funss, os interessados em ajudar poder\u00e3o doar&nbsp;<strong>alimentos n\u00e3o perec\u00edveis, leite longa vida ou em p\u00f3, enlatados, roupas para crian\u00e7as e adultos, absorventes descart\u00e1veis, fraldas descart\u00e1veis, \u00e1gua mineral, produtos de higiene pessoal e limpeza, bem como artigos de cama, mesa e banho<\/strong>, entre outros.<\/p>\n\n\n\n<figure class=\"wp-block-image size-large\"><img loading=\"lazy\" decoding=\"async\" width=\"1200\" height=\"801\" src=\"https:\/\/tvtecjundiai.com.br\/news\/wp-content\/uploads\/sites\/2\/2023\/03\/doacoes-1200x801.jpg\" alt=\"\" class=\"wp-image-106482\" srcset=\"https:\/\/tvtecjundiai.com.br\/news\/wp-content\/uploads\/sites\/2\/2023\/03\/doacoes-1200x801.jpg 1200w, https:\/\/tvtecjundiai.com.br\/news\/wp-content\/uploads\/sites\/2\/2023\/03\/doacoes-300x200.jpg 300w, https:\/\/tvtecjundiai.com.br\/news\/wp-content\/uploads\/sites\/2\/2023\/03\/doacoes-768x512.jpg 768w, https:\/\/tvtecjundiai.com.br\/news\/wp-content\/uploads\/sites\/2\/2023\/03\/doacoes.jpg 1280w\" sizes=\"auto, (max-width: 1200px) 100vw, 1200px\" \/><\/figure>\n\n\n\n<p><\/p>\n\n\n\n<p>O endere\u00e7o do Fundo Social \u00e9 o Parque da Uva e o acesso \u00e9 pela avenida Dona Manoela Lacerda de Vergueiro, s\/n, port\u00e3o 03, Anhangaba\u00fa. O funcionamento \u00e9 de segunda a sexta-feira, exceto feriados, das 8h \u00e0s 17h. Informa\u00e7\u00f5es pelos telefones (11) 4589-6319 e 4589-6320.<\/p>\n\n\n\n<p><em><strong>(Fonte\/Imagem: Prefeitura de Jundia\u00ed)<\/strong><\/em><\/p>\n","protected":false},"excerpt":{"rendered":"<p>os interessados em ajudar poder\u00e3o doar\u00a0alimentos n\u00e3o perec\u00edveis<\/p>\n","protected":false},"author":30,"featured_media":106482,"comment_status":"closed","ping_status":"0","sticky":false,"template":"","format":"standard","meta":{"footnotes":""},"categories":[8356,1],"tags":[],"class_list":["post-106480","post","type-post","status-publish","format-standard","has-post-thumbnail","hentry","category-jundiai","category-noticias"],"_links":{"self":[{"href":"https:\/\/tvtecjundiai.com.br\/news\/wp-json\/wp\/v2\/posts\/106480","targetHints":{"allow":["GET"]}}],"collection":[{"href":"https:\/\/tvtecjundiai.com.br\/news\/wp-json\/wp\/v2\/posts"}],"about":[{"href":"https:\/\/tvtecjundiai.com.br\/news\/wp-json\/wp\/v2\/types\/post"}],"author":[{"embeddable":true,"href":"https:\/\/tvtecjundiai.com.br\/news\/wp-json\/wp\/v2\/users\/30"}],"replies":[{"embeddable":true,"href":"https:\/\/tvtecjundiai.com.br\/news\/wp-json\/wp\/v2\/comments?post=106480"}],"version-history":[{"count":1,"href":"https:\/\/tvtecjundiai.com.br\/news\/wp-json\/wp\/v2\/posts\/106480\/revisions"}],"predecessor-version":[{"id":106483,"href":"https:\/\/tvtecjundiai.com.br\/news\/wp-json\/wp\/v2\/posts\/106480\/revisions\/106483"}],"wp:featuredmedia":[{"embeddable":true,"href":"https:\/\/tvtecjundiai.com.br\/news\/wp-json\/wp\/v2\/media\/106482"}],"wp:attachment":[{"href":"https:\/\/tvtecjundiai.com.br\/news\/wp-json\/wp\/v2\/media?parent=106480"}],"wp:term":[{"taxonomy":"category","embeddable":true,"href":"https:\/\/tvtecjundiai.com.br\/news\/wp-json\/wp\/v2\/categories?post=106480"},{"taxonomy":"post_tag","embeddable":true,"href":"https:\/\/tvtecjundiai.com.br\/news\/wp-json\/wp\/v2\/tags?post=106480"}],"curies":[{"name":"wp","href":"https:\/\/api.w.org\/{rel}","templated":true}]}}