{"id":106484,"date":"2023-03-15T17:26:39","date_gmt":"2023-03-15T20:26:39","guid":{"rendered":"https:\/\/tvtecjundiai.com.br\/news\/?p=106484"},"modified":"2023-03-15T17:26:43","modified_gmt":"2023-03-15T20:26:43","slug":"prefeito-vistoria-bairros-afetados-pelas-chuvas-e-reforca-atendimento-as-familias","status":"publish","type":"post","link":"https:\/\/tvtecjundiai.com.br\/news\/2023\/03\/15\/prefeito-vistoria-bairros-afetados-pelas-chuvas-e-reforca-atendimento-as-familias\/","title":{"rendered":"Prefeito vistoria bairros afetados pelas chuvas e refor\u00e7a atendimento \u00e0s fam\u00edlias"},"content":{"rendered":"\n<p>Ap\u00f3s as fortes chuvas que atingiram a regi\u00e3o norte de Jundia\u00ed, o Prefeito Luiz Fernando Machado, gestores municipais e Defesa Civil estiveram, na manh\u00e3 desta quarta-feira (15), nos bairros Mato Dentro, Champirra e Rio Acima. De acordo com a Defesa Civil, o volume de chuvas registrado foi de 70 mil\u00edmetros em uma hora, algo considerado volumoso e severo pelos t\u00e9cnicos. N\u00e3o houve ocorr\u00eancias graves.<br>A vistoria permitiu avalia\u00e7\u00e3o dos impactos, al\u00e9m de assist\u00eancia \u00e0s necessidades urgentes dos moradores e comerciantes locais. Um plano de trabalho tamb\u00e9m foi definido para guiar as pr\u00f3ximas a\u00e7\u00f5es para a solu\u00e7\u00e3o dos problemas gerados pelo grande fluxo de \u00e1gua, j\u00e1 que a previs\u00e3o \u00e9 de mais chuva nos pr\u00f3ximos dias.<\/p>\n\n\n\n<p>\u201cO poder p\u00fablico est\u00e1 ao lado das pessoas e tem atuado de forma r\u00e1pida e intensiva. Em um primeiro momento o foco foi salvar vidas e agora o trabalho tem como objetivo realizar a limpeza dos locais mais afetados e atender as principais demandas das fam\u00edlias\u201d, afirmou o chefe do executivo.<\/p>\n\n\n\n<figure class=\"wp-block-image size-large\"><img loading=\"lazy\" decoding=\"async\" width=\"1200\" height=\"801\" src=\"https:\/\/tvtecjundiai.com.br\/news\/wp-content\/uploads\/sites\/2\/2023\/03\/prefeito_acompanha_defesa_civil_chuvas_rio_acima_pa-627-1280x854-1-1200x801.jpg\" alt=\"\" class=\"wp-image-106486\" srcset=\"https:\/\/tvtecjundiai.com.br\/news\/wp-content\/uploads\/sites\/2\/2023\/03\/prefeito_acompanha_defesa_civil_chuvas_rio_acima_pa-627-1280x854-1-1200x801.jpg 1200w, https:\/\/tvtecjundiai.com.br\/news\/wp-content\/uploads\/sites\/2\/2023\/03\/prefeito_acompanha_defesa_civil_chuvas_rio_acima_pa-627-1280x854-1-300x200.jpg 300w, https:\/\/tvtecjundiai.com.br\/news\/wp-content\/uploads\/sites\/2\/2023\/03\/prefeito_acompanha_defesa_civil_chuvas_rio_acima_pa-627-1280x854-1-768x512.jpg 768w, https:\/\/tvtecjundiai.com.br\/news\/wp-content\/uploads\/sites\/2\/2023\/03\/prefeito_acompanha_defesa_civil_chuvas_rio_acima_pa-627-1280x854-1.jpg 1280w\" sizes=\"auto, (max-width: 1200px) 100vw, 1200px\" \/><figcaption class=\"wp-element-caption\">Vistoria dos bairros afetados iniciou nas primeiras horas da manh\u00e3 desta quarta-feira (15)<\/figcaption><\/figure>\n\n\n\n<p>A chuva de ter\u00e7a-feira atingiu de forma intensa a regi\u00e3o norte do munic\u00edpio e causou o transbordamento de lagos particulares e do rio Capivari. Como consequ\u00eancia, houve o alagamento, perda de bens materiais e danos estruturais em algumas casas. A UBS Rio Acima tamb\u00e9m foi atingida. No Champirra, seis casas foram interditadas por riscos de destrui\u00e7\u00e3o por conta de deslizamentos. O atendimento \u00e0s fam\u00edlias foi feito pela Funda\u00e7\u00e3o Municipal de A\u00e7\u00e3o Social (Fumas) atrav\u00e9s do aux\u00edlio-moradia.<\/p>\n\n\n\n<p>\u201cA Defesa Civil atua diariamente no monitoramento e nas a\u00e7\u00f5es preventivas. Felizmente n\u00e3o tivemos nenhuma v\u00edtima em todo esse per\u00edodo em que a cidade tem registrado chuvas severas. A popula\u00e7\u00e3o pode entrar em contato conosco sempre que for preciso\u201d, comentou o coordenador da Defesa Civil, Coronel Gimenez.<\/p>\n\n\n\n<p>Tamb\u00e9m acompanharam os trabalhos os gestores Jos\u00e9 Antonio Parimoschi (Governo e Finan\u00e7as), Gustavo Maryssael (Casa Civil), Adilson Rosa (Infraestrutura e Servi\u00e7os P\u00fablicos) e Thiago Maia (Inova\u00e7\u00e3o e Rela\u00e7\u00e3o com o Cidad\u00e3o).<\/p>\n\n\n\n<figure class=\"wp-block-image size-large\"><img loading=\"lazy\" decoding=\"async\" width=\"1200\" height=\"801\" src=\"https:\/\/tvtecjundiai.com.br\/news\/wp-content\/uploads\/sites\/2\/2023\/03\/prefeito_acompanha_defesa_civil_chuvas_rio_acima_pa-730-1280x854-1-1200x801.jpg\" alt=\"\" class=\"wp-image-106487\" srcset=\"https:\/\/tvtecjundiai.com.br\/news\/wp-content\/uploads\/sites\/2\/2023\/03\/prefeito_acompanha_defesa_civil_chuvas_rio_acima_pa-730-1280x854-1-1200x801.jpg 1200w, https:\/\/tvtecjundiai.com.br\/news\/wp-content\/uploads\/sites\/2\/2023\/03\/prefeito_acompanha_defesa_civil_chuvas_rio_acima_pa-730-1280x854-1-300x200.jpg 300w, https:\/\/tvtecjundiai.com.br\/news\/wp-content\/uploads\/sites\/2\/2023\/03\/prefeito_acompanha_defesa_civil_chuvas_rio_acima_pa-730-1280x854-1-768x512.jpg 768w, https:\/\/tvtecjundiai.com.br\/news\/wp-content\/uploads\/sites\/2\/2023\/03\/prefeito_acompanha_defesa_civil_chuvas_rio_acima_pa-730-1280x854-1.jpg 1280w\" sizes=\"auto, (max-width: 1200px) 100vw, 1200px\" \/><figcaption class=\"wp-element-caption\">A\u00e7\u00f5es para solu\u00e7\u00f5es dos problemas causados pelas chuvas foram rapidamente iniciadas<\/figcaption><\/figure>\n\n\n\n<p><strong>Ligue 199<br><\/strong>Havendo necessidade, a popula\u00e7\u00e3o pode contatar a Defesa Civil pelo n\u00famero 4586-0666 ou o 199. Para obter mais orienta\u00e7\u00f5es sobre o que fazer antes, durante e depois ao per\u00edodo de chuvas intensas e, tamb\u00e9m, os demais tipos de desastres, est\u00e1 dispon\u00edvel o aplicativo \u201cAlerta SP\u201d, dispon\u00edvel para download nos sistemas Android e IOS. Alertas de risco tamb\u00e9m s\u00e3o enviados por SMS: basta enviar uma mensagem com o CEP da localidade desejada para o n\u00famero 40199.<\/p>\n\n\n\n<p><em><strong>(Fonte\/Imagem: Prefeitura de Jundia\u00ed)<\/strong><\/em><\/p>\n","protected":false},"excerpt":{"rendered":"<p>A vistoria permitiu avalia\u00e7\u00e3o dos impactos, al\u00e9m de assist\u00eancia \u00e0s necessidades urgentes dos moradores<\/p>\n","protected":false},"author":30,"featured_media":106486,"comment_status":"closed","ping_status":"0","sticky":false,"template":"","format":"standard","meta":{"footnotes":""},"categories":[8356,3569,1],"tags":[],"class_list":["post-106484","post","type-post","status-publish","format-standard","has-post-thumbnail","hentry","category-jundiai","category-meio-ambiente","category-noticias"],"_links":{"self":[{"href":"https:\/\/tvtecjundiai.com.br\/news\/wp-json\/wp\/v2\/posts\/106484","targetHints":{"allow":["GET"]}}],"collection":[{"href":"https:\/\/tvtecjundiai.com.br\/news\/wp-json\/wp\/v2\/posts"}],"about":[{"href":"https:\/\/tvtecjundiai.com.br\/news\/wp-json\/wp\/v2\/types\/post"}],"author":[{"embeddable":true,"href":"https:\/\/tvtecjundiai.com.br\/news\/wp-json\/wp\/v2\/users\/30"}],"replies":[{"embeddable":true,"href":"https:\/\/tvtecjundiai.com.br\/news\/wp-json\/wp\/v2\/comments?post=106484"}],"version-history":[{"count":1,"href":"https:\/\/tvtecjundiai.com.br\/news\/wp-json\/wp\/v2\/posts\/106484\/revisions"}],"predecessor-version":[{"id":106488,"href":"https:\/\/tvtecjundiai.com.br\/news\/wp-json\/wp\/v2\/posts\/106484\/revisions\/106488"}],"wp:featuredmedia":[{"embeddable":true,"href":"https:\/\/tvtecjundiai.com.br\/news\/wp-json\/wp\/v2\/media\/106486"}],"wp:attachment":[{"href":"https:\/\/tvtecjundiai.com.br\/news\/wp-json\/wp\/v2\/media?parent=106484"}],"wp:term":[{"taxonomy":"category","embeddable":true,"href":"https:\/\/tvtecjundiai.com.br\/news\/wp-json\/wp\/v2\/categories?post=106484"},{"taxonomy":"post_tag","embeddable":true,"href":"https:\/\/tvtecjundiai.com.br\/news\/wp-json\/wp\/v2\/tags?post=106484"}],"curies":[{"name":"wp","href":"https:\/\/api.w.org\/{rel}","templated":true}]}}