{"id":106489,"date":"2023-03-15T17:29:31","date_gmt":"2023-03-15T20:29:31","guid":{"rendered":"https:\/\/tvtecjundiai.com.br\/news\/?p=106489"},"modified":"2023-03-15T17:29:35","modified_gmt":"2023-03-15T20:29:35","slug":"alunas-da-ugel-celebram-o-mes-da-mulher-com-sessao-de-cinema-especial","status":"publish","type":"post","link":"https:\/\/tvtecjundiai.com.br\/news\/2023\/03\/15\/alunas-da-ugel-celebram-o-mes-da-mulher-com-sessao-de-cinema-especial\/","title":{"rendered":"Alunas da UGEL celebram o M\u00eas da Mulher com sess\u00e3o de cinema especial"},"content":{"rendered":"\n<p>Cerca de 800 alunas do Departamento de Esporte Educacional e de Participa\u00e7\u00e3o (DEEP) da Unidade de Gest\u00e3o de Esporte e Lazer (UGEL) estiveram na manh\u00e3 desta quarta-feira (15) nas salas de cinema do Maxi Shopping para mais uma celebra\u00e7\u00e3o do Dia Internacional e do M\u00eas da Mulher. Junto com os professores da UGEL, elas encheram tr\u00eas salas para a exibi\u00e7\u00e3o do filme \u201cCasamento em Fam\u00edlia\u201d, uma com\u00e9dia rom\u00e2ntica que relata a vida de tr\u00eas casais, sendo dois deles j\u00e1 na casa dos 60 anos e com problemas no casamento.<\/p>\n\n\n\n<p>As amigas Maria Ortiz Guio, Elza Marques da Silva e Rita Guio foram juntas para curtir a sess\u00e3o. \u201cSomos alunas da gin\u00e1stica localizada h\u00e1 mais de 15 anos. Nos anos anteriores tamb\u00e9m viemos para a sess\u00e3o de cinema, que \u00e9 um evento j\u00e1 conhecido e esperado por todas. Adoramos esse tipo de atividade\u201d, comenta Maria, que realiza as atividades no CECE Benedito de Lima.<\/p>\n\n\n\n<figure class=\"wp-block-image size-large\"><img loading=\"lazy\" decoding=\"async\" width=\"1200\" height=\"801\" src=\"https:\/\/tvtecjundiai.com.br\/news\/wp-content\/uploads\/sites\/2\/2023\/03\/cinema-com-alunas-da-ugel_m_-1-1280x854-1-1200x801.jpg\" alt=\"\" class=\"wp-image-106490\" srcset=\"https:\/\/tvtecjundiai.com.br\/news\/wp-content\/uploads\/sites\/2\/2023\/03\/cinema-com-alunas-da-ugel_m_-1-1280x854-1-1200x801.jpg 1200w, https:\/\/tvtecjundiai.com.br\/news\/wp-content\/uploads\/sites\/2\/2023\/03\/cinema-com-alunas-da-ugel_m_-1-1280x854-1-300x200.jpg 300w, https:\/\/tvtecjundiai.com.br\/news\/wp-content\/uploads\/sites\/2\/2023\/03\/cinema-com-alunas-da-ugel_m_-1-1280x854-1-768x512.jpg 768w, https:\/\/tvtecjundiai.com.br\/news\/wp-content\/uploads\/sites\/2\/2023\/03\/cinema-com-alunas-da-ugel_m_-1-1280x854-1.jpg 1280w\" sizes=\"auto, (max-width: 1200px) 100vw, 1200px\" \/><figcaption class=\"wp-element-caption\">Maxi Shopping recebe alunas da UGEL para sess\u00e3o especial em alus\u00e3o ao Dia Internacional da Mulher<\/figcaption><\/figure>\n\n\n\n<p>O evento foi voltado principalmente para as alunas da melhor idade, e teve a presen\u00e7a do vice-prefeito Gustavo Martinelli, representando o prefeito Luiz Fernando Machado, do gestor da UGEL, Cl\u00e1udio Tarallo, do presidente da C\u00e2mara de Jundia\u00ed, vereador Antonio Carlos Albino, e do vereador Daniel Lemos. Para a locomo\u00e7\u00e3o das participantes foram disponibilizados diversos \u00f4nibus que sa\u00edram dos Complexos Esportivos.<\/p>\n\n\n\n<p>\u201cVenho primeiramente agradecer e valorizar todos os nossos educadores, que realizam um grande trabalho nas aulas. O Dia da Mulher \u00e9 todos os dias e elas s\u00e3o fundamentais para a nossa cidade em todos os segmentos\u201d, comenta o vice-prefeito Gustavo Martinelli.<\/p>\n\n\n\n<p>\u201cTrabalhamos para oportunizar cada vez mais datas e eventos comemorativos como este, e assim proporcionar sa\u00fade e qualidade de vida para a nossa popula\u00e7\u00e3o\u201d, completa o gestor Tarallo.<\/p>\n\n\n\n<p><strong><em>(Fonte\/Imagem: Prefeitura de Jundia\u00ed)<\/em><\/strong><\/p>\n","protected":false},"excerpt":{"rendered":"<p>O evento foi voltado principalmente para as alunas da melhor idade<\/p>\n","protected":false},"author":30,"featured_media":106490,"comment_status":"closed","ping_status":"0","sticky":false,"template":"","format":"standard","meta":{"footnotes":""},"categories":[8356,1],"tags":[],"class_list":["post-106489","post","type-post","status-publish","format-standard","has-post-thumbnail","hentry","category-jundiai","category-noticias"],"_links":{"self":[{"href":"https:\/\/tvtecjundiai.com.br\/news\/wp-json\/wp\/v2\/posts\/106489","targetHints":{"allow":["GET"]}}],"collection":[{"href":"https:\/\/tvtecjundiai.com.br\/news\/wp-json\/wp\/v2\/posts"}],"about":[{"href":"https:\/\/tvtecjundiai.com.br\/news\/wp-json\/wp\/v2\/types\/post"}],"author":[{"embeddable":true,"href":"https:\/\/tvtecjundiai.com.br\/news\/wp-json\/wp\/v2\/users\/30"}],"replies":[{"embeddable":true,"href":"https:\/\/tvtecjundiai.com.br\/news\/wp-json\/wp\/v2\/comments?post=106489"}],"version-history":[{"count":1,"href":"https:\/\/tvtecjundiai.com.br\/news\/wp-json\/wp\/v2\/posts\/106489\/revisions"}],"predecessor-version":[{"id":106491,"href":"https:\/\/tvtecjundiai.com.br\/news\/wp-json\/wp\/v2\/posts\/106489\/revisions\/106491"}],"wp:featuredmedia":[{"embeddable":true,"href":"https:\/\/tvtecjundiai.com.br\/news\/wp-json\/wp\/v2\/media\/106490"}],"wp:attachment":[{"href":"https:\/\/tvtecjundiai.com.br\/news\/wp-json\/wp\/v2\/media?parent=106489"}],"wp:term":[{"taxonomy":"category","embeddable":true,"href":"https:\/\/tvtecjundiai.com.br\/news\/wp-json\/wp\/v2\/categories?post=106489"},{"taxonomy":"post_tag","embeddable":true,"href":"https:\/\/tvtecjundiai.com.br\/news\/wp-json\/wp\/v2\/tags?post=106489"}],"curies":[{"name":"wp","href":"https:\/\/api.w.org\/{rel}","templated":true}]}}