{"id":106518,"date":"2023-03-16T09:56:53","date_gmt":"2023-03-16T12:56:53","guid":{"rendered":"https:\/\/tvtecjundiai.com.br\/news\/?p=106518"},"modified":"2023-03-16T09:57:00","modified_gmt":"2023-03-16T12:57:00","slug":"assessoria-da-juventude-promove-encontro-com-foco-em-jovens-migrantes","status":"publish","type":"post","link":"https:\/\/tvtecjundiai.com.br\/news\/2023\/03\/16\/assessoria-da-juventude-promove-encontro-com-foco-em-jovens-migrantes\/","title":{"rendered":"Assessoria da Juventude promove encontro com foco em jovens migrantes"},"content":{"rendered":"\n<p>A Assessoria de Pol\u00edticas para a Juventude, que est\u00e1 ligada \u00e0 Unidade de Gest\u00e3o da Casa Civil, promoveu o 2\u00ba Encontro do Projeto Embaixadores da Juventude. O evento aconteceu nesta semana, de forma virtual, e teve como tema o direito do migrante. O objetivo foi pensar em propostas voltadas aos jovens migrantes de Jundia\u00ed. O Projeto Embaixadores da Juventude \u00e9 uma das din\u00e2micas desenvolvidas para fomentar a participa\u00e7\u00e3o dos jovens na elabora\u00e7\u00e3o do Plano Municipal da Juventude, que ser\u00e1 entregue no final de 2023.<\/p>\n\n\n\n<p>O Plano trabalha com 12 eixos, sendo um dedicado exclusivamente ao jovem migrante. \u201cA migra\u00e7\u00e3o \u00e9 um fen\u00f4meno internacional que tem impacto direto nas cidades, portanto, \u00e9 necess\u00e1rio o desenvolvimento de boas pol\u00edticas p\u00fablicas que tragam organiza\u00e7\u00e3o e permitam o atendimento a todos de forma igualit\u00e1ria\u201d, avalia o Gestor da Casa Civil, Dr. Gustavo Maryssael.<\/p>\n\n\n\n<figure class=\"wp-block-image size-large\"><img loading=\"lazy\" decoding=\"async\" width=\"1200\" height=\"675\" src=\"https:\/\/tvtecjundiai.com.br\/news\/wp-content\/uploads\/sites\/2\/2023\/03\/whatsapp-image-2023-03-15-at-15-07-13-1280x720-2-1200x675.jpeg\" alt=\"\" class=\"wp-image-106522\" srcset=\"https:\/\/tvtecjundiai.com.br\/news\/wp-content\/uploads\/sites\/2\/2023\/03\/whatsapp-image-2023-03-15-at-15-07-13-1280x720-2-1200x675.jpeg 1200w, https:\/\/tvtecjundiai.com.br\/news\/wp-content\/uploads\/sites\/2\/2023\/03\/whatsapp-image-2023-03-15-at-15-07-13-1280x720-2-300x169.jpeg 300w, https:\/\/tvtecjundiai.com.br\/news\/wp-content\/uploads\/sites\/2\/2023\/03\/whatsapp-image-2023-03-15-at-15-07-13-1280x720-2-768x432.jpeg 768w, https:\/\/tvtecjundiai.com.br\/news\/wp-content\/uploads\/sites\/2\/2023\/03\/whatsapp-image-2023-03-15-at-15-07-13-1280x720-2.jpeg 1280w\" sizes=\"auto, (max-width: 1200px) 100vw, 1200px\" \/><figcaption class=\"wp-element-caption\">2\u00ba Encontro do Projeto Embaixadores da Juventude aconteceu de forma virtual<\/figcaption><\/figure>\n\n\n\n<p>Para a Assessora de Pol\u00edticas para a Juventude, Let\u00edcia Atique Branco, a cria\u00e7\u00e3o de projetos que aproximam os jovens \u00e9 uma pr\u00e1tica fundamental para o desenvolvimento municipal. \u201cOs jovens migrantes est\u00e3o cada vez mais inseridos em nosso contexto e torna-se necess\u00e1ria a cria\u00e7\u00e3o de pol\u00edticas que valorizem a cultura e gerem oportunidades para eles em nosso munic\u00edpio\u201d, ressalta a Assessora.<\/p>\n\n\n\n<p>Tamb\u00e9m participaram do encontro o Assessor de Pol\u00edticas de Direitos Humanos, Paulo Fernando de Almeida, o Presidente do Conselho Municipal da Juventude, Jonathan Fortes, a Coordenadora de Projetos da Organiza\u00e7\u00e3o Internacional para as Migra\u00e7\u00f5es (OIM), Carla Lorenzi, al\u00e9m da Conselheira Jur\u00eddica da ONG Panagah, que recebe pessoas afeg\u00e3s, Sindy Nobre Santiago.<\/p>\n\n\n\n<p><em><strong>(Fonte\/Imagem: Prefeitura de Jundia\u00ed)<\/strong><\/em><\/p>\n","protected":false},"excerpt":{"rendered":"<p>O objetivo foi pensar em propostas voltadas aos jovens migrantes de Jundia\u00ed<\/p>\n","protected":false},"author":30,"featured_media":106522,"comment_status":"closed","ping_status":"0","sticky":false,"template":"","format":"standard","meta":{"footnotes":""},"categories":[8356,1],"tags":[],"class_list":["post-106518","post","type-post","status-publish","format-standard","has-post-thumbnail","hentry","category-jundiai","category-noticias"],"_links":{"self":[{"href":"https:\/\/tvtecjundiai.com.br\/news\/wp-json\/wp\/v2\/posts\/106518","targetHints":{"allow":["GET"]}}],"collection":[{"href":"https:\/\/tvtecjundiai.com.br\/news\/wp-json\/wp\/v2\/posts"}],"about":[{"href":"https:\/\/tvtecjundiai.com.br\/news\/wp-json\/wp\/v2\/types\/post"}],"author":[{"embeddable":true,"href":"https:\/\/tvtecjundiai.com.br\/news\/wp-json\/wp\/v2\/users\/30"}],"replies":[{"embeddable":true,"href":"https:\/\/tvtecjundiai.com.br\/news\/wp-json\/wp\/v2\/comments?post=106518"}],"version-history":[{"count":2,"href":"https:\/\/tvtecjundiai.com.br\/news\/wp-json\/wp\/v2\/posts\/106518\/revisions"}],"predecessor-version":[{"id":106523,"href":"https:\/\/tvtecjundiai.com.br\/news\/wp-json\/wp\/v2\/posts\/106518\/revisions\/106523"}],"wp:featuredmedia":[{"embeddable":true,"href":"https:\/\/tvtecjundiai.com.br\/news\/wp-json\/wp\/v2\/media\/106522"}],"wp:attachment":[{"href":"https:\/\/tvtecjundiai.com.br\/news\/wp-json\/wp\/v2\/media?parent=106518"}],"wp:term":[{"taxonomy":"category","embeddable":true,"href":"https:\/\/tvtecjundiai.com.br\/news\/wp-json\/wp\/v2\/categories?post=106518"},{"taxonomy":"post_tag","embeddable":true,"href":"https:\/\/tvtecjundiai.com.br\/news\/wp-json\/wp\/v2\/tags?post=106518"}],"curies":[{"name":"wp","href":"https:\/\/api.w.org\/{rel}","templated":true}]}}