{"id":106536,"date":"2023-03-16T13:55:39","date_gmt":"2023-03-16T16:55:39","guid":{"rendered":"https:\/\/tvtecjundiai.com.br\/news\/?p=106536"},"modified":"2023-03-16T14:02:12","modified_gmt":"2023-03-16T17:02:12","slug":"sabado-18-tem-multivacinacao-e-aplicacao-de-doses-contra-covid-19","status":"publish","type":"post","link":"https:\/\/tvtecjundiai.com.br\/news\/2023\/03\/16\/sabado-18-tem-multivacinacao-e-aplicacao-de-doses-contra-covid-19\/","title":{"rendered":"S\u00e1bado (18) tem multivacina\u00e7\u00e3o e aplica\u00e7\u00e3o de doses contra COVID-19"},"content":{"rendered":"\n<p>Neste s\u00e1bado (18), Jundia\u00ed ter\u00e1 dois endere\u00e7os dispon\u00edveis para a aplica\u00e7\u00e3o de vacinas contra a COVID-19 e atualiza\u00e7\u00e3o da carteira vacinal para as doses de rotina. A Nova UBS Jardim do Lago atender\u00e1 das 8h30 \u00e0s 16h e o Espa\u00e7o Jundia\u00ed Empreendedora, localizado no Maxi Shopping Piso G3, funcionar\u00e1 das 11h \u00e0s 17h.<\/p>\n\n\n\n<p>A aplica\u00e7\u00e3o da dose Pfizer Bivalente ser\u00e1 para pessoas com 60 anos ou mais e imunossuprimidos com 12 anos ou mais. Tamb\u00e9m haver\u00e1 atendimento para o p\u00fablico a partir de seis meses que precise tomar a D1, D2, D3 ou D4 contra COVID-19 ou alguma dose de rotina.<\/p>\n\n\n\n<p>Para tomar a dose bivalente, a pessoa deve ter recebido, no m\u00ednimo, duas doses da vacina monovalente (Janssen, Pfizer, CoronaVac ou Astrazeneca) e ter tomado a \u00faltima dose h\u00e1, pelo menos, quatro meses. O munic\u00edpio registra em torno de 70 mil pessoas com mais de 60 anos que estariam aptas a receber o novo imunizante.<\/p>\n\n\n\n<figure class=\"wp-block-image size-large\"><img loading=\"lazy\" decoding=\"async\" width=\"1200\" height=\"801\" src=\"https:\/\/tvtecjundiai.com.br\/news\/wp-content\/uploads\/sites\/2\/2023\/03\/psa2797-1280x854-1-1200x801.jpg\" alt=\"\" class=\"wp-image-106537\" srcset=\"https:\/\/tvtecjundiai.com.br\/news\/wp-content\/uploads\/sites\/2\/2023\/03\/psa2797-1280x854-1-1200x801.jpg 1200w, https:\/\/tvtecjundiai.com.br\/news\/wp-content\/uploads\/sites\/2\/2023\/03\/psa2797-1280x854-1-300x200.jpg 300w, https:\/\/tvtecjundiai.com.br\/news\/wp-content\/uploads\/sites\/2\/2023\/03\/psa2797-1280x854-1-768x512.jpg 768w, https:\/\/tvtecjundiai.com.br\/news\/wp-content\/uploads\/sites\/2\/2023\/03\/psa2797-1280x854-1.jpg 1280w\" sizes=\"auto, (max-width: 1200px) 100vw, 1200px\" \/><figcaption class=\"wp-element-caption\">Vacina\u00e7\u00e3o contra COVID-19 ser\u00e1 realizada no Espa\u00e7o Jundia\u00ed Empreendedora e na Nova UBS Jardim do Lago<\/figcaption><\/figure>\n\n\n\n<p><\/p>\n\n\n\n<p>\u201cAl\u00e9m da aplica\u00e7\u00e3o no per\u00edodo da manh\u00e3 de segunda a sexta, em todas as UBSs de Jundia\u00ed, mediante distribui\u00e7\u00e3o de senhas, tamb\u00e9m foi organizada a op\u00e7\u00e3o para quem s\u00f3 pode acessar o atendimento fora do hor\u00e1rio comercial. Por isso, o s\u00e1bado \u00e9 uma oportunidade para quem trabalha ou estuda durante a semana\u201d, comenta a enfermeira e coordenadora da Vigil\u00e2ncia Epidemiol\u00f3gica (VE) Maria do Carmo Possidente.<\/p>\n\n\n\n<p>\u201c\u00c9 essencial que as pessoas busquem o complemento do cronograma de vacina\u00e7\u00e3o antes da chegada do per\u00edodo mais frio, em que a tend\u00eancia \u00e9 de locais mais fechados e maior propens\u00e3o \u00e0 circula\u00e7\u00e3o dos v\u00edrus respirat\u00f3rios\u201d, ressalta Maria do Carmo.<\/p>\n\n\n\n<p><strong>Atualiza\u00e7\u00e3o vacinal<\/strong><\/p>\n\n\n\n<p>As demais doses Pfizer Baby (6 meses a 4 anos \u2013 D1 e D2), Pfizer Pedi\u00e1trica (5 a 11 anos \u2013 D1, D2 e D3) e doses para pessoas com 12 anos ou mais contra COVID-19 ser\u00e3o disponibilizadas assim como a atualiza\u00e7\u00e3o da carteira de vacina\u00e7\u00e3o infantil e adulto para todas as demais vacinas de rotina dispon\u00edveis.<\/p>\n\n\n\n<p><strong><em>(Fonte\/Imagem: Prefeitura de Jundia\u00ed)<\/em><\/strong><\/p>\n","protected":false},"excerpt":{"rendered":"<p>Vacinas ser\u00e3o aplicadas na Nova UBS Jardim do Lago e no Jundia\u00ed Empreendedora<\/p>\n","protected":false},"author":30,"featured_media":106537,"comment_status":"closed","ping_status":"0","sticky":false,"template":"","format":"standard","meta":{"footnotes":""},"categories":[29,8356,1,2839,8355],"tags":[],"class_list":["post-106536","post","type-post","status-publish","format-standard","has-post-thumbnail","hentry","category-destaque","category-jundiai","category-noticias","category-saude","category-saude-3"],"_links":{"self":[{"href":"https:\/\/tvtecjundiai.com.br\/news\/wp-json\/wp\/v2\/posts\/106536","targetHints":{"allow":["GET"]}}],"collection":[{"href":"https:\/\/tvtecjundiai.com.br\/news\/wp-json\/wp\/v2\/posts"}],"about":[{"href":"https:\/\/tvtecjundiai.com.br\/news\/wp-json\/wp\/v2\/types\/post"}],"author":[{"embeddable":true,"href":"https:\/\/tvtecjundiai.com.br\/news\/wp-json\/wp\/v2\/users\/30"}],"replies":[{"embeddable":true,"href":"https:\/\/tvtecjundiai.com.br\/news\/wp-json\/wp\/v2\/comments?post=106536"}],"version-history":[{"count":2,"href":"https:\/\/tvtecjundiai.com.br\/news\/wp-json\/wp\/v2\/posts\/106536\/revisions"}],"predecessor-version":[{"id":106539,"href":"https:\/\/tvtecjundiai.com.br\/news\/wp-json\/wp\/v2\/posts\/106536\/revisions\/106539"}],"wp:featuredmedia":[{"embeddable":true,"href":"https:\/\/tvtecjundiai.com.br\/news\/wp-json\/wp\/v2\/media\/106537"}],"wp:attachment":[{"href":"https:\/\/tvtecjundiai.com.br\/news\/wp-json\/wp\/v2\/media?parent=106536"}],"wp:term":[{"taxonomy":"category","embeddable":true,"href":"https:\/\/tvtecjundiai.com.br\/news\/wp-json\/wp\/v2\/categories?post=106536"},{"taxonomy":"post_tag","embeddable":true,"href":"https:\/\/tvtecjundiai.com.br\/news\/wp-json\/wp\/v2\/tags?post=106536"}],"curies":[{"name":"wp","href":"https:\/\/api.w.org\/{rel}","templated":true}]}}