{"id":106544,"date":"2023-03-16T16:26:13","date_gmt":"2023-03-16T19:26:13","guid":{"rendered":"https:\/\/tvtecjundiai.com.br\/news\/?p=106544"},"modified":"2023-03-16T16:26:19","modified_gmt":"2023-03-16T19:26:19","slug":"procon-leva-atendimentos-ao-centro-de-jundiai","status":"publish","type":"post","link":"https:\/\/tvtecjundiai.com.br\/news\/2023\/03\/16\/procon-leva-atendimentos-ao-centro-de-jundiai\/","title":{"rendered":"Procon leva atendimentos ao Centro de Jundia\u00ed"},"content":{"rendered":"\n<p>O Dia Internacional do Consumidor foi celebrado na quarta-feira (15), e o Procon de Jundia\u00ed levou a Unidade do Procon M\u00f3vel para o atendimento ao p\u00fablico na pra\u00e7a Governador Pedro de Toledo (pra\u00e7a da Matriz), no Centro da cidade. A a\u00e7\u00e3o foi realizada em parceria com a Funda\u00e7\u00e3o Procon, por meio da coordenadoria Regional do \u00d3rg\u00e3o, com sede em Campinas. A van voltar\u00e1 \u00e0 pra\u00e7a da Matriz, para atendimento ao consumidor, nesta sexta-feira (17), das 9h \u00e0s 15h.<\/p>\n\n\n\n<p>O coordenador regional do Procon, Alahyr Cruz Jr. esteve presente durante a realiza\u00e7\u00e3o. \u201cAlguns dos casos que recebemos aqui s\u00e3o em rela\u00e7\u00e3o a produtos vencidos, amostras vencidas, como no caso das perfumarias, falta de fixa\u00e7\u00e3o de pre\u00e7os e placas de pagamento parcelado que levam o consumidor a crer que o valor do produto \u00e9 menor do que ele realmente custa, e fizemos as devidas orienta\u00e7\u00f5es\u201d, relata.<\/p>\n\n\n\n<p>Entre os atendidos est\u00e3o consumidores que relataram problemas com a presta\u00e7\u00e3o de servi\u00e7o de uma operadora de TV por assinatura, e aux\u00edlio para um caso envolvendo uma loja de cal\u00e7ados. Ao todo, foram registradas 230 orienta\u00e7\u00f5es.<\/p>\n\n\n\n<figure class=\"wp-block-image size-large is-resized\"><img loading=\"lazy\" decoding=\"async\" src=\"https:\/\/tvtecjundiai.com.br\/news\/wp-content\/uploads\/sites\/2\/2023\/03\/dia-do-consumidor_procon-no-centro_m_-47-1280x854-1-1200x801.jpg\" alt=\"\" class=\"wp-image-106545\" width=\"840\" height=\"560\" srcset=\"https:\/\/tvtecjundiai.com.br\/news\/wp-content\/uploads\/sites\/2\/2023\/03\/dia-do-consumidor_procon-no-centro_m_-47-1280x854-1-1200x801.jpg 1200w, https:\/\/tvtecjundiai.com.br\/news\/wp-content\/uploads\/sites\/2\/2023\/03\/dia-do-consumidor_procon-no-centro_m_-47-1280x854-1-300x200.jpg 300w, https:\/\/tvtecjundiai.com.br\/news\/wp-content\/uploads\/sites\/2\/2023\/03\/dia-do-consumidor_procon-no-centro_m_-47-1280x854-1-768x512.jpg 768w, https:\/\/tvtecjundiai.com.br\/news\/wp-content\/uploads\/sites\/2\/2023\/03\/dia-do-consumidor_procon-no-centro_m_-47-1280x854-1.jpg 1280w\" sizes=\"auto, (max-width: 840px) 100vw, 840px\" \/><figcaption class=\"wp-element-caption\">Unidade do Procon M\u00f3vel realiza atendimentos na regi\u00e3o do Centro<\/figcaption><\/figure>\n\n\n\n<p>\u201cNesta data comemorativa, ratificamos o trabalho que \u00e9 realizado todos os dias na unidade do Procon de Jundia\u00ed, em aux\u00edlio e defesa do consumidor. Neste evento, levamos o Procon at\u00e9 pr\u00f3ximo do consumidor para aux\u00edlio nas quest\u00f5es antes e depois do momento da compra\u201d, afirma o gestor da Unidade de Gest\u00e3o de Neg\u00f3cios Jur\u00eddicos e Cidadania, Fernando de Souza.<\/p>\n\n\n\n<p>A Prefeitura de Jundia\u00ed divulgou na manh\u00e3 desta quarta (15) o ranking de empresas com mais reclama\u00e7\u00f5es em 2022.&nbsp;<a href=\"https:\/\/jundiai.sp.gov.br\/noticias\/2023\/03\/15\/procon-jundiai-divulga-ranking-de-empresas-com-mais-reclamacoes-em-2022\/\">Clique aqui e confira.<\/a><\/p>\n\n\n\n<p>\u201cO intuito desta data comemorativa \u00e9 lembrar que os consumidores t\u00eam direito \u00e0 informa\u00e7\u00e3o clara e precisa sobre produtos e servi\u00e7os, \u00e0 prote\u00e7\u00e3o contra pr\u00e1ticas abusivas e enganosas e ao respeito de seus direitos estabelecidos pelo C\u00f3digo de Defesa do Consumidor. Assim, levamos o Procon M\u00f3vel at\u00e9 o Centro, que \u00e9 um dos principais pontos de com\u00e9rcio da cidade\u201d, comenta a chefe do Procon \u2013 Jundia\u00ed, Val\u00e9ria Tavares Alc\u00e2ntara.<\/p>\n\n\n\n<p><a href=\"https:\/\/jundiai.sp.gov.br\/noticias\/2023\/03\/09\/procon-prepara-acoes-para-a-quinzena-do-consumidor\/\">Clique aqui<\/a>\u00a0e confira a programa\u00e7\u00e3o completa da Quinzena do Consumidor.<\/p>\n\n\n\n<p><strong><em>(Fonte\/Imagem: Prefeitura de Jundia\u00ed)<\/em><\/strong><\/p>\n","protected":false},"excerpt":{"rendered":"<p>A van voltar\u00e1 \u00e0 pra\u00e7a da Matriz, para atendimento ao consumidor, nesta sexta-feira (17), das 9h \u00e0s 15h<\/p>\n","protected":false},"author":30,"featured_media":106545,"comment_status":"closed","ping_status":"0","sticky":false,"template":"","format":"standard","meta":{"footnotes":""},"categories":[2834,8356,1],"tags":[],"class_list":["post-106544","post","type-post","status-publish","format-standard","has-post-thumbnail","hentry","category-cidades","category-jundiai","category-noticias"],"_links":{"self":[{"href":"https:\/\/tvtecjundiai.com.br\/news\/wp-json\/wp\/v2\/posts\/106544","targetHints":{"allow":["GET"]}}],"collection":[{"href":"https:\/\/tvtecjundiai.com.br\/news\/wp-json\/wp\/v2\/posts"}],"about":[{"href":"https:\/\/tvtecjundiai.com.br\/news\/wp-json\/wp\/v2\/types\/post"}],"author":[{"embeddable":true,"href":"https:\/\/tvtecjundiai.com.br\/news\/wp-json\/wp\/v2\/users\/30"}],"replies":[{"embeddable":true,"href":"https:\/\/tvtecjundiai.com.br\/news\/wp-json\/wp\/v2\/comments?post=106544"}],"version-history":[{"count":1,"href":"https:\/\/tvtecjundiai.com.br\/news\/wp-json\/wp\/v2\/posts\/106544\/revisions"}],"predecessor-version":[{"id":106546,"href":"https:\/\/tvtecjundiai.com.br\/news\/wp-json\/wp\/v2\/posts\/106544\/revisions\/106546"}],"wp:featuredmedia":[{"embeddable":true,"href":"https:\/\/tvtecjundiai.com.br\/news\/wp-json\/wp\/v2\/media\/106545"}],"wp:attachment":[{"href":"https:\/\/tvtecjundiai.com.br\/news\/wp-json\/wp\/v2\/media?parent=106544"}],"wp:term":[{"taxonomy":"category","embeddable":true,"href":"https:\/\/tvtecjundiai.com.br\/news\/wp-json\/wp\/v2\/categories?post=106544"},{"taxonomy":"post_tag","embeddable":true,"href":"https:\/\/tvtecjundiai.com.br\/news\/wp-json\/wp\/v2\/tags?post=106544"}],"curies":[{"name":"wp","href":"https:\/\/api.w.org\/{rel}","templated":true}]}}