{"id":106555,"date":"2023-03-17T09:28:24","date_gmt":"2023-03-17T12:28:24","guid":{"rendered":"https:\/\/tvtecjundiai.com.br\/news\/?p=106555"},"modified":"2023-03-17T09:30:40","modified_gmt":"2023-03-17T12:30:40","slug":"drive-thru-covid-19-agendamento-abre-nesta-sexta-feira-17-as-15h","status":"publish","type":"post","link":"https:\/\/tvtecjundiai.com.br\/news\/2023\/03\/17\/drive-thru-covid-19-agendamento-abre-nesta-sexta-feira-17-as-15h\/","title":{"rendered":"Drive-thru COVID-19: Agendamento para vacina\u00e7\u00e3o abre nesta sexta (17), \u00e0s 15h"},"content":{"rendered":"\n<p>As pessoas com mais de 60 anos ter\u00e3o mais uma chance para receber a aplica\u00e7\u00e3o da dose Pfizer Bi-valente contra a COVID-19 em sistema drive-thru, no Parque da Uva. O agendamento ser\u00e1 aberto nesta sexta-feira (17), \u00e0s 15h,&nbsp;<a href=\"https:\/\/vacina.jundiai.sp.gov.br\/agendamento\/?rand=234339230991\">no site da Prefeitura de Jundia\u00ed<\/a>&nbsp;ou no APP Jundia\u00ed, para aplica\u00e7\u00e3o na ter\u00e7a (21) e quarta-feira (22), entre 17h e 20h30.<\/p>\n\n\n\n<p>Para tomar a dose bivalente, a pessoa deve ter recebido, no m\u00ednimo, duas doses da vacina monovalente (Janssen, Pfizer, CoronaVac ou Astrazeneca) e ter tomado a \u00faltima dose h\u00e1, pelo menos, quatro meses. O munic\u00edpio registra cerca de 74 mil pessoas com mais de 60 anos que estariam aptas a receber o novo imunizante.<\/p>\n\n\n\n<p>O imunizante \u00e9 uma vers\u00e3o atualizada dos j\u00e1 existentes contra a COVID-19 e pode oferecer uma prote\u00e7\u00e3o ainda maior contra a cepa original do coronav\u00edrus e as subvariantes \u00f4micron.<\/p>\n\n\n\n<figure class=\"wp-block-image size-large\"><img loading=\"lazy\" decoding=\"async\" width=\"1200\" height=\"801\" src=\"https:\/\/tvtecjundiai.com.br\/news\/wp-content\/uploads\/sites\/2\/2023\/03\/51967360704_2bc205b1e5_k-1200x801.jpg\" alt=\"\" class=\"wp-image-106560\" srcset=\"https:\/\/tvtecjundiai.com.br\/news\/wp-content\/uploads\/sites\/2\/2023\/03\/51967360704_2bc205b1e5_k-1200x801.jpg 1200w, https:\/\/tvtecjundiai.com.br\/news\/wp-content\/uploads\/sites\/2\/2023\/03\/51967360704_2bc205b1e5_k-300x200.jpg 300w, https:\/\/tvtecjundiai.com.br\/news\/wp-content\/uploads\/sites\/2\/2023\/03\/51967360704_2bc205b1e5_k-768x512.jpg 768w, https:\/\/tvtecjundiai.com.br\/news\/wp-content\/uploads\/sites\/2\/2023\/03\/51967360704_2bc205b1e5_k.jpg 1280w\" sizes=\"auto, (max-width: 1200px) 100vw, 1200px\" \/><\/figure>\n\n\n\n<p><\/p>\n\n\n\n<p><strong><em>(Fonte\/Imagem: Prefeitura de Jundia\u00ed)<\/em><\/strong><\/p>\n","protected":false},"excerpt":{"rendered":"<p>Para tomar a dose bivalente, a pessoa deve ter recebido, no m\u00ednimo, duas doses da vacina monovalente<\/p>\n","protected":false},"author":30,"featured_media":106560,"comment_status":"closed","ping_status":"0","sticky":false,"template":"","format":"standard","meta":{"footnotes":""},"categories":[8356,1,2839,8355],"tags":[],"class_list":["post-106555","post","type-post","status-publish","format-standard","has-post-thumbnail","hentry","category-jundiai","category-noticias","category-saude","category-saude-3"],"_links":{"self":[{"href":"https:\/\/tvtecjundiai.com.br\/news\/wp-json\/wp\/v2\/posts\/106555","targetHints":{"allow":["GET"]}}],"collection":[{"href":"https:\/\/tvtecjundiai.com.br\/news\/wp-json\/wp\/v2\/posts"}],"about":[{"href":"https:\/\/tvtecjundiai.com.br\/news\/wp-json\/wp\/v2\/types\/post"}],"author":[{"embeddable":true,"href":"https:\/\/tvtecjundiai.com.br\/news\/wp-json\/wp\/v2\/users\/30"}],"replies":[{"embeddable":true,"href":"https:\/\/tvtecjundiai.com.br\/news\/wp-json\/wp\/v2\/comments?post=106555"}],"version-history":[{"count":2,"href":"https:\/\/tvtecjundiai.com.br\/news\/wp-json\/wp\/v2\/posts\/106555\/revisions"}],"predecessor-version":[{"id":106565,"href":"https:\/\/tvtecjundiai.com.br\/news\/wp-json\/wp\/v2\/posts\/106555\/revisions\/106565"}],"wp:featuredmedia":[{"embeddable":true,"href":"https:\/\/tvtecjundiai.com.br\/news\/wp-json\/wp\/v2\/media\/106560"}],"wp:attachment":[{"href":"https:\/\/tvtecjundiai.com.br\/news\/wp-json\/wp\/v2\/media?parent=106555"}],"wp:term":[{"taxonomy":"category","embeddable":true,"href":"https:\/\/tvtecjundiai.com.br\/news\/wp-json\/wp\/v2\/categories?post=106555"},{"taxonomy":"post_tag","embeddable":true,"href":"https:\/\/tvtecjundiai.com.br\/news\/wp-json\/wp\/v2\/tags?post=106555"}],"curies":[{"name":"wp","href":"https:\/\/api.w.org\/{rel}","templated":true}]}}