{"id":106562,"date":"2023-03-17T09:30:09","date_gmt":"2023-03-17T12:30:09","guid":{"rendered":"https:\/\/tvtecjundiai.com.br\/news\/?p=106562"},"modified":"2023-03-17T09:30:12","modified_gmt":"2023-03-17T12:30:12","slug":"carro-eletrico-da-prefeitura-e-destaque-em-encontro-tecnico-no-jundiai-empreendedora","status":"publish","type":"post","link":"https:\/\/tvtecjundiai.com.br\/news\/2023\/03\/17\/carro-eletrico-da-prefeitura-e-destaque-em-encontro-tecnico-no-jundiai-empreendedora\/","title":{"rendered":"Carro el\u00e9trico da Prefeitura \u00e9 destaque em encontro t\u00e9cnico no Jundia\u00ed Empreendedora"},"content":{"rendered":"\n<p>Um dos\u00a0novos carros el\u00e9tricos adquiridos pela Prefeitura de Jundia\u00ed\u00a0foi o grande destaque para mostrar, na pr\u00e1tica, como \u00e9 poss\u00edvel fazer diagn\u00f3sticos e manuten\u00e7\u00e3o de ve\u00edculos h\u00edbridos e el\u00e9tricos. O encontro t\u00e9cnico, voltado para profissionais de mec\u00e2nica, funilaria e pintura, foi realizado nesta semana, no\u00a0<a rel=\"noreferrer noopener\" href=\"https:\/\/negocios.jundiai.sp.gov.br\/\" target=\"_blank\">Espa\u00e7o Jundia\u00ed Empreendedora<\/a>.<\/p>\n\n\n\n<p>Organizada por meio da Unidade de Gest\u00e3o de Desenvolvimento Econ\u00f4mico, Ci\u00eancia e Tecnologia, a aula foi ministrada por Alberto Puga Leivas e Lu\u00eds Carlos Bou\u00e7as. Com mais de 30 anos de experi\u00eancia na ind\u00fastria automotiva, ambos mostraram como as empresas do segmento devem lidar com essas novas tecnologias. Os ensinamentos foram passados na sala de treinamento do espa\u00e7o (dentro do Maxi Shopping Jundia\u00ed) e tamb\u00e9m no estacionamento do centro de compras.<\/p>\n\n\n\n<figure class=\"wp-block-image size-full\"><img loading=\"lazy\" decoding=\"async\" width=\"1200\" height=\"906\" src=\"https:\/\/tvtecjundiai.com.br\/news\/wp-content\/uploads\/sites\/2\/2023\/03\/9593ca3f-ca90-4774-90e5-647e6bfcbbf2.jpg\" alt=\"\" class=\"wp-image-106566\" srcset=\"https:\/\/tvtecjundiai.com.br\/news\/wp-content\/uploads\/sites\/2\/2023\/03\/9593ca3f-ca90-4774-90e5-647e6bfcbbf2.jpg 1200w, https:\/\/tvtecjundiai.com.br\/news\/wp-content\/uploads\/sites\/2\/2023\/03\/9593ca3f-ca90-4774-90e5-647e6bfcbbf2-300x227.jpg 300w, https:\/\/tvtecjundiai.com.br\/news\/wp-content\/uploads\/sites\/2\/2023\/03\/9593ca3f-ca90-4774-90e5-647e6bfcbbf2-768x580.jpg 768w\" sizes=\"auto, (max-width: 1200px) 100vw, 1200px\" \/><figcaption class=\"wp-element-caption\">Ve\u00edculo el\u00e9trico adquirido pela Prefeitura serviu como modelo para tirar as d\u00favidas dos profissionais<\/figcaption><\/figure>\n\n\n\n<p>\u201cFoi uma proposta feita dentro do ambiente de inova\u00e7\u00e3o do Campus Jundia\u00ed, da qual surgiu a ideia de realizar esse encontro. Participaram profissionais de oficinas da cidade e tamb\u00e9m da regi\u00e3o\u201d, contou Bou\u00e7as.<\/p>\n\n\n\n<p>O gestor de Desenvolvimento Econ\u00f4mico, Ci\u00eancia e Tecnologia, Cristiano Lopes, destacou esse apoio que o Ecossistema de Inova\u00e7\u00e3o da Prefeitura tem gerado ao munic\u00edpio. \u201cO Campus Jundia\u00ed j\u00e1 produz solu\u00e7\u00f5es para a cidade. \u00c9 uma cidade inteligente dando resposta e melhorando a vida do cidad\u00e3o. \u00c9 nossa obriga\u00e7\u00e3o como poder p\u00fablico fomentar o desenvolvimento de solu\u00e7\u00f5es para todas as \u00e1reas da cidade\u201d.<\/p>\n\n\n\n<p>Participou do encontro t\u00e9cnico, tamb\u00e9m, o diretor de Fomento \u00e0 Ci\u00eancia, Tecnologia e Inova\u00e7\u00e3o, J\u00falio C\u00e9sar Durante.<\/p>\n\n\n\n<figure class=\"wp-block-image size-large\"><img loading=\"lazy\" decoding=\"async\" width=\"1200\" height=\"800\" src=\"https:\/\/tvtecjundiai.com.br\/news\/wp-content\/uploads\/sites\/2\/2023\/03\/f8db65c2-df33-43df-a398-8de5238cff77-1280x853-1-1200x800.jpg\" alt=\"\" class=\"wp-image-106568\" srcset=\"https:\/\/tvtecjundiai.com.br\/news\/wp-content\/uploads\/sites\/2\/2023\/03\/f8db65c2-df33-43df-a398-8de5238cff77-1280x853-1-1200x800.jpg 1200w, https:\/\/tvtecjundiai.com.br\/news\/wp-content\/uploads\/sites\/2\/2023\/03\/f8db65c2-df33-43df-a398-8de5238cff77-1280x853-1-300x200.jpg 300w, https:\/\/tvtecjundiai.com.br\/news\/wp-content\/uploads\/sites\/2\/2023\/03\/f8db65c2-df33-43df-a398-8de5238cff77-1280x853-1-768x512.jpg 768w, https:\/\/tvtecjundiai.com.br\/news\/wp-content\/uploads\/sites\/2\/2023\/03\/f8db65c2-df33-43df-a398-8de5238cff77-1280x853-1.jpg 1280w\" sizes=\"auto, (max-width: 1200px) 100vw, 1200px\" \/><figcaption class=\"wp-element-caption\">Profissionais de oficinas de Jundia\u00ed e regi\u00e3o participaram do encontro t\u00e9cnico<\/figcaption><\/figure>\n\n\n\n<p><em><strong>(Fonte\/Imagem: Prefeitura de Jundia\u00ed)<\/strong><\/em><\/p>\n","protected":false},"excerpt":{"rendered":"<p>O encontro t\u00e9cnico, foi realizado nesta semana, no\u00a0Espa\u00e7o Jundia\u00ed Empreendedora.<\/p>\n","protected":false},"author":30,"featured_media":106566,"comment_status":"closed","ping_status":"0","sticky":false,"template":"","format":"standard","meta":{"footnotes":""},"categories":[3060,8356,1],"tags":[],"class_list":["post-106562","post","type-post","status-publish","format-standard","has-post-thumbnail","hentry","category-geral","category-jundiai","category-noticias"],"_links":{"self":[{"href":"https:\/\/tvtecjundiai.com.br\/news\/wp-json\/wp\/v2\/posts\/106562","targetHints":{"allow":["GET"]}}],"collection":[{"href":"https:\/\/tvtecjundiai.com.br\/news\/wp-json\/wp\/v2\/posts"}],"about":[{"href":"https:\/\/tvtecjundiai.com.br\/news\/wp-json\/wp\/v2\/types\/post"}],"author":[{"embeddable":true,"href":"https:\/\/tvtecjundiai.com.br\/news\/wp-json\/wp\/v2\/users\/30"}],"replies":[{"embeddable":true,"href":"https:\/\/tvtecjundiai.com.br\/news\/wp-json\/wp\/v2\/comments?post=106562"}],"version-history":[{"count":4,"href":"https:\/\/tvtecjundiai.com.br\/news\/wp-json\/wp\/v2\/posts\/106562\/revisions"}],"predecessor-version":[{"id":106570,"href":"https:\/\/tvtecjundiai.com.br\/news\/wp-json\/wp\/v2\/posts\/106562\/revisions\/106570"}],"wp:featuredmedia":[{"embeddable":true,"href":"https:\/\/tvtecjundiai.com.br\/news\/wp-json\/wp\/v2\/media\/106566"}],"wp:attachment":[{"href":"https:\/\/tvtecjundiai.com.br\/news\/wp-json\/wp\/v2\/media?parent=106562"}],"wp:term":[{"taxonomy":"category","embeddable":true,"href":"https:\/\/tvtecjundiai.com.br\/news\/wp-json\/wp\/v2\/categories?post=106562"},{"taxonomy":"post_tag","embeddable":true,"href":"https:\/\/tvtecjundiai.com.br\/news\/wp-json\/wp\/v2\/tags?post=106562"}],"curies":[{"name":"wp","href":"https:\/\/api.w.org\/{rel}","templated":true}]}}