{"id":106571,"date":"2023-03-17T09:42:13","date_gmt":"2023-03-17T12:42:13","guid":{"rendered":"https:\/\/tvtecjundiai.com.br\/news\/?p=106571"},"modified":"2023-03-17T09:42:19","modified_gmt":"2023-03-17T12:42:19","slug":"biblioteca-municipal-sedia-evento-aprendendo-pitch-ideal-para-empreendedores-no-sabado-18","status":"publish","type":"post","link":"https:\/\/tvtecjundiai.com.br\/news\/2023\/03\/17\/biblioteca-municipal-sedia-evento-aprendendo-pitch-ideal-para-empreendedores-no-sabado-18\/","title":{"rendered":"Biblioteca Municipal sedia evento &#8216;Aprendendo Pitch Ideal&#8217; para empreendedores no s\u00e1bado (18)"},"content":{"rendered":"\n<p>A Unidade de Gest\u00e3o de Cultura (UGC), por meio da Biblioteca P\u00fablica Municipal Prof. Nelson Foot (BNF) sedia, no pr\u00f3ximo s\u00e1bado (18), das 10h \u00e0s 17h, a primeira edi\u00e7\u00e3o do \u201cAprendendo Pitch Ideal\u201d. O evento, \u00e9 uma iniciativa do Grupo iv2 e do Coletivo #PretaEU com o apoio do Grape Valley e da Facul iv2.<\/p>\n\n\n\n<p>De acordo com os organizadores, o objetivo do evento \u00e9 ensinar ao pequeno empreendedor a falar sobre o seu neg\u00f3cio ao mercado, por meio de pr\u00e1ticas ESG (Environment, Social &amp; Governance) ou no portugu\u00eas (Ambiental, Social e Governan\u00e7a). O conceito refere-se \u00e0s boas pr\u00e1ticas empresariais que se preocupam com crit\u00e9rios ambientais, sociais e par\u00e2metros de excelente governan\u00e7a corporativa.<\/p>\n\n\n\n<figure class=\"wp-block-image size-large\"><img loading=\"lazy\" decoding=\"async\" width=\"1200\" height=\"800\" src=\"https:\/\/tvtecjundiai.com.br\/news\/wp-content\/uploads\/sites\/2\/2023\/03\/bibliotecaa-1200x800.jpg\" alt=\"\" class=\"wp-image-106572\" srcset=\"https:\/\/tvtecjundiai.com.br\/news\/wp-content\/uploads\/sites\/2\/2023\/03\/bibliotecaa-1200x800.jpg 1200w, https:\/\/tvtecjundiai.com.br\/news\/wp-content\/uploads\/sites\/2\/2023\/03\/bibliotecaa-300x200.jpg 300w, https:\/\/tvtecjundiai.com.br\/news\/wp-content\/uploads\/sites\/2\/2023\/03\/bibliotecaa-768x512.jpg 768w, https:\/\/tvtecjundiai.com.br\/news\/wp-content\/uploads\/sites\/2\/2023\/03\/bibliotecaa.jpg 1240w\" sizes=\"auto, (max-width: 1200px) 100vw, 1200px\" \/><\/figure>\n\n\n\n<p><\/p>\n\n\n\n<p>Os participantes durante todo o evento contar\u00e3o com as presen\u00e7as dos palestrantes e mentores especialistas em no\u00e7\u00f5es de comunica\u00e7\u00e3o corporativa e educa\u00e7\u00e3o empreendedora, conforme as tend\u00eancias da atualidade. Confirmadas as palestras de Maur\u00edcio Grandi, Leene Marques, Guilherme Ciuffi e F\u00e1bio Lucchini.<\/p>\n\n\n\n<p>Os mentores confirmados para a primeira edi\u00e7\u00e3o do \u201cAprendendo Pitch Ideal\u201d s\u00e3o: Stefanie Garcia, Victor Corazza, Igor dos Santos, Nayara Almeida, Jefferson Ibiapino, Larissa Silva, Diogo Cerchiaro e Raphael Gavino.<\/p>\n\n\n\n<p><strong>O Pitch Ideal<\/strong><\/p>\n\n\n\n<p>Considerado para muitos empreendedores, especialmente para aqueles que precisam ser feitos para investidores, o pitch nada mais \u00e9 do que uma r\u00e1pida apresenta\u00e7\u00e3o de um neg\u00f3cio, geralmente feita em at\u00e9 cinco minutos.&nbsp;<\/p>\n\n\n\n<p>Desta apresenta\u00e7\u00e3o depende o sucesso ou o fracasso de um empreendedor. Da\u00ed a necessidade de buscar o Pitch Ideal, ou seja, combinar uma explica\u00e7\u00e3o do neg\u00f3cio que seja r\u00e1pida, contenha as informa\u00e7\u00f5es essenciais e apresentadas verbalmente ou com o aux\u00edlio de material audiovisual.<\/p>\n\n\n\n<p>Segundo Michele Bueno, bibliotec\u00e1ria na BNF, este projeto \u00e9 uma forma pr\u00e1tica de viabilizar uma mudan\u00e7a a partir da aplica\u00e7\u00e3o de conceitos envolvendo linguagem e comunica\u00e7\u00e3o, elementos essenciais no universo liter\u00e1rio presente nas bibliotecas. \u201cA import\u00e2ncia deste projeto para a biblioteca est\u00e1 no fato de que apoiamos e acreditamos na import\u00e2ncia da aplica\u00e7\u00e3o de conhecimentos adquiridos para a solu\u00e7\u00e3o de problemas e consequente transforma\u00e7\u00e3o social\u201d.<\/p>\n\n\n\n<p>A Biblioteca est\u00e1 localizada dentro do Complexo Argos, na avenida Dr. Cavalcanti, 396 \u2013 vila Arens. O hor\u00e1rio de funcionamento de segunda a sexta-feira \u00e9 das 9h \u00e0s 21h. Aos s\u00e1bados e feriados, das 10h \u00e0s 17h. Mais informa\u00e7\u00f5es (11) 4527.2110<\/p>\n\n\n\n<p><\/p>\n","protected":false},"excerpt":{"rendered":"<p>Palestrantes especialistas em comunica\u00e7\u00e3o corporativa e educa\u00e7\u00e3o empreendedora estar\u00e3o presentes<\/p>\n","protected":false},"author":30,"featured_media":106572,"comment_status":"closed","ping_status":"0","sticky":false,"template":"","format":"standard","meta":{"footnotes":""},"categories":[8362,8356,1],"tags":[],"class_list":["post-106571","post","type-post","status-publish","format-standard","has-post-thumbnail","hentry","category-empreendedorismo","category-jundiai","category-noticias"],"_links":{"self":[{"href":"https:\/\/tvtecjundiai.com.br\/news\/wp-json\/wp\/v2\/posts\/106571","targetHints":{"allow":["GET"]}}],"collection":[{"href":"https:\/\/tvtecjundiai.com.br\/news\/wp-json\/wp\/v2\/posts"}],"about":[{"href":"https:\/\/tvtecjundiai.com.br\/news\/wp-json\/wp\/v2\/types\/post"}],"author":[{"embeddable":true,"href":"https:\/\/tvtecjundiai.com.br\/news\/wp-json\/wp\/v2\/users\/30"}],"replies":[{"embeddable":true,"href":"https:\/\/tvtecjundiai.com.br\/news\/wp-json\/wp\/v2\/comments?post=106571"}],"version-history":[{"count":1,"href":"https:\/\/tvtecjundiai.com.br\/news\/wp-json\/wp\/v2\/posts\/106571\/revisions"}],"predecessor-version":[{"id":106573,"href":"https:\/\/tvtecjundiai.com.br\/news\/wp-json\/wp\/v2\/posts\/106571\/revisions\/106573"}],"wp:featuredmedia":[{"embeddable":true,"href":"https:\/\/tvtecjundiai.com.br\/news\/wp-json\/wp\/v2\/media\/106572"}],"wp:attachment":[{"href":"https:\/\/tvtecjundiai.com.br\/news\/wp-json\/wp\/v2\/media?parent=106571"}],"wp:term":[{"taxonomy":"category","embeddable":true,"href":"https:\/\/tvtecjundiai.com.br\/news\/wp-json\/wp\/v2\/categories?post=106571"},{"taxonomy":"post_tag","embeddable":true,"href":"https:\/\/tvtecjundiai.com.br\/news\/wp-json\/wp\/v2\/tags?post=106571"}],"curies":[{"name":"wp","href":"https:\/\/api.w.org\/{rel}","templated":true}]}}