{"id":106580,"date":"2023-03-17T10:09:46","date_gmt":"2023-03-17T13:09:46","guid":{"rendered":"https:\/\/tvtecjundiai.com.br\/news\/?p=106580"},"modified":"2023-03-17T10:09:47","modified_gmt":"2023-03-17T13:09:47","slug":"ultimo-fim-de-semana-do-verao-sera-abafado-e-com-pancadas-de-chuva-em-jundiai","status":"publish","type":"post","link":"https:\/\/tvtecjundiai.com.br\/news\/2023\/03\/17\/ultimo-fim-de-semana-do-verao-sera-abafado-e-com-pancadas-de-chuva-em-jundiai\/","title":{"rendered":"\u00daltimo fim de semana do ver\u00e3o ser\u00e1 abafado e com pancadas de chuva em Jundia\u00ed"},"content":{"rendered":"\n<p>O \u00faltimo fim de semana do ver\u00e3o seguir\u00e1 o padr\u00e3o dos \u00faltimos dias, com altas temperaturas e pancadas de chuva em Jundia\u00ed. Segundo o Climatempo, os term\u00f4metros devem ficar entre 17\u00b0C e 30\u00b0C. O outono come\u00e7a oficialmente na segunda-feira, 20 de mar\u00e7o.<\/p>\n\n\n\n<p>Nesta sexta-feira (17), a previs\u00e3o \u00e9 de sol com muitas nuvens e pancadas de chuva \u00e0 tarde, que devem somar apenas 5mm. \u00c0 noite, o tempo fica aberto. Os term\u00f4metros ficam entre 18\u00b0C e 29\u00b0C.<\/p>\n\n\n<div class=\"wp-block-image\">\n<figure class=\"aligncenter size-large is-resized\"><img loading=\"lazy\" decoding=\"async\" src=\"https:\/\/tvtecjundiai.com.br\/news\/wp-content\/uploads\/sites\/2\/2023\/03\/WhatsApp-Image-2023-03-14-at-15.02.16-1200x900.jpeg\" alt=\"\" class=\"wp-image-106584\" width=\"630\" height=\"473\" srcset=\"https:\/\/tvtecjundiai.com.br\/news\/wp-content\/uploads\/sites\/2\/2023\/03\/WhatsApp-Image-2023-03-14-at-15.02.16-1200x900.jpeg 1200w, https:\/\/tvtecjundiai.com.br\/news\/wp-content\/uploads\/sites\/2\/2023\/03\/WhatsApp-Image-2023-03-14-at-15.02.16-300x225.jpeg 300w, https:\/\/tvtecjundiai.com.br\/news\/wp-content\/uploads\/sites\/2\/2023\/03\/WhatsApp-Image-2023-03-14-at-15.02.16-768x576.jpeg 768w, https:\/\/tvtecjundiai.com.br\/news\/wp-content\/uploads\/sites\/2\/2023\/03\/WhatsApp-Image-2023-03-14-at-15.02.16.jpeg 1280w\" sizes=\"auto, (max-width: 630px) 100vw, 630px\" \/><\/figure>\n<\/div>\n\n\n<p><\/p>\n\n\n\n<p>No s\u00e1bado (18), a previs\u00e3o \u00e9 de sol com muitas nuvens pela manh\u00e3, com pancadas de chuva \u00e0 tarde, que devem somar apenas 4mm. \u00c0 noite, o tempo fica aberto. Os term\u00f4metros ficam entre 17\u00b0C e 29\u00b0C.<\/p>\n\n\n\n<p>No domingo (19), o dia \u00e9 de sol com muitas nuvens e pancadas de chuva \u00e0 tarde e \u00e0 noite, que devem somar 10mm. Os term\u00f4metros ficam entre 18\u00b0C e 30\u00b0C, atingindo a m\u00e1xima prevista para o fim de semana.<\/p>\n\n\n\n<p><strong><em>(Fonte: TVTEC Jundia\u00ed\/Imagem: Larissa Gouvea)<\/em><\/strong><\/p>\n","protected":false},"excerpt":{"rendered":"<p>Segundo o Climatempo, os term\u00f4metros devem ficar entre 17\u00b0C e 30\u00b0C<\/p>\n","protected":false},"author":30,"featured_media":106584,"comment_status":"closed","ping_status":"0","sticky":false,"template":"","format":"standard","meta":{"footnotes":""},"categories":[3185,8356,1],"tags":[],"class_list":["post-106580","post","type-post","status-publish","format-standard","has-post-thumbnail","hentry","category-clima","category-jundiai","category-noticias"],"_links":{"self":[{"href":"https:\/\/tvtecjundiai.com.br\/news\/wp-json\/wp\/v2\/posts\/106580","targetHints":{"allow":["GET"]}}],"collection":[{"href":"https:\/\/tvtecjundiai.com.br\/news\/wp-json\/wp\/v2\/posts"}],"about":[{"href":"https:\/\/tvtecjundiai.com.br\/news\/wp-json\/wp\/v2\/types\/post"}],"author":[{"embeddable":true,"href":"https:\/\/tvtecjundiai.com.br\/news\/wp-json\/wp\/v2\/users\/30"}],"replies":[{"embeddable":true,"href":"https:\/\/tvtecjundiai.com.br\/news\/wp-json\/wp\/v2\/comments?post=106580"}],"version-history":[{"count":1,"href":"https:\/\/tvtecjundiai.com.br\/news\/wp-json\/wp\/v2\/posts\/106580\/revisions"}],"predecessor-version":[{"id":106585,"href":"https:\/\/tvtecjundiai.com.br\/news\/wp-json\/wp\/v2\/posts\/106580\/revisions\/106585"}],"wp:featuredmedia":[{"embeddable":true,"href":"https:\/\/tvtecjundiai.com.br\/news\/wp-json\/wp\/v2\/media\/106584"}],"wp:attachment":[{"href":"https:\/\/tvtecjundiai.com.br\/news\/wp-json\/wp\/v2\/media?parent=106580"}],"wp:term":[{"taxonomy":"category","embeddable":true,"href":"https:\/\/tvtecjundiai.com.br\/news\/wp-json\/wp\/v2\/categories?post=106580"},{"taxonomy":"post_tag","embeddable":true,"href":"https:\/\/tvtecjundiai.com.br\/news\/wp-json\/wp\/v2\/tags?post=106580"}],"curies":[{"name":"wp","href":"https:\/\/api.w.org\/{rel}","templated":true}]}}