{"id":106586,"date":"2023-03-17T13:33:53","date_gmt":"2023-03-17T16:33:53","guid":{"rendered":"https:\/\/tvtecjundiai.com.br\/news\/?p=106586"},"modified":"2023-03-17T13:33:54","modified_gmt":"2023-03-17T16:33:54","slug":"dia-mundial-da-saude-bucal-caminhoneiros-serao-orientados-na-bandeirantes","status":"publish","type":"post","link":"https:\/\/tvtecjundiai.com.br\/news\/2023\/03\/17\/dia-mundial-da-saude-bucal-caminhoneiros-serao-orientados-na-bandeirantes\/","title":{"rendered":"Dia Mundial da Sa\u00fade Bucal: caminhoneiros ser\u00e3o orientados na Bandeirantes"},"content":{"rendered":"\n<p>Os caminhoneiros que trafegam pelo Sistema Anhanguera-Bandeirantes receber\u00e3o na pr\u00f3xima segunda-feira (20), orienta\u00e7\u00f5es sobre a import\u00e2ncia dos cuidados com os dentes e a boca. A iniciativa marca o Dia Mundial da Sa\u00fade Bucal, celebrado nesta data. As informa\u00e7\u00f5es ser\u00e3o transmitidas por um profissional de odontologia na base do Programa Caminhos para a Sa\u00fade, localizada no km 53 da rodovia dos Bandeirantes, sentido Capital, em Jundia\u00ed.<\/p>\n\n\n\n<p>De acordo com a Organiza\u00e7\u00e3o Mundial da Sa\u00fade, a c\u00e1rie \u00e9 a segunda doen\u00e7a humana mais comum em todo o planeta. \u00c9 causada pela higieniza\u00e7\u00e3o bucal inadequada, tipo de dieta, tipo de bact\u00e9ria e pelo tempo em que esses tr\u00eas fatores atuam. Se n\u00e3o tratadas adequadamente, as c\u00e1ries se desenvolvem como uma ferrugem, destruindo o dente pouco a pouco, o que pode levar a uma infec\u00e7\u00e3o profunda que deve ser tratada atrav\u00e9s do canal. Por isso, \u00e9 muito importante ter aten\u00e7\u00e3o aos cuidados di\u00e1rios com a higiene bucal, manter uma alimenta\u00e7\u00e3o com baixo consumo de a\u00e7\u00facar e ir ao dentista periodicamente, para uma consulta de rotina, pois s\u00f3 ele consegue identificar a c\u00e1rie precocemente.<\/p>\n\n\n<div class=\"wp-block-image\">\n<figure class=\"aligncenter size-full\"><img loading=\"lazy\" decoding=\"async\" width=\"598\" height=\"398\" src=\"https:\/\/tvtecjundiai.com.br\/news\/wp-content\/uploads\/sites\/2\/2023\/03\/ccr.jpg\" alt=\"\" class=\"wp-image-106587\" srcset=\"https:\/\/tvtecjundiai.com.br\/news\/wp-content\/uploads\/sites\/2\/2023\/03\/ccr.jpg 598w, https:\/\/tvtecjundiai.com.br\/news\/wp-content\/uploads\/sites\/2\/2023\/03\/ccr-300x200.jpg 300w\" sizes=\"auto, (max-width: 598px) 100vw, 598px\" \/><\/figure>\n<\/div>\n\n\n<p><\/p>\n\n\n\n<p>Outro ponto importante que ser\u00e1 destacado aos motoristas de caminh\u00e3o \u00e9 que a falta de cuidados na sa\u00fade bucal pode desencadear problemas no cora\u00e7\u00e3o. Infec\u00e7\u00f5es gengivais e nos dentes possibilitam maior prolifera\u00e7\u00e3o de microrganismos e facilitam sua circula\u00e7\u00e3o livre pela corrente sangu\u00ednea, atingindo diversos \u00f3rg\u00e3os, entre eles, o cora\u00e7\u00e3o. A endocardite bacteriana, uma doen\u00e7a card\u00edaca grave, \u00e9 provocada por bact\u00e9rias e pode levar \u00e0 morte. Segundo o Instituto do Cora\u00e7\u00e3o (INCOR), quase metade das doen\u00e7as card\u00edacas come\u00e7a na boca.<\/p>\n\n\n\n<p>As orienta\u00e7\u00f5es sobre a sa\u00fade bucal ser\u00e3o transmitidas aos caminhoneiros durante as consultas odontol\u00f3gicas realizadas na base do Caminhos para a Sa\u00fade, bem como em rodas de conversa com os motoristas que passarem pelos demais atendimentos oferecidos pelo programa ao longo do dia. Ser\u00e3o entregues aos profissionais um kit de higiene, contendo escova de dentes, creme e fio dental.<\/p>\n\n\n\n<p>Al\u00e9m de equipamento odontol\u00f3gico e profissional da \u00e1rea, que realiza diversos procedimentos voltados \u00e0 sa\u00fade bucal, os caminhoneiros t\u00eam \u00e0 disposi\u00e7\u00e3o gratuitamente exames de glicemia, colesterol, aferi\u00e7\u00e3o da press\u00e3o arterial, c\u00e1lculo do \u00cdndice de Massa Corporal (IMC), entre outros.<\/p>\n\n\n\n<p><strong>Programa Caminhos para a Sa\u00fade<br><\/strong>Local: km 56 da rodovia dos Bandeirantes (sentido Capital), em Jundia\u00ed<br>Hor\u00e1rio de atendimento: de segunda a quinta-feira das 8h30 \u00e0s 12h30 e das 13h30 \u00e0s 17h30. Sextas-feiras das 8h30 \u00e0s 12h30 e das 13h30 \u00e0s 16h30.<br>Atendimento gratuito<\/p>\n\n\n\n<p><strong><em>(Fonte\/Imagem: Assessoria CCR AutoBAn)<\/em><\/strong><\/p>\n","protected":false},"excerpt":{"rendered":"<p>As informa\u00e7\u00f5es ser\u00e3o transmitidas por um profissional de odontologia no dia 20 de mar\u00e7o<\/p>\n","protected":false},"author":30,"featured_media":106587,"comment_status":"closed","ping_status":"0","sticky":false,"template":"","format":"standard","meta":{"footnotes":""},"categories":[8356,1,2839,8355],"tags":[],"class_list":["post-106586","post","type-post","status-publish","format-standard","has-post-thumbnail","hentry","category-jundiai","category-noticias","category-saude","category-saude-3"],"_links":{"self":[{"href":"https:\/\/tvtecjundiai.com.br\/news\/wp-json\/wp\/v2\/posts\/106586","targetHints":{"allow":["GET"]}}],"collection":[{"href":"https:\/\/tvtecjundiai.com.br\/news\/wp-json\/wp\/v2\/posts"}],"about":[{"href":"https:\/\/tvtecjundiai.com.br\/news\/wp-json\/wp\/v2\/types\/post"}],"author":[{"embeddable":true,"href":"https:\/\/tvtecjundiai.com.br\/news\/wp-json\/wp\/v2\/users\/30"}],"replies":[{"embeddable":true,"href":"https:\/\/tvtecjundiai.com.br\/news\/wp-json\/wp\/v2\/comments?post=106586"}],"version-history":[{"count":1,"href":"https:\/\/tvtecjundiai.com.br\/news\/wp-json\/wp\/v2\/posts\/106586\/revisions"}],"predecessor-version":[{"id":106588,"href":"https:\/\/tvtecjundiai.com.br\/news\/wp-json\/wp\/v2\/posts\/106586\/revisions\/106588"}],"wp:featuredmedia":[{"embeddable":true,"href":"https:\/\/tvtecjundiai.com.br\/news\/wp-json\/wp\/v2\/media\/106587"}],"wp:attachment":[{"href":"https:\/\/tvtecjundiai.com.br\/news\/wp-json\/wp\/v2\/media?parent=106586"}],"wp:term":[{"taxonomy":"category","embeddable":true,"href":"https:\/\/tvtecjundiai.com.br\/news\/wp-json\/wp\/v2\/categories?post=106586"},{"taxonomy":"post_tag","embeddable":true,"href":"https:\/\/tvtecjundiai.com.br\/news\/wp-json\/wp\/v2\/tags?post=106586"}],"curies":[{"name":"wp","href":"https:\/\/api.w.org\/{rel}","templated":true}]}}