{"id":106693,"date":"2023-03-20T09:20:15","date_gmt":"2023-03-20T12:20:15","guid":{"rendered":"https:\/\/tvtecjundiai.com.br\/news\/?p=106693"},"modified":"2023-03-20T09:20:16","modified_gmt":"2023-03-20T12:20:16","slug":"outono-comeca-com-altas-temperaturas-em-jundiai","status":"publish","type":"post","link":"https:\/\/tvtecjundiai.com.br\/news\/2023\/03\/20\/outono-comeca-com-altas-temperaturas-em-jundiai\/","title":{"rendered":"Outono come\u00e7a com altas temperaturas em Jundia\u00ed"},"content":{"rendered":"\n<p>O outono come\u00e7a oficialmente a partir das 18h25 desta segunda-feira (20). Em Jundia\u00ed, o in\u00edcio da esta\u00e7\u00e3o ser\u00e1 marcado por altas temperaturas e possibilidade de algumas pancadas de chuva, ainda muito parecido com o ver\u00e3o. Segundo o Climatempo, os term\u00f4metros ficam entre 18\u00b0C e 32\u00b0C.<\/p>\n\n\n<div class=\"wp-block-image\">\n<figure class=\"aligncenter size-large is-resized\"><img loading=\"lazy\" decoding=\"async\" src=\"https:\/\/tvtecjundiai.com.br\/news\/wp-content\/uploads\/sites\/2\/2023\/03\/WhatsApp-Image-2023-03-20-at-09.09.35-1200x900.jpeg\" alt=\"\" class=\"wp-image-106694\" width=\"639\" height=\"479\" srcset=\"https:\/\/tvtecjundiai.com.br\/news\/wp-content\/uploads\/sites\/2\/2023\/03\/WhatsApp-Image-2023-03-20-at-09.09.35-1200x900.jpeg 1200w, https:\/\/tvtecjundiai.com.br\/news\/wp-content\/uploads\/sites\/2\/2023\/03\/WhatsApp-Image-2023-03-20-at-09.09.35-300x225.jpeg 300w, https:\/\/tvtecjundiai.com.br\/news\/wp-content\/uploads\/sites\/2\/2023\/03\/WhatsApp-Image-2023-03-20-at-09.09.35-768x576.jpeg 768w, https:\/\/tvtecjundiai.com.br\/news\/wp-content\/uploads\/sites\/2\/2023\/03\/WhatsApp-Image-2023-03-20-at-09.09.35.jpeg 1280w\" sizes=\"auto, (max-width: 639px) 100vw, 639px\" \/><\/figure>\n<\/div>\n\n\n<p><\/p>\n\n\n\n<p><strong>Confira a previs\u00e3o detalhada, de acordo com o Climatempo<\/strong><\/p>\n\n\n\n<p><strong>Segunda-feira (20):<\/strong> Sol e aumento de nuvens pela manh\u00e3, com pancadas de chuva \u00e0 tarde e \u00e0 noite que devem somar 10mm. A temperatura fica entre 20\u00b0C e 31\u00b0C.<\/p>\n\n\n\n<p><strong>Ter\u00e7a-feira (21):<\/strong> Sol e aumento de nuvens pela manh\u00e3, com pancadas de chuva \u00e0 tarde que devem somar 10mm. \u00c0 noite, o tempo fica aberto. Os term\u00f4metros ficam entre 18\u00b0C e 31\u00b0C.<\/p>\n\n\n\n<p><strong>Quarta-feira (22):<\/strong> Sol e aumento de nuvens pela manh\u00e3, com pancadas de chuva \u00e0 tarde e \u00e0 noite que devem somar 10mm. Os term\u00f4metros ficam entre 20\u00b0C e 31\u00b0C.<\/p>\n\n\n\n<p><strong>Quinta-feira (23):<\/strong> Sol e aumento de nuvens pela manh\u00e3, com pancadas de chuva \u00e0 tarde e \u00e0 noite que devem somar 6mm. A temperatura fica entre 18\u00b0C e 31\u00b0C.<\/p>\n\n\n\n<p><strong>Sexta-feira (24):<\/strong> Sol e aumento de nuvens pela manh\u00e3, com pancadas de chuva \u00e0 tarde e \u00e0 noite que devem somar 7mm. Os term\u00f4metros ficam entre 18\u00b0C e 32\u00b0C, atingindo a m\u00e1xima prevista para a semana.<\/p>\n\n\n\n<p><strong><em>(Fonte: TVTEC Jundia\u00ed\/Imagem: Juliano Justino)<\/em><\/strong><\/p>\n","protected":false},"excerpt":{"rendered":"<p>Segundo o Climatempo, os term\u00f4metros ficam entre 18\u00b0C e 32\u00b0C<\/p>\n","protected":false},"author":30,"featured_media":106694,"comment_status":"closed","ping_status":"0","sticky":false,"template":"","format":"standard","meta":{"footnotes":""},"categories":[3185,8356,1],"tags":[],"class_list":["post-106693","post","type-post","status-publish","format-standard","has-post-thumbnail","hentry","category-clima","category-jundiai","category-noticias"],"_links":{"self":[{"href":"https:\/\/tvtecjundiai.com.br\/news\/wp-json\/wp\/v2\/posts\/106693","targetHints":{"allow":["GET"]}}],"collection":[{"href":"https:\/\/tvtecjundiai.com.br\/news\/wp-json\/wp\/v2\/posts"}],"about":[{"href":"https:\/\/tvtecjundiai.com.br\/news\/wp-json\/wp\/v2\/types\/post"}],"author":[{"embeddable":true,"href":"https:\/\/tvtecjundiai.com.br\/news\/wp-json\/wp\/v2\/users\/30"}],"replies":[{"embeddable":true,"href":"https:\/\/tvtecjundiai.com.br\/news\/wp-json\/wp\/v2\/comments?post=106693"}],"version-history":[{"count":1,"href":"https:\/\/tvtecjundiai.com.br\/news\/wp-json\/wp\/v2\/posts\/106693\/revisions"}],"predecessor-version":[{"id":106695,"href":"https:\/\/tvtecjundiai.com.br\/news\/wp-json\/wp\/v2\/posts\/106693\/revisions\/106695"}],"wp:featuredmedia":[{"embeddable":true,"href":"https:\/\/tvtecjundiai.com.br\/news\/wp-json\/wp\/v2\/media\/106694"}],"wp:attachment":[{"href":"https:\/\/tvtecjundiai.com.br\/news\/wp-json\/wp\/v2\/media?parent=106693"}],"wp:term":[{"taxonomy":"category","embeddable":true,"href":"https:\/\/tvtecjundiai.com.br\/news\/wp-json\/wp\/v2\/categories?post=106693"},{"taxonomy":"post_tag","embeddable":true,"href":"https:\/\/tvtecjundiai.com.br\/news\/wp-json\/wp\/v2\/tags?post=106693"}],"curies":[{"name":"wp","href":"https:\/\/api.w.org\/{rel}","templated":true}]}}