{"id":106714,"date":"2023-03-20T12:11:47","date_gmt":"2023-03-20T15:11:47","guid":{"rendered":"https:\/\/tvtecjundiai.com.br\/news\/?p=106714"},"modified":"2023-03-20T12:11:52","modified_gmt":"2023-03-20T15:11:52","slug":"propostas-do-plano-municipal-de-politica-sobre-drogas-sao-validadas-em-reuniao","status":"publish","type":"post","link":"https:\/\/tvtecjundiai.com.br\/news\/2023\/03\/20\/propostas-do-plano-municipal-de-politica-sobre-drogas-sao-validadas-em-reuniao\/","title":{"rendered":"Propostas do Plano Municipal de Pol\u00edtica sobre Drogas s\u00e3o validadas em reuni\u00e3o"},"content":{"rendered":"\n<p>O Conselho Municipal de Pol\u00edticas sobre Drogas (COMAD), \u00f3rg\u00e3o vinculado \u00e0 Unidade de Gest\u00e3o da Casa Civil, promoveu um encontro intersetorial para valida\u00e7\u00e3o das 63 propostas que ir\u00e3o integrar o Plano Municipal de Pol\u00edtica sobre Drogas. O Plano \u00e9 uma iniciativa da Unidade de Gest\u00e3o da Casa Civil, por meio da Assessoria de Pol\u00edticas de Direitos Humanos, em articula\u00e7\u00e3o com a Unidade de Gest\u00e3o de Promo\u00e7\u00e3o da Sa\u00fade (UGPS) \u2013 Coordena\u00e7\u00e3o de Sa\u00fade Mental, \u00c1lcool e outras Drogas e COMAD.<\/p>\n\n\n\n<p>As propostas foram constru\u00eddas com base em escutas setoriais com as demais Unidades de Gest\u00e3o, \u00f3rg\u00e3os e institui\u00e7\u00f5es municipais, al\u00e9m da sociedade civil. Os trabalhos foram iniciados no segundo semestre de 2022 e a previs\u00e3o \u00e9 que o Plano seja entregue no primeiro semestre de 2023.<\/p>\n\n\n\n<p>\u201cO envolvimento do poder p\u00fablico com diversas \u00e1reas e com a sociedade civil foi fundamental para a constru\u00e7\u00e3o de um Plano completo e eficaz. O combate ao \u00e1lcool e outras drogas \u00e9 essencial para a constru\u00e7\u00e3o de uma sociedade mais saud\u00e1vel e desenvolvida\u201d, afirma o Gestor da Casa Civil, Dr. Gustavo Maryssael.<\/p>\n\n\n\n<figure class=\"wp-block-image size-large\"><img loading=\"lazy\" decoding=\"async\" width=\"1200\" height=\"801\" src=\"https:\/\/tvtecjundiai.com.br\/news\/wp-content\/uploads\/sites\/2\/2023\/03\/workshop-plano-municipal-sobre-drogas_fm_-1-1280x854-1-1200x801.jpg\" alt=\"\" class=\"wp-image-106715\" srcset=\"https:\/\/tvtecjundiai.com.br\/news\/wp-content\/uploads\/sites\/2\/2023\/03\/workshop-plano-municipal-sobre-drogas_fm_-1-1280x854-1-1200x801.jpg 1200w, https:\/\/tvtecjundiai.com.br\/news\/wp-content\/uploads\/sites\/2\/2023\/03\/workshop-plano-municipal-sobre-drogas_fm_-1-1280x854-1-300x200.jpg 300w, https:\/\/tvtecjundiai.com.br\/news\/wp-content\/uploads\/sites\/2\/2023\/03\/workshop-plano-municipal-sobre-drogas_fm_-1-1280x854-1-768x512.jpg 768w, https:\/\/tvtecjundiai.com.br\/news\/wp-content\/uploads\/sites\/2\/2023\/03\/workshop-plano-municipal-sobre-drogas_fm_-1-1280x854-1.jpg 1280w\" sizes=\"auto, (max-width: 1200px) 100vw, 1200px\" \/><figcaption class=\"wp-element-caption\">Propostas foram validadas em encontro realizado na sexta-feira (17)<\/figcaption><\/figure>\n\n\n\n<p><\/p>\n\n\n\n<p>\u201cO uso de sust\u00e2ncias \u00e9 um problema que afeta al\u00e9m da sa\u00fade e seguran\u00e7a p\u00fablica. Ele causa impacto na educa\u00e7\u00e3o, na carreira profissional e nas fam\u00edlias. O Plano ir\u00e1 agir de forma global com o intuito de proteger o cidad\u00e3o e as pessoas ao redor\u201d, comenta o Assessor de Direitos Humanos, Paulo Fernando de Almeida.<\/p>\n\n\n\n<p>O presidente do COMAD, Ilson Silva Santos, explica que as propostas foram estruturadas em cinco eixos: Preven\u00e7\u00e3o, Cuidado e Tratamento, Diminui\u00e7\u00e3o da oferta, Avalia\u00e7\u00e3o e Pesquisa e Gest\u00e3o e Governan\u00e7a. \u201cEle trar\u00e1 uma melhor compreens\u00e3o e promover\u00e1 o acolhimento e amparo das pessoas com sofrimento ps\u00edquico. O trabalho com a preven\u00e7\u00e3o \u00e9 algo fundamental\u201d, opina.<\/p>\n\n\n\n<p>\u201cTodas essas propostas est\u00e3o sendo constru\u00eddas, de forma detalhada, desde as primeiras reuni\u00f5es. A participa\u00e7\u00e3o de diversas \u00e1reas e da sociedade foi fundamental para uma formula\u00e7\u00e3o eficaz e completa do Plano, pois o uso de \u00e1lcool e outras drogas podem come\u00e7ar por v\u00e1rios fatores\u201d, avalia o Coordenador da Sa\u00fade Mental, \u00c1lcool e Outras Drogas, Alexandre Moreno Sandri.<\/p>\n\n\n\n<p><strong><em>(Fonte\/Imagem: Prefeitura de Jundia\u00ed)<\/em><\/strong><\/p>\n","protected":false},"excerpt":{"rendered":"<p>As propostas foram constru\u00eddas com base em escutas setoriais<\/p>\n","protected":false},"author":30,"featured_media":106715,"comment_status":"closed","ping_status":"0","sticky":false,"template":"","format":"standard","meta":{"footnotes":""},"categories":[8357,8356,1],"tags":[],"class_list":["post-106714","post","type-post","status-publish","format-standard","has-post-thumbnail","hentry","category-gestao","category-jundiai","category-noticias"],"_links":{"self":[{"href":"https:\/\/tvtecjundiai.com.br\/news\/wp-json\/wp\/v2\/posts\/106714","targetHints":{"allow":["GET"]}}],"collection":[{"href":"https:\/\/tvtecjundiai.com.br\/news\/wp-json\/wp\/v2\/posts"}],"about":[{"href":"https:\/\/tvtecjundiai.com.br\/news\/wp-json\/wp\/v2\/types\/post"}],"author":[{"embeddable":true,"href":"https:\/\/tvtecjundiai.com.br\/news\/wp-json\/wp\/v2\/users\/30"}],"replies":[{"embeddable":true,"href":"https:\/\/tvtecjundiai.com.br\/news\/wp-json\/wp\/v2\/comments?post=106714"}],"version-history":[{"count":1,"href":"https:\/\/tvtecjundiai.com.br\/news\/wp-json\/wp\/v2\/posts\/106714\/revisions"}],"predecessor-version":[{"id":106716,"href":"https:\/\/tvtecjundiai.com.br\/news\/wp-json\/wp\/v2\/posts\/106714\/revisions\/106716"}],"wp:featuredmedia":[{"embeddable":true,"href":"https:\/\/tvtecjundiai.com.br\/news\/wp-json\/wp\/v2\/media\/106715"}],"wp:attachment":[{"href":"https:\/\/tvtecjundiai.com.br\/news\/wp-json\/wp\/v2\/media?parent=106714"}],"wp:term":[{"taxonomy":"category","embeddable":true,"href":"https:\/\/tvtecjundiai.com.br\/news\/wp-json\/wp\/v2\/categories?post=106714"},{"taxonomy":"post_tag","embeddable":true,"href":"https:\/\/tvtecjundiai.com.br\/news\/wp-json\/wp\/v2\/tags?post=106714"}],"curies":[{"name":"wp","href":"https:\/\/api.w.org\/{rel}","templated":true}]}}